{"id":2435,"date":"2018-11-15T09:17:37","date_gmt":"2018-11-15T09:17:37","guid":{"rendered":"http:\/\/mvsi.hu\/uj\/?p=2435"},"modified":"2018-11-15T09:17:37","modified_gmt":"2018-11-15T09:17:37","slug":"sztankovics-anna-utazhat-a-vilagbajnoksagra","status":"publish","type":"post","link":"https:\/\/mvsi.hu\/?p=2435","title":{"rendered":"Sztankovics Anna utazhat a vil\u00e1gbajnoks\u00e1gra"},"content":{"rendered":"<p>A Miskolc V\u00e1rosi Sportiskola (MVSI) sz\u00edneit k\u00e9pvisel\u0151 Sztankovics Anna is tagja a decemberi k\u00ednai r\u00f6vid-p\u00e1ly\u00e1s \u00fasz\u00f3 vil\u00e1gbajnoks\u00e1gon indul\u00f3 magyar v\u00e1logatottnak.<\/p>\n<p>H\u00e1rom n\u0151i \u00e9s t\u00edz f\u00e9rfiversenyz\u0151 utazik Hangcsouba, a december 11-t\u0151l 16-ig tart\u00f3 r\u00f6vid p\u00e1ly\u00e1s vil\u00e1gbajnoks\u00e1gra.\u00a0 A Magyar \u00dasz\u00f3 Sz\u00f6vets\u00e9g (M\u00daSZ) szerdai eln\u00f6ks\u00e9gi \u00fcl\u00e9s\u00e9n elfogadta dr.\u00a0S\u00f3s Csaba\u00a0sz\u00f6vets\u00e9gi kapit\u00e1ny javaslat\u00e1t, amelyet az edz\u0151bizotts\u00e1ggal egyet\u00e9rt\u00e9sben terjesztett a test\u00fclet el\u00e9.<\/p>\n<p>Az MVSI k\u00e9tszeres olimpikon versenyz\u0151je, aki m\u00falt h\u00e9ten \u00fajabb k\u00e9t bajnoki arannyal gyarap\u00edtotta gy\u0171jtem\u00e9ny\u00e9t a sz\u00e1zhalombattai r\u00f6vidp\u00e1ly\u00e1s orsz\u00e1gos bajnoks\u00e1gon, Hossz\u00fa Katink\u00e1val \u00e9s Kap\u00e1s Bogl\u00e1rk\u00e1val alkotja a n\u0151i csapatot.<\/p>\n<p>A csapat november 28-\u00e1n indul, a vb helysz\u00edn\u00e9hez k\u00f6zeli nagyv\u00e1rosban, Sanghajban lesz az akklimatiz\u00e1ci\u00f3s edz\u0151t\u00e1bor, a v\u00e1logatott innen utazik \u00e1t a helysz\u00ednre, k\u00e9t nappal a december 11-i vb-rajt el\u0151tt.<\/p>\n","protected":false},"excerpt":{"rendered":"<p>A Miskolc V\u00e1rosi Sportiskola (MVSI) sz\u00edneit k\u00e9pvisel\u0151 Sztankovics Anna is tagja a decemberi k\u00ednai r\u00f6vid-p\u00e1ly\u00e1s \u00fasz\u00f3 vil\u00e1gbajnoks\u00e1gon indul\u00f3 magyar v\u00e1logatottnak. H\u00e1rom n\u0151i \u00e9s t\u00edz f\u00e9rfiversenyz\u0151 utazik Hangcsouba, a december 11-t\u0151l 16-ig tart\u00f3 r\u00f6vid p\u00e1ly\u00e1s vil\u00e1gbajnoks\u00e1gra.\u00a0 A Magyar \u00dasz\u00f3 Sz\u00f6vets\u00e9g (M\u00daSZ) szerdai eln\u00f6ks\u00e9gi \u00fcl\u00e9s\u00e9n elfogadta dr.\u00a0S\u00f3s Csaba\u00a0sz\u00f6vets\u00e9gi kapit\u00e1ny javaslat\u00e1t, amelyet az edz\u0151bizotts\u00e1ggal egyet\u00e9rt\u00e9sben terjesztett a test\u00fclet [&hellip;]<\/p>\n","protected":false},"author":1,"featured_media":2436,"comment_status":"closed","ping_status":"open","sticky":false,"template":"","format":"standard","meta":{"footnotes":""},"categories":[166,164],"tags":[],"class_list":["post-2435","post","type-post","status-publish","format-standard","has-post-thumbnail","hentry","category-kiemelt","category-uszas"],"_links":{"self":[{"href":"https:\/\/mvsi.hu\/index.php?rest_route=\/wp\/v2\/posts\/2435","targetHints":{"allow":["GET"]}}],"collection":[{"href":"https:\/\/mvsi.hu\/index.php?rest_route=\/wp\/v2\/posts"}],"about":[{"href":"https:\/\/mvsi.hu\/index.php?rest_route=\/wp\/v2\/types\/post"}],"author":[{"embeddable":true,"href":"https:\/\/mvsi.hu\/index.php?rest_route=\/wp\/v2\/users\/1"}],"replies":[{"embeddable":true,"href":"https:\/\/mvsi.hu\/index.php?rest_route=%2Fwp%2Fv2%2Fcomments&post=2435"}],"version-history":[{"count":0,"href":"https:\/\/mvsi.hu\/index.php?rest_route=\/wp\/v2\/posts\/2435\/revisions"}],"wp:featuredmedia":[{"embeddable":true,"href":"https:\/\/mvsi.hu\/index.php?rest_route=\/wp\/v2\/media\/2436"}],"wp:attachment":[{"href":"https:\/\/mvsi.hu\/index.php?rest_route=%2Fwp%2Fv2%2Fmedia&parent=2435"}],"wp:term":[{"taxonomy":"category","embeddable":true,"href":"https:\/\/mvsi.hu\/index.php?rest_route=%2Fwp%2Fv2%2Fcategories&post=2435"},{"taxonomy":"post_tag","embeddable":true,"href":"https:\/\/mvsi.hu\/index.php?rest_route=%2Fwp%2Fv2%2Ftags&post=2435"}],"curies":[{"name":"wp","href":"https:\/\/api.w.org\/{rel}","templated":true}]}}