{"id":2637,"date":"2019-01-28T12:49:50","date_gmt":"2019-01-28T12:49:50","guid":{"rendered":"http:\/\/mvsi.hu\/uj\/?p=2637"},"modified":"2019-01-28T14:41:16","modified_gmt":"2019-01-28T14:41:16","slug":"kivaloan-teljesito-mvsi-ujoncok","status":"publish","type":"post","link":"https:\/\/mvsi.hu\/?p=2637","title":{"rendered":"Kiv\u00e1l\u00f3an teljes\u00edt\u0151 MVSI-\u00fajoncok"},"content":{"rendered":"<p>A Miskolc V\u00e1rosi Sportiskola (MVSI) sportol\u00f3i janu\u00e1r<br \/>\n26-27-\u00e9n, Budapesten, Magyarorsz\u00e1g Fedettp\u00e1ly\u00e1s \u00dajonc Atl\u00e9tikai Bajnoks\u00e1g\u00e1n vettek r\u00e9szt. Z\u00e1mbori Zolt\u00e1n \u00e9s Majkut Gergely tan\u00edtv\u00e1nyai remek\u00fcl szerepeltek, egy bajnoki c\u00edm \u00e9s egy ez\u00fcst\u00e9rem mellett t\u00f6bb \u00e9rt\u00e9kes pontokat jelent\u0151 helyez\u00e9st is ki\u00e9rdemeltek, r\u00e1ad\u00e1sk\u00e9nt a fiatalok egy\u00e9ni cs\u00facsaikat is t\u00f6bbsz\u00f6r t\u00falsz\u00e1rnyalt\u00e1k.<\/p>\n<p><strong>Eredm\u00e9nyek<\/strong><br \/>\n<strong>Fi\u00fak<\/strong>:<br \/>\n<strong>60 m<\/strong>: 1. K\u00e9sely P\u00e9ter, 7.89 mp (edz\u0151: Majkut Gergely, nevel\u0151edz\u0151: Antaln\u00e9 M\u00e1ri\u00e1si Erika).<br \/>\n<strong>T\u00e1volugr\u00e1s<\/strong>: 4. K\u00e9sely P\u00e9ter ,505 cm<br \/>\n<strong>600 m<\/strong>: 5. Nagy D\u00e1niel, 1:47.21 perc<br \/>\n<strong>2000 m<\/strong>: 5. Nagy D\u00e1niel, 7:18.17, 6. Nagy Levente, 7:23.13<\/p>\n<p><img loading=\"lazy\" decoding=\"async\" class=\"alignnone size-large wp-image-2643\" src=\"https:\/\/mvsi.hu\/uj\/wp-content\/uploads\/2019\/01\/MVSI-atletik-ez\u00fcst-1024x768.jpg\" alt=\"\" width=\"600\" height=\"450\" srcset=\"https:\/\/mvsi.hu\/wp-content\/uploads\/2019\/01\/MVSI-atletik-ez\u00fcst-1024x768.jpg 1024w, https:\/\/mvsi.hu\/wp-content\/uploads\/2019\/01\/MVSI-atletik-ez\u00fcst-300x225.jpg 300w, https:\/\/mvsi.hu\/wp-content\/uploads\/2019\/01\/MVSI-atletik-ez\u00fcst-768x576.jpg 768w, https:\/\/mvsi.hu\/wp-content\/uploads\/2019\/01\/MVSI-atletik-ez\u00fcst-360x270.jpg 360w, https:\/\/mvsi.hu\/wp-content\/uploads\/2019\/01\/MVSI-atletik-ez\u00fcst.jpg 1872w\" sizes=\"auto, (max-width: 600px) 100vw, 600px\" \/><\/p>\n<p><strong>Le\u00e1nyok<\/strong>:<br \/>\n<strong>60 m<\/strong>: 2. Ill\u00e9s Borka, 8.50 mp<br \/>\n<strong>T\u00e1volugr\u00e1s<\/strong>: 5. Lalik Petra, 473 cm.<\/p>\n","protected":false},"excerpt":{"rendered":"<p>A Miskolc V\u00e1rosi Sportiskola (MVSI) sportol\u00f3i janu\u00e1r 26-27-\u00e9n, Budapesten, Magyarorsz\u00e1g Fedettp\u00e1ly\u00e1s \u00dajonc Atl\u00e9tikai Bajnoks\u00e1g\u00e1n vettek r\u00e9szt. Z\u00e1mbori Zolt\u00e1n \u00e9s Majkut Gergely tan\u00edtv\u00e1nyai remek\u00fcl szerepeltek, egy bajnoki c\u00edm \u00e9s egy ez\u00fcst\u00e9rem mellett t\u00f6bb \u00e9rt\u00e9kes pontokat jelent\u0151 helyez\u00e9st is ki\u00e9rdemeltek, r\u00e1ad\u00e1sk\u00e9nt a fiatalok egy\u00e9ni cs\u00facsaikat is t\u00f6bbsz\u00f6r t\u00falsz\u00e1rnyalt\u00e1k. Eredm\u00e9nyek Fi\u00fak: 60 m: 1. K\u00e9sely P\u00e9ter, 7.89 mp [&hellip;]<\/p>\n","protected":false},"author":1,"featured_media":2639,"comment_status":"closed","ping_status":"open","sticky":false,"template":"","format":"standard","meta":{"footnotes":""},"categories":[151,166],"tags":[],"class_list":["post-2637","post","type-post","status-publish","format-standard","has-post-thumbnail","hentry","category-atletika","category-kiemelt"],"_links":{"self":[{"href":"https:\/\/mvsi.hu\/index.php?rest_route=\/wp\/v2\/posts\/2637","targetHints":{"allow":["GET"]}}],"collection":[{"href":"https:\/\/mvsi.hu\/index.php?rest_route=\/wp\/v2\/posts"}],"about":[{"href":"https:\/\/mvsi.hu\/index.php?rest_route=\/wp\/v2\/types\/post"}],"author":[{"embeddable":true,"href":"https:\/\/mvsi.hu\/index.php?rest_route=\/wp\/v2\/users\/1"}],"replies":[{"embeddable":true,"href":"https:\/\/mvsi.hu\/index.php?rest_route=%2Fwp%2Fv2%2Fcomments&post=2637"}],"version-history":[{"count":0,"href":"https:\/\/mvsi.hu\/index.php?rest_route=\/wp\/v2\/posts\/2637\/revisions"}],"wp:featuredmedia":[{"embeddable":true,"href":"https:\/\/mvsi.hu\/index.php?rest_route=\/wp\/v2\/media\/2639"}],"wp:attachment":[{"href":"https:\/\/mvsi.hu\/index.php?rest_route=%2Fwp%2Fv2%2Fmedia&parent=2637"}],"wp:term":[{"taxonomy":"category","embeddable":true,"href":"https:\/\/mvsi.hu\/index.php?rest_route=%2Fwp%2Fv2%2Fcategories&post=2637"},{"taxonomy":"post_tag","embeddable":true,"href":"https:\/\/mvsi.hu\/index.php?rest_route=%2Fwp%2Fv2%2Ftags&post=2637"}],"curies":[{"name":"wp","href":"https:\/\/api.w.org\/{rel}","templated":true}]}}