{"id":2658,"date":"2019-02-08T13:14:59","date_gmt":"2019-02-08T13:14:59","guid":{"rendered":"http:\/\/mvsi.hu\/?p=2658"},"modified":"2019-02-08T13:48:29","modified_gmt":"2019-02-08T13:48:29","slug":"komlosi-es-konczvald-aranyermes-lett-a-serdulo-ob-n","status":"publish","type":"post","link":"https:\/\/mvsi.hu\/?p=2658","title":{"rendered":"Koml\u00f3si \u00e9s Konczvald arany\u00e9rmes lett a serd\u00fcl\u0151 ob-n"},"content":{"rendered":"\n<p>Hat \u00e9rmet, k\u00f6zte k\u00e9t aranyat \u00e9rdemeltek ki a Miskolci Sportiskola fiataljai a febru\u00e1r els\u0151 h\u00e9tv\u00e9g\u00e9j\u00e9n, Budapesten megrendezett serd\u00fcl\u0151 (14-15 \u00e9vesek) korcsoportos fedettp\u00e1ly\u00e1s atl\u00e9tikai orsz\u00e1gos bajnoks\u00e1gon. A &nbsp;De\u00e1k G\u00e9za, Majkut Gergely, Sz\u0171cs J\u00f3zsef, Tigyi J\u00f3zsef \u00e9s Z\u00e1mbori Zolt\u00e1n \u00e1ltal felk\u00e9sz\u00edtett sportol\u00f3k remek\u00fcl helyt \u00e1lltak a k\u00e9tnapos versenyen ,amit a med\u00e1lok mellett a tov\u00e1bbi \u00e9rt\u00e9kes helyez\u00e9sek is mutatnak. A legeredm\u00e9nyesebb miskolci versenyz\u0151 Koml\u00f3si Panni volt ,aki a t\u0151le egy \u00e9vvel id\u0151sebbekkel telet\u0171zdelt mez\u0151nyben is egy arany \u00e9s egy ez\u00fcst\u00e9rmet is szerzett. K\u00fcl\u00f6n dics\u00e9ret illeti a gyalogl\u00e1sban bajnoki c\u00edmet ki\u00e9rdeml\u0151 Konczvald Tam\u00e1st is.<\/p>\n\n\n\n<p>Eredm\u00e9nyek <br>Le\u00e1nyok, <br>\u00f6t\u00f6sugr\u00e1s:  <br>1. Koml\u00f3si Panni, 16,07m\u00e9ter (a bajnok edz\u0151je: Tigyi J\u00f3zsef),  <br>\u20263. R\u0151czei Gr\u00e9ta, 15,62 m <br>T\u00e1volugr\u00e1s:  <br>2. Koml\u00f3si Panni, 535 cm,  <br>\u20265. Kucsma Kinga 503 cm <br>300 m: 2. Kucsma Kinga, 42,37 mp <br>60 m g\u00e1t: 4.F\u00fcl\u00f6p Alexa, 9,25 mp <br>3 km gyalogl\u00e1s: 4.Hassan Mirjam, 17:23,09 perc <br>4&#215;200 m: 4. MVSI (R\u0151czei Gr\u00e9ta, Kucsma Kinga, G\u00e1l Nikolett, F\u00fcl\u00f6p Alexa) 1:50,37 perc <br>60 m: 8.Batfalszki Blanka, 8,19 mp <\/p>\n\n\n\n<p>Fi\u00fak:  3 km gyalogl\u00e1s:  <br>1.Konczvald Tam\u00e1s, 15:18,29 perc (a bajnok edz\u0151je: Sz\u0171cs J\u00f3zsef),  <br>\u20263. Kocsis Bern\u00e1t Bendeg\u00faz, 16:25,59 perc <br>3000 m: 4.Kov\u00e1cs M\u00e1t\u00e9, 10:01,88 perc <br>1500 m: 5. Kov\u00e1cs M\u00e1t\u00e9, 4:40,80 perc.<\/p>\n\n\n\n<figure class=\"wp-block-image\"><img loading=\"lazy\" decoding=\"async\" width=\"720\" height=\"960\" src=\"https:\/\/mvsi.hu\/wp-content\/uploads\/2019\/02\/fecett-ob-gyalogl\u00e1s.jpg\" alt=\"\" class=\"wp-image-2668\" srcset=\"https:\/\/mvsi.hu\/wp-content\/uploads\/2019\/02\/fecett-ob-gyalogl\u00e1s.jpg 720w, https:\/\/mvsi.hu\/wp-content\/uploads\/2019\/02\/fecett-ob-gyalogl\u00e1s-225x300.jpg 225w\" sizes=\"auto, (max-width: 720px) 100vw, 720px\" \/><figcaption> <br>Konczvald Tam\u00e1s (k\u00f6z\u00e9pen), Kocsis Bern\u00e1t Bendeg\u00faz (jobbr\u00f3l) \u00e9s edz\u0151j\u00fck, Sz\u0171cs J\u00f3zsef a d\u00edj\u00e1tad\u00f3n. <\/figcaption><\/figure>\n","protected":false},"excerpt":{"rendered":"<p>Hat \u00e9rmet, k\u00f6zte k\u00e9t aranyat \u00e9rdemeltek ki a Miskolci Sportiskola fiataljai a febru\u00e1r els\u0151 h\u00e9tv\u00e9g\u00e9j\u00e9n, Budapesten megrendezett serd\u00fcl\u0151 (14-15 \u00e9vesek) korcsoportos fedettp\u00e1ly\u00e1s atl\u00e9tikai orsz\u00e1gos bajnoks\u00e1gon. A &nbsp;De\u00e1k G\u00e9za, Majkut Gergely, Sz\u0171cs J\u00f3zsef, Tigyi J\u00f3zsef \u00e9s Z\u00e1mbori Zolt\u00e1n \u00e1ltal felk\u00e9sz\u00edtett sportol\u00f3k remek\u00fcl helyt \u00e1lltak a k\u00e9tnapos versenyen ,amit a med\u00e1lok mellett a tov\u00e1bbi \u00e9rt\u00e9kes helyez\u00e9sek is [&hellip;]<\/p>\n","protected":false},"author":1,"featured_media":2665,"comment_status":"closed","ping_status":"open","sticky":false,"template":"","format":"standard","meta":{"footnotes":""},"categories":[151,166],"tags":[],"class_list":["post-2658","post","type-post","status-publish","format-standard","has-post-thumbnail","hentry","category-atletika","category-kiemelt"],"_links":{"self":[{"href":"https:\/\/mvsi.hu\/index.php?rest_route=\/wp\/v2\/posts\/2658","targetHints":{"allow":["GET"]}}],"collection":[{"href":"https:\/\/mvsi.hu\/index.php?rest_route=\/wp\/v2\/posts"}],"about":[{"href":"https:\/\/mvsi.hu\/index.php?rest_route=\/wp\/v2\/types\/post"}],"author":[{"embeddable":true,"href":"https:\/\/mvsi.hu\/index.php?rest_route=\/wp\/v2\/users\/1"}],"replies":[{"embeddable":true,"href":"https:\/\/mvsi.hu\/index.php?rest_route=%2Fwp%2Fv2%2Fcomments&post=2658"}],"version-history":[{"count":0,"href":"https:\/\/mvsi.hu\/index.php?rest_route=\/wp\/v2\/posts\/2658\/revisions"}],"wp:featuredmedia":[{"embeddable":true,"href":"https:\/\/mvsi.hu\/index.php?rest_route=\/wp\/v2\/media\/2665"}],"wp:attachment":[{"href":"https:\/\/mvsi.hu\/index.php?rest_route=%2Fwp%2Fv2%2Fmedia&parent=2658"}],"wp:term":[{"taxonomy":"category","embeddable":true,"href":"https:\/\/mvsi.hu\/index.php?rest_route=%2Fwp%2Fv2%2Fcategories&post=2658"},{"taxonomy":"post_tag","embeddable":true,"href":"https:\/\/mvsi.hu\/index.php?rest_route=%2Fwp%2Fv2%2Ftags&post=2658"}],"curies":[{"name":"wp","href":"https:\/\/api.w.org\/{rel}","templated":true}]}}