{"id":2957,"date":"2019-07-01T14:13:06","date_gmt":"2019-07-01T14:13:06","guid":{"rendered":"http:\/\/mvsi.hu\/?p=2957"},"modified":"2020-02-03T14:23:51","modified_gmt":"2020-02-03T14:23:51","slug":"a-magyar-bajnok-vanczak-tamas-a-vilagbajnoksagon-folytathatja","status":"publish","type":"post","link":"https:\/\/mvsi.hu\/?p=2957","title":{"rendered":"A magyar bajnok Vancz\u00e1k Tam\u00e1s a vil\u00e1gbajnoks\u00e1gon folytathatja"},"content":{"rendered":"\n<p><strong>Sz\u00e9p miskolci sikereket hozott Magyarorsz\u00e1g m\u00falt\nh\u00e9tv\u00e9g\u00e9n befejez\u0151d\u00f6tt korcsoportos sakkbajnoks\u00e1ga. Vancz\u00e1k Tam\u00e1s bajnoki c\u00edme\nmellett k\u00e9t ez\u00fcst- \u00e9s egy bronz\u00e9rem is Vancz\u00e1k Attila tan\u00edtv\u00e1nyainak a\nvitrinj\u00e9be ker\u00fclt.<\/strong><\/p>\n\n\n\n<p>A Magyar Korcsoportos Nemzeti Sakkbajnoks\u00e1gnak j\u00fanius\n21-28. k\u00f6z\u00f6tt Balatonlelle adott otthont. A 248 gyermeket hat kateg\u00f3ri\u00e1ba (8-10-12-14-16-18\n\u00e9ves le\u00e1nyok \u00e9s fi\u00fak) sorolt\u00e1k. <\/p>\n\n\n\n<p>Volt n\u00e9h\u00e1ny nagyon nagy izgalmat hoz\u00f3 csat\u00e1roz\u00e1s, mint\np\u00e9ld\u00e1ul a fi\u00fa 18 \u00e9ves korcsoportban, ahol h\u00e1rmas holtverseny alakult ki az els\u0151\nhelyen. Az arany\u00e9rmet v\u00e9g\u00fcl &nbsp;-a Buchholz\npontsz\u00e1m\u00edt\u00e1st k\u00f6vet\u0151en &nbsp;&#8211; Vancz\u00e1k Tam\u00e1s\n(9 m\u00e9rk\u0151z\u00e9sb\u0151l 7 pont) nyak\u00e1ba akasztott\u00e1k, aki az MVSI-Miskolci Sportiskola-Miskolci\nKisbocsok SSE sportol\u00f3ja. Vele holtversenyben v\u00e9gzett, de rosszabb Buchholz-pontjai\nmiatt a m\u00e1sodik helyre szorult, s \u00edgy ez\u00fcst\u00e9remmel gazdagodva t\u00e9rhetett haza\nPapp Levente, aki ugyancsak az MVSI-Miskolci Sportiskola-Miskolci Kisbocsok SSE\nversenyz\u0151je. <\/p>\n\n\n\n<p>A 12 \u00e9ves l\u00e1nyok k\u00f6z\u00f6tt j\u00f3l hajr\u00e1zott Kir\u00e1ly Lilla Vir\u00e1g\n(7-b\u0151l 4,5 pont), aki v\u00e9g\u00fcl a dobog\u00f3 m\u00e1sodik fok\u00e1ra \u00e1llhatott fel. A 16 \u00e9ves\nl\u00e1nyok k\u00f6z\u00f6tt sem maradtak \u00e9rem n\u00e9lk\u00fcl a miskolciak, hiszen Iv\u00e1n R\u00e9ka Gy\u00f6ngyv\u00e9r\n(7-b\u0151l 4,5 pont), az utols\u00f3 k\u00e9t fordul\u00f3ban aratott gy\u0151zelm\u00e9nek k\u00f6sz\u00f6nhet\u0151en\nbronz\u00e9rmet vehetett \u00e1t. Mindketten szint\u00e9n MVSI-Miskolci Sportiskola sakkoz\u00f3i.<\/p>\n\n\n\n<p>A fenti eredm\u00e9nyek lehet\u0151s\u00e9get k\u00edn\u00e1lnak arra, hogy\nVancz\u00e1k Attila tan\u00edtv\u00e1nyai nemzetk\u00f6zi versenyen is megm\u00e9rethess\u00e9k magukat. <\/p>\n\n\n\n<p>Ennek \u00e9rtelm\u00e9ben Vancz\u00e1k Tam\u00e1s az Indi\u00e1ban megrendezend\u0151\nvil\u00e1gbajnoks\u00e1gon k\u00e9pviselheti haz\u00e1nkat, Miskolcot, m\u00edg Papp Levente, Kir\u00e1ly\nLilla Vir\u00e1g, Iv\u00e1n R\u00e9ka Gy\u00f6ngyv\u00e9r pedig az Eur\u00f3pa-bajnoks\u00e1gon, Pozsonyban\nm\u00e9rettetheti meg mag\u00e1t a k\u00f6zel j\u00f6v\u0151ben.<\/p>\n","protected":false},"excerpt":{"rendered":"<p>Sz\u00e9p miskolci sikereket hozott Magyarorsz\u00e1g m\u00falt h\u00e9tv\u00e9g\u00e9n befejez\u0151d\u00f6tt korcsoportos sakkbajnoks\u00e1ga. Vancz\u00e1k Tam\u00e1s bajnoki c\u00edme mellett k\u00e9t ez\u00fcst- \u00e9s egy bronz\u00e9rem is Vancz\u00e1k Attila tan\u00edtv\u00e1nyainak a vitrinj\u00e9be ker\u00fclt. A Magyar Korcsoportos Nemzeti Sakkbajnoks\u00e1gnak j\u00fanius 21-28. k\u00f6z\u00f6tt Balatonlelle adott otthont. A 248 gyermeket hat kateg\u00f3ri\u00e1ba (8-10-12-14-16-18 \u00e9ves le\u00e1nyok \u00e9s fi\u00fak) sorolt\u00e1k. Volt n\u00e9h\u00e1ny nagyon nagy izgalmat hoz\u00f3 [&hellip;]<\/p>\n","protected":false},"author":3,"featured_media":2958,"comment_status":"closed","ping_status":"open","sticky":false,"template":"","format":"standard","meta":{"footnotes":""},"categories":[158],"tags":[],"class_list":["post-2957","post","type-post","status-publish","format-standard","has-post-thumbnail","hentry","category-sakk"],"_links":{"self":[{"href":"https:\/\/mvsi.hu\/index.php?rest_route=\/wp\/v2\/posts\/2957","targetHints":{"allow":["GET"]}}],"collection":[{"href":"https:\/\/mvsi.hu\/index.php?rest_route=\/wp\/v2\/posts"}],"about":[{"href":"https:\/\/mvsi.hu\/index.php?rest_route=\/wp\/v2\/types\/post"}],"author":[{"embeddable":true,"href":"https:\/\/mvsi.hu\/index.php?rest_route=\/wp\/v2\/users\/3"}],"replies":[{"embeddable":true,"href":"https:\/\/mvsi.hu\/index.php?rest_route=%2Fwp%2Fv2%2Fcomments&post=2957"}],"version-history":[{"count":0,"href":"https:\/\/mvsi.hu\/index.php?rest_route=\/wp\/v2\/posts\/2957\/revisions"}],"wp:featuredmedia":[{"embeddable":true,"href":"https:\/\/mvsi.hu\/index.php?rest_route=\/wp\/v2\/media\/2958"}],"wp:attachment":[{"href":"https:\/\/mvsi.hu\/index.php?rest_route=%2Fwp%2Fv2%2Fmedia&parent=2957"}],"wp:term":[{"taxonomy":"category","embeddable":true,"href":"https:\/\/mvsi.hu\/index.php?rest_route=%2Fwp%2Fv2%2Fcategories&post=2957"},{"taxonomy":"post_tag","embeddable":true,"href":"https:\/\/mvsi.hu\/index.php?rest_route=%2Fwp%2Fv2%2Ftags&post=2957"}],"curies":[{"name":"wp","href":"https:\/\/api.w.org\/{rel}","templated":true}]}}