{"id":3007,"date":"2019-08-01T11:51:53","date_gmt":"2019-08-01T11:51:53","guid":{"rendered":"http:\/\/mvsi.hu\/?p=3007"},"modified":"2019-08-01T11:51:53","modified_gmt":"2019-08-01T11:51:53","slug":"nemes-rita-egyeni-csucs-tavolugrasban-is","status":"publish","type":"post","link":"https:\/\/mvsi.hu\/?p=3007","title":{"rendered":"Nemes Rita: egy\u00e9ni cs\u00facs, t\u00e1volugr\u00e1sban is"},"content":{"rendered":"\n<p>Nemes\nRita, a Miskolci Sportiskola atl\u00e9t\u00e1ja a napokban, Budapesten megrendezett\norsz\u00e1gos bajnoks\u00e1gon &#8211; a 100 m g\u00e1ton el\u00e9rt egy\u00e9ni cs\u00facsa ut\u00e1n &#8211; t\u00e1volugr\u00e1sban &nbsp;is megd\u00f6nt\u00f6tte eddigi legjobbj\u00e1t. A 619 cm-es\neredm\u00e9ny a negyedik helyhez volt elegend\u0151.&nbsp;\nA Miskolci Olimpiai Rem\u00e9nys\u00e9gek Program (MORP) \u00e1ltal is t\u00e1mogatott Rita\nh\u00e9tv\u00e9g\u00e9n, a f\u0151v\u00e1rosi \u00f6sszetett orsz\u00e1gos bajnoks\u00e1gon folytatja a versenyz\u00e9st,\nahol h\u00e9tpr\u00f3b\u00e1ban indul.&nbsp;<\/p>\n\n\n\n<ul class=\"wp-block-list\"><li>Enn\u00e9l jobb\nszezont \u00e1lmomban sem gondoltam! \u2013 fogalmazott Nemes Rita. &#8211; &nbsp;Minden lemond\u00e1st k\u00e1rp\u00f3tol a siker\u00e9lm\u00e9ny. J\u00f3\n\u00faton haladunk! K\u00f6sz\u00f6n\u00f6m az edz\u0151imnek, Matiz L\u00e1szl\u00f3nak,&nbsp; Szab\u00f3 Dezs\u0151nek, Sz\u00e1sz L\u00e1szl\u00f3nak, Tigyi J\u00f3zsefnek\na munk\u00e1j\u00e1t. <\/li><\/ul>\n","protected":false},"excerpt":{"rendered":"<p>Nemes Rita, a Miskolci Sportiskola atl\u00e9t\u00e1ja a napokban, Budapesten megrendezett orsz\u00e1gos bajnoks\u00e1gon &#8211; a 100 m g\u00e1ton el\u00e9rt egy\u00e9ni cs\u00facsa ut\u00e1n &#8211; t\u00e1volugr\u00e1sban &nbsp;is megd\u00f6nt\u00f6tte eddigi legjobbj\u00e1t. A 619 cm-es eredm\u00e9ny a negyedik helyhez volt elegend\u0151.&nbsp; A Miskolci Olimpiai Rem\u00e9nys\u00e9gek Program (MORP) \u00e1ltal is t\u00e1mogatott Rita h\u00e9tv\u00e9g\u00e9n, a f\u0151v\u00e1rosi \u00f6sszetett orsz\u00e1gos bajnoks\u00e1gon folytatja a versenyz\u00e9st, [&hellip;]<\/p>\n","protected":false},"author":3,"featured_media":3008,"comment_status":"closed","ping_status":"open","sticky":false,"template":"","format":"standard","meta":{"footnotes":""},"categories":[151],"tags":[],"class_list":["post-3007","post","type-post","status-publish","format-standard","has-post-thumbnail","hentry","category-atletika"],"_links":{"self":[{"href":"https:\/\/mvsi.hu\/index.php?rest_route=\/wp\/v2\/posts\/3007","targetHints":{"allow":["GET"]}}],"collection":[{"href":"https:\/\/mvsi.hu\/index.php?rest_route=\/wp\/v2\/posts"}],"about":[{"href":"https:\/\/mvsi.hu\/index.php?rest_route=\/wp\/v2\/types\/post"}],"author":[{"embeddable":true,"href":"https:\/\/mvsi.hu\/index.php?rest_route=\/wp\/v2\/users\/3"}],"replies":[{"embeddable":true,"href":"https:\/\/mvsi.hu\/index.php?rest_route=%2Fwp%2Fv2%2Fcomments&post=3007"}],"version-history":[{"count":0,"href":"https:\/\/mvsi.hu\/index.php?rest_route=\/wp\/v2\/posts\/3007\/revisions"}],"wp:featuredmedia":[{"embeddable":true,"href":"https:\/\/mvsi.hu\/index.php?rest_route=\/wp\/v2\/media\/3008"}],"wp:attachment":[{"href":"https:\/\/mvsi.hu\/index.php?rest_route=%2Fwp%2Fv2%2Fmedia&parent=3007"}],"wp:term":[{"taxonomy":"category","embeddable":true,"href":"https:\/\/mvsi.hu\/index.php?rest_route=%2Fwp%2Fv2%2Fcategories&post=3007"},{"taxonomy":"post_tag","embeddable":true,"href":"https:\/\/mvsi.hu\/index.php?rest_route=%2Fwp%2Fv2%2Ftags&post=3007"}],"curies":[{"name":"wp","href":"https:\/\/api.w.org\/{rel}","templated":true}]}}