{"id":3143,"date":"2019-11-14T09:32:10","date_gmt":"2019-11-14T09:32:10","guid":{"rendered":"http:\/\/mvsi.hu\/?p=3143"},"modified":"2020-11-16T11:31:32","modified_gmt":"2020-11-16T11:31:32","slug":"haromszaznal-tobb-hazai-es-kulfoldi-uszo-vetelkedik-miskolcon","status":"publish","type":"post","link":"https:\/\/mvsi.hu\/?p=3143","title":{"rendered":"H\u00e1romsz\u00e1zn\u00e1l t\u00f6bb hazai \u00e9s k\u00fclf\u00f6ldi \u00fasz\u00f3 vet\u00e9lkedik Miskolcon"},"content":{"rendered":"\n<p><strong>H\u00e1romsz\u00e1zn\u00e1l t\u00f6bb (h\u00e1rom orsz\u00e1gb\u00f3l \u00e9rkezve) \u00fasz\u00f3 fordul meg a miskolci Kem\u00e9ny D\u00e9nes V\u00e1rosi Sportuszod\u00e1ban a november 15-16-\u00e1n, a Borsod-Aba\u00faj-Zempl\u00e9n Megyei \u00dasz\u00f3 Sz\u00f6vets\u00e9g \u00e9s a Miskolci Sportiskola Nonprofit K\u00f6zhaszn\u00fa Kft. \u00e1ltal k\u00f6z\u00f6sen megrendezend\u0151 XXXII. dr. Bitskey Zolt\u00e1n Eml\u00e9kverseny, egyben a 25. Testv\u00e9rv\u00e1rosok Kup\u00e1ja nemzetk\u00f6zi viadalon. Megy\u00e9nket \u00f6t egyes\u00fclet sportol\u00f3i k\u00e9pviselik<\/strong><br><\/p>\n\n\n\n<p>A rangos esem\u00e9ny november 12-\u00e9n, a Kem\u00e9ny D\u00e9nes V\u00e1rosi Sportuszod\u00e1ban  megtartott sajt\u00f3t\u00e1j\u00e9koztat\u00f3j\u00e1nak r\u00e9sztvev\u0151it Illy\u00e9s Mikl\u00f3s, a Miskolci Sportiskola \u00fcgyvezet\u0151je k\u00f6sz\u00f6nt\u00f6tte, aki bevezet\u0151j\u00e9ben elmondta, hogy a p\u00e9ntek d\u00e9lut\u00e1ni megnyit\u00f3 \u00fcnneps\u00e9gre elfogadta a megh\u00edv\u00e1st Veres P\u00e1l, Miskolc Megyei Jog\u00fa V\u00e1ros polg\u00e1rmestere is.<br><\/p>\n\n\n\n<p>H\u00f6lcz P\u00e9ter, a Magyar \u00dasz\u00f3 Sz\u00f6vets\u00e9g (M\u00daSZ) r\u00e9gi\u00f3vezet\u0151je, a Borsod-Aba\u00faj-Zempl\u00e9n megyei \u00dasz\u00f3 Sz\u00f6vets\u00e9g f\u0151titk\u00e1ra, a Miskolci Sportiskola versenyigazgat\u00f3ja, egyben az \u00fasz\u00f3 szakoszt\u00e1ly vezet\u0151je elmondta, hogy kezdetben, 1988-ban, a di\u00f3sgy\u0151ri tanuszod\u00e1ban nem gondolt\u00e1k, hogy egyszer egy ilyen modern l\u00e9tes\u00edtm\u00e9nyben rendezhetik meg a versenyt, egy ilyen nagy sorozat r\u00e9szek\u00e9nt, mely hossz\u00fa \u00e9vek \u00f3ta, eg\u00e9sz pontosan a p\u00e1rhuzamosan \u00e9letre h\u00edvand\u00f3 Testv\u00e9rv\u00e1rosok Kup\u00e1ja negyedsz\u00e1zaddal ezel\u0151tti indul\u00e1s\u00e1val nemzetk\u00f6zi jelleget \u00f6lt\u00f6tt.<\/p>\n\n\n\n<p>A nagy \u00e9rdekl\u0151d\u00e9sre val\u00f3 tekintettel id\u0151 el\u0151tt, szombaton este lez\u00e1rtuk a nevez\u00e9st, mert nem szerett\u00fcnk volna \u201et\u00fall\u0151ni\u201d a l\u00e9tsz\u00e1mmal \u2013 fogalmazott H\u00f6lcz P\u00e9ter. \u2013 Tizen\u00f6t hazai, k\u00f6zt\u00fck \u00f6t megyei \u2013 Fiedler Ott\u00f3 SE, Miskolci Sportiskola, \u00d3zdi \u00dasz\u00f3 Klub, Swimming Penthatlon Club, Tisza\u00fajv\u00e1rosi Triatlon Klub &#8211;  egyes\u00fclet mellett testv\u00e9rv\u00e1rosunkb\u00f3l, Kass\u00e1r\u00f3l, tov\u00e1bb\u00e1 L\u0151cs\u00e9r\u0151l \u00e9s Marosv\u00e1s\u00e1rhelyr\u0151l v\u00e1runk sportol\u00f3kat. A t\u00f6bb, mint h\u00e1romsz\u00e1z \u00fasz\u00f3 &#8211; a 2012-es sz\u00fclet\u00e9s\u0171ekt\u0151l a feln\u0151ttekig &#8211; \u00f6sszesen 32 versenysz\u00e1mban, a vil\u00e1gbajnoks\u00e1g programj\u00e1nak megfelel\u0151 menetrend szerint, 50, 100, 200 \u00e9s 400 m\u00e9teres versenysz\u00e1mokban m\u00e9ri \u00f6ssze tud\u00e1s\u00e1t. Mivel a 800 n\u0151i gyors, illetve az 1500 m\u00e9teres f\u00e9rfi gyors ritk\u00e1n szerepel a k\u00edn\u00e1latban, mi ez\u00fattal erre is lehet\u0151s\u00e9get biztos\u00edtunk. Hagyom\u00e1nyainkhoz h\u00edven egy-egy sz\u00e1mmal ez\u00fattal is megeml\u00e9kez\u00fcnk dr. Bitskey Zolt\u00e1nr\u00f3l, a megye olimpikonj\u00e1r\u00f3l (1924, P\u00e1rizs), Eur\u00f3pa-bajnoki ez\u00fcst\u00e9rmes\u00e9r\u0151l, n\u00e9gyszeres f\u0151iskolai vil\u00e1gbajnok\u00e1r\u00f3l, aki nagyon szerette sport\u00e1g\u00e1t \u00e9s nagyon sokat tett \u00e9rte Miskolcon. Szint\u00e9n eml\u00e9ksz\u00e1mot rendez\u00fcnk V\u00edgh J\u00f3zsefnek, Miskolc v\u00e1ros \u00f6r\u00f6k\u00f6s edz\u0151j\u00e9nek, Delneki Mikl\u00f3snak, a v\u00e1rosi, illetve a megyei sz\u00f6vets\u00e9g kiv\u00e1l\u00f3 sportvezet\u0151j\u00e9nek, a miskolci P\u00e1szti Csab\u00e1nak, a fiatalon elhunyt kiv\u00e1l\u00f3 sportol\u00f3nak \u00e9s edz\u0151nek, tov\u00e1bb\u00e1 Kriston Orsoly\u00e1nak, a tragikus k\u00f6r\u00fclm\u00e9nyek k\u00f6z\u00f6tt fiatalon elhunyt tehets\u00e9ges miskolci \u00fasz\u00f3nak a tisztelet\u00e9re. A k\u00e9t nap alatt k\u00f6zel 2000 rajtot produk\u00e1lnak a versenyz\u0151k. \u00d6rvendetes, hogy ebben a Miskolci Sportiskola t\u00f6bb, mint 80 \u00fasz\u00f3ja is jelent\u0151sen \u00e9rdekelt. A kateg\u00f3ria-bont\u00e1sok miatt 116 eredm\u00e9nyhirdet\u00e9s lesz.<br><\/p>\n\n\n\n<p>Kiss Attila, a Borsod-Aba\u00faj-Zempl\u00e9n megyei \u00dasz\u00f3 Sz\u00f6vets\u00e9g eln\u00f6ke labdar\u00fag\u00f3 hasonlattal \u00e9lve elmondta, hogy sikeres csapaton nem szok\u00e1s v\u00e1ltoztatni. \u2013 Az \u0151szi, tavaszi \u00e9s ny\u00e1ri versenyeinket is a jelenlegi, remek\u00fcl egy\u00fcttm\u0171k\u00f6d\u0151 st\u00e1bbal val\u00f3s\u00edtjuk meg. \u2013 fogalmazott az eln\u00f6k. \u2013 A magas sz\u00ednvonal\u00fa szakmai tartalom\u00e9rt a Miskolci Sportiskola, a l\u00e9tes\u00edtm\u00e9nyi, technikai, t\u00e1rgyi h\u00e1tt\u00e9r biztos\u00edt\u00e1s\u00e9rt a Miskolci Sportcentrum Kft. munkat\u00e1rsainak j\u00e1r a k\u00f6sz\u00f6net. A jelenlegi versenyt sokan ciklusz\u00e1r\u00f3 esem\u00e9nyk\u00e9nt is haszn\u00e1lj\u00e1k, ami garant\u00e1lja a sz\u00ednvonalat. J\u00f3 magam ez\u00fattal is izgalommal v\u00e1rom az esem\u00e9nyeket. Minden versenyt \u00fcnnepnek tekintek, ahol a r\u00e9sztvev\u0151k sz\u00e1mot adhatnak felk\u00e9sz\u00fclts\u00e9g\u00fck \u00e1llapot\u00e1r\u00f3l \u00e9s j\u00f3 h\u00edr\u00e9t vihetik Miskolc v\u00e1ros\u00e1nak.       <br> <\/p>\n\n\n\n<p>Szab\u00f3 L\u00e1szl\u00f3, a Miskolci Sportcentrum Kft. l\u00e9tes\u00edtm\u00e9nyvezet\u0151je arr\u00f3l t\u00e1j\u00e9koztatta a jelenlev\u0151ket, hogy a nemzetk\u00f6zi \u00fasz\u00f3 viadaloknak \u00e9s v\u00edzilabda m\u00e9rk\u0151z\u00e9seknek a h\u00e9tv\u00e9g\u00e9n otthont ad\u00f3 Kem\u00e9ny D\u00e9nes V\u00e1rosi Sportuszoda november 15-\u00e9n, p\u00e9nteken 10.00-22.00 \u00f3ra, november 16-\u00e1n, szombaton 06.00-17.00 \u00f3ra, valamint november 17-\u00e9n, vas\u00e1rnap 10.00-20.00 \u00f3ra k\u00f6z\u00f6tt z\u00e1rva tart, mely\u00e9rt ez\u00faton is a lakoss\u00e1g eln\u00e9z\u00e9s\u00e9t k\u00e9rik.<\/p>\n","protected":false},"excerpt":{"rendered":"<p>H\u00e1romsz\u00e1zn\u00e1l t\u00f6bb (h\u00e1rom orsz\u00e1gb\u00f3l \u00e9rkezve) \u00fasz\u00f3 fordul meg a miskolci Kem\u00e9ny D\u00e9nes V\u00e1rosi Sportuszod\u00e1ban a november 15-16-\u00e1n, a Borsod-Aba\u00faj-Zempl\u00e9n Megyei \u00dasz\u00f3 Sz\u00f6vets\u00e9g \u00e9s a Miskolci Sportiskola Nonprofit K\u00f6zhaszn\u00fa Kft. \u00e1ltal k\u00f6z\u00f6sen megrendezend\u0151 XXXII. dr. Bitskey Zolt\u00e1n Eml\u00e9kverseny, egyben a 25. Testv\u00e9rv\u00e1rosok Kup\u00e1ja nemzetk\u00f6zi viadalon. Megy\u00e9nket \u00f6t egyes\u00fclet sportol\u00f3i k\u00e9pviselik A rangos esem\u00e9ny november 12-\u00e9n, a [&hellip;]<\/p>\n","protected":false},"author":1,"featured_media":3148,"comment_status":"closed","ping_status":"open","sticky":false,"template":"","format":"standard","meta":{"footnotes":""},"categories":[167,166,149,164],"tags":[],"class_list":["post-3143","post","type-post","status-publish","format-standard","has-post-thumbnail","hentry","category-fontos","category-kiemelt","category-szakoszt-hirek","category-uszas"],"_links":{"self":[{"href":"https:\/\/mvsi.hu\/index.php?rest_route=\/wp\/v2\/posts\/3143","targetHints":{"allow":["GET"]}}],"collection":[{"href":"https:\/\/mvsi.hu\/index.php?rest_route=\/wp\/v2\/posts"}],"about":[{"href":"https:\/\/mvsi.hu\/index.php?rest_route=\/wp\/v2\/types\/post"}],"author":[{"embeddable":true,"href":"https:\/\/mvsi.hu\/index.php?rest_route=\/wp\/v2\/users\/1"}],"replies":[{"embeddable":true,"href":"https:\/\/mvsi.hu\/index.php?rest_route=%2Fwp%2Fv2%2Fcomments&post=3143"}],"version-history":[{"count":1,"href":"https:\/\/mvsi.hu\/index.php?rest_route=\/wp\/v2\/posts\/3143\/revisions"}],"predecessor-version":[{"id":3489,"href":"https:\/\/mvsi.hu\/index.php?rest_route=\/wp\/v2\/posts\/3143\/revisions\/3489"}],"wp:featuredmedia":[{"embeddable":true,"href":"https:\/\/mvsi.hu\/index.php?rest_route=\/wp\/v2\/media\/3148"}],"wp:attachment":[{"href":"https:\/\/mvsi.hu\/index.php?rest_route=%2Fwp%2Fv2%2Fmedia&parent=3143"}],"wp:term":[{"taxonomy":"category","embeddable":true,"href":"https:\/\/mvsi.hu\/index.php?rest_route=%2Fwp%2Fv2%2Fcategories&post=3143"},{"taxonomy":"post_tag","embeddable":true,"href":"https:\/\/mvsi.hu\/index.php?rest_route=%2Fwp%2Fv2%2Ftags&post=3143"}],"curies":[{"name":"wp","href":"https:\/\/api.w.org\/{rel}","templated":true}]}}