{"id":3156,"date":"2019-11-18T12:44:01","date_gmt":"2019-11-18T12:44:01","guid":{"rendered":"http:\/\/mvsi.hu\/?p=3156"},"modified":"2020-11-16T11:31:32","modified_gmt":"2020-11-16T11:31:32","slug":"miskolci-judo-sikerek-mateszalkan","status":"publish","type":"post","link":"https:\/\/mvsi.hu\/?p=3156","title":{"rendered":"Miskolci judo-sikerek M\u00e1t\u00e9szalk\u00e1n"},"content":{"rendered":"\n<p><\/p>\n\n\n\n<p>A Miskolci Sportiskola jud\u00f3sai november 16-\u00e1n, M\u00e1t\u00e9szalk\u00e1n, egy nemzetk\u00f6zi versenyen l\u00e9ptek tatamira. Gecsei L\u00e1szl\u00f3 \u00e9s Nagy S\u00e1ndor tan\u00edtv\u00e1nyai mind az \u00f6t korcsoportban sz\u00e9pen gy\u0171jt\u00f6gett\u00e9k az \u00e9rmeket, olyannyira, hogy az egyes\u00fcletek k\u00f6z\u00f6tti versenyt is megnyert\u00e9k. <\/p>\n\n\n\n<p><strong>Eredm\u00e9nyek<\/strong><br><strong> Di\u00e1k E-koroszt\u00e1ly:<br><\/strong> <strong>Le\u00e1nyok:<\/strong><br> <strong>29 kg:<\/strong> 2. Gere J\u00falia <br><strong> Fi\u00fak: <br><\/strong> <strong>28 kg:<\/strong> 1. Fejes Attila <\/p>\n\n\n\n<p><strong>Di\u00e1k D-koroszt\u00e1ly: <br><\/strong> <strong>Fi\u00fak:<\/strong><br> <strong>26 kg:<\/strong> 1. Bed\u00e9cs Marcell <br><strong> 28 kg:<\/strong> 3. Orosz Roland <br> <strong>31 kg:<\/strong> 3. Veszpr\u00e9mi Tam\u00e1s <br> <strong>34 kg:<\/strong> 2. G\u00f6m\u00f6ri N\u00e1ndor <br> <strong>38 kg:<\/strong> 1. T\u00f3th Zsombor <br> <strong>50 kg:<\/strong> 3. Antal Szil\u00e1rd <\/p>\n\n\n\n<p><strong>Di\u00e1k C-koroszt\u00e1ly:<\/strong><br> <strong>Le\u00e1nyok: <\/strong><br> <strong>33 kg: <\/strong>1. Csord\u00e1s Dorka <br> <strong>36 kg:<\/strong> 1. T\u00e1las L\u00eddia <br><strong> 40 kg:<\/strong> 1. Sz\u00e1rnya D\u00f3ra <br> <strong>Fi\u00fak:<\/strong> <br><strong> 36 kg:<\/strong> 3. \u00c9ger P\u00e9ter \u00e9s Juh\u00e1sz S\u00e1ndor <br> <strong>39 kg: <\/strong>3. Borb\u00e9ly Patrik <br> <strong>45 kg:<\/strong> 3. Andr\u00e1ssy Levente,\u2026 5. Sz\u0151ke Bence <br> <strong>50 kg:<\/strong> 1. Kosztopulosz Alex <br> <strong>+55 kg:<\/strong> 1. Bartha Bende <\/p>\n\n\n\n<p><strong>Di\u00e1k B-koroszt\u00e1ly <br> Le\u00e1nyok: <\/strong><br> <strong>33 kg: <\/strong>1. Tak\u00e1cs Eszter <br> <strong>Fi\u00fak: <\/strong><br> <strong>29 kg: <\/strong>2. Papp Levente <br> <strong>35 kg: <\/strong>1. Jank\u00f3 S\u00f3lyom <br> <strong>38 kg:<\/strong> 3. Fejes Norbert <br> <strong>41 kg:<\/strong> 2. G\u00f6nd\u00f6r Krist\u00f3f <br> <strong>45 kg:<\/strong> 2. G\u00e1l Zsigmond, 3. K\u00fcrti Roland <\/p>\n\n\n\n<p><strong>Di\u00e1k A-koroszt\u00e1ly <br> Le\u00e1nyok: <\/strong><br> <strong>56 kg:<\/strong> 1. S\u00e1rk\u00f6zi Zsuzsa <br><strong> Fi\u00fak <\/strong><br> <strong>38 kg: <\/strong>1. T\u00f3th \u00c1d\u00e1m <br> <strong>49 kg: <\/strong>1. Jobb\u00e1gy Domonkos, \u20263. Kiss Csan\u00e1d. <\/p>\n\n\n\n<figure class=\"wp-block-image\"><img loading=\"lazy\" decoding=\"async\" width=\"1024\" height=\"497\" src=\"https:\/\/mvsi.hu\/wp-content\/uploads\/2019\/11\/MSI-judo-1024x497.jpg\" alt=\"\" class=\"wp-image-3157\" srcset=\"https:\/\/mvsi.hu\/wp-content\/uploads\/2019\/11\/MSI-judo-1024x497.jpg 1024w, https:\/\/mvsi.hu\/wp-content\/uploads\/2019\/11\/MSI-judo-300x146.jpg 300w, https:\/\/mvsi.hu\/wp-content\/uploads\/2019\/11\/MSI-judo-768x373.jpg 768w, https:\/\/mvsi.hu\/wp-content\/uploads\/2019\/11\/MSI-judo.jpg 1080w\" sizes=\"auto, (max-width: 1024px) 100vw, 1024px\" \/><\/figure>\n","protected":false},"excerpt":{"rendered":"<p>A Miskolci Sportiskola jud\u00f3sai november 16-\u00e1n, M\u00e1t\u00e9szalk\u00e1n, egy nemzetk\u00f6zi versenyen l\u00e9ptek tatamira. Gecsei L\u00e1szl\u00f3 \u00e9s Nagy S\u00e1ndor tan\u00edtv\u00e1nyai mind az \u00f6t korcsoportban sz\u00e9pen gy\u0171jt\u00f6gett\u00e9k az \u00e9rmeket, olyannyira, hogy az egyes\u00fcletek k\u00f6z\u00f6tti versenyt is megnyert\u00e9k. Eredm\u00e9nyek Di\u00e1k E-koroszt\u00e1ly: Le\u00e1nyok: 29 kg: 2. Gere J\u00falia Fi\u00fak: 28 kg: 1. Fejes Attila Di\u00e1k D-koroszt\u00e1ly: Fi\u00fak: 26 kg: 1. [&hellip;]<\/p>\n","protected":false},"author":1,"featured_media":3157,"comment_status":"closed","ping_status":"open","sticky":false,"template":"","format":"standard","meta":{"footnotes":""},"categories":[166,149],"tags":[],"class_list":["post-3156","post","type-post","status-publish","format-standard","has-post-thumbnail","hentry","category-kiemelt","category-szakoszt-hirek"],"_links":{"self":[{"href":"https:\/\/mvsi.hu\/index.php?rest_route=\/wp\/v2\/posts\/3156","targetHints":{"allow":["GET"]}}],"collection":[{"href":"https:\/\/mvsi.hu\/index.php?rest_route=\/wp\/v2\/posts"}],"about":[{"href":"https:\/\/mvsi.hu\/index.php?rest_route=\/wp\/v2\/types\/post"}],"author":[{"embeddable":true,"href":"https:\/\/mvsi.hu\/index.php?rest_route=\/wp\/v2\/users\/1"}],"replies":[{"embeddable":true,"href":"https:\/\/mvsi.hu\/index.php?rest_route=%2Fwp%2Fv2%2Fcomments&post=3156"}],"version-history":[{"count":1,"href":"https:\/\/mvsi.hu\/index.php?rest_route=\/wp\/v2\/posts\/3156\/revisions"}],"predecessor-version":[{"id":3486,"href":"https:\/\/mvsi.hu\/index.php?rest_route=\/wp\/v2\/posts\/3156\/revisions\/3486"}],"wp:featuredmedia":[{"embeddable":true,"href":"https:\/\/mvsi.hu\/index.php?rest_route=\/wp\/v2\/media\/3157"}],"wp:attachment":[{"href":"https:\/\/mvsi.hu\/index.php?rest_route=%2Fwp%2Fv2%2Fmedia&parent=3156"}],"wp:term":[{"taxonomy":"category","embeddable":true,"href":"https:\/\/mvsi.hu\/index.php?rest_route=%2Fwp%2Fv2%2Fcategories&post=3156"},{"taxonomy":"post_tag","embeddable":true,"href":"https:\/\/mvsi.hu\/index.php?rest_route=%2Fwp%2Fv2%2Ftags&post=3156"}],"curies":[{"name":"wp","href":"https:\/\/api.w.org\/{rel}","templated":true}]}}