{"id":3231,"date":"2020-02-10T08:01:34","date_gmt":"2020-02-10T08:01:34","guid":{"rendered":"http:\/\/mvsi.hu\/?p=3231"},"modified":"2020-02-10T08:01:34","modified_gmt":"2020-02-10T08:01:34","slug":"hat-olimpiai-bajnok-elott-versenyezhettek-a-jovo-bajnokai","status":"publish","type":"post","link":"https:\/\/mvsi.hu\/?p=3231","title":{"rendered":"Hat olimpiai bajnok el\u0151tt versenyezhettek a \u201eJ\u00f6v\u0151 Bajnokai\u201d"},"content":{"rendered":"\n<p>Hat olimpiai bajnok el\u0151tt versenyezhettek a \u201eJ\u00f6v\u0151 Bajnokai\u201d<br> A Magyar \u00dasz\u00f3 Sz\u00f6vets\u00e9g \u201eJ\u00f6v\u0151 Bajnokai\u201d programj\u00e1nak \u00f6ssz-r\u00e9gi\u00f3s \u00fasz\u00f3verseny\u00e9t febru\u00e1r 1-\u00e9n rendezt\u00e9k meg Budapesten, a T\u00fcske-uszod\u00e1ban. A hazai ut\u00e1np\u00f3tl\u00e1s v\u00e1logatott keretnek is tekinthet\u0151, a kilenc r\u00e9gi\u00f3b\u00f3l \u00e9rkezett, r\u00e9gi\u00f3nk\u00e9nt 32-32 \u00fasz\u00f3 megm\u00e9rettet\u00e9s\u00e9t a helysz\u00ednen tekintette meg dr. So\u00f3s Csaba sz\u00f6vets\u00e9gi kapit\u00e1ny, valamint olimpiai bajnokaink k\u00f6z\u00fcl Kov\u00e1cs \u00c1gnes, Czene Attila, Darnyi Tam\u00e1s, R\u00f3zsa Norbert, Szab\u00f3 \u201eJoe\u201d J\u00f3zsef \u00e9s Wlad\u00e1r S\u00e1ndor. Ott volt az esem\u00e9nyen az olimpiai ez\u00fcst\u00e9rmes dr. Szab\u00f3 T\u00fcnde, az EMMI sport\u00e9rt felel\u0151s \u00e1llamtitk\u00e1ra, tov\u00e1bb\u00e1 t\u00f6bb paralimpikon is.<\/p>\n\n\n\n<p>A H\u00f6lcz P\u00e9ter vezette  \u00c9szak-magyarorsz\u00e1gi R\u00e9gi\u00f3 csapat\u00e1ban a Miskolci Sportiskola deleg\u00e1lhatta a legt\u00f6bb \u00fasz\u00f3t: Eszti\u00e1n Petra, De\u00e1k Zs\u00f3ka, Hornyik Panna, K\u00e1rp\u00e1ti Zal\u00e1n, Kov\u00e1cs P\u00e9ter, Lupkovics L\u00e1z\u00e1r, Fazekas \u00c1d\u00e1m \u00e9s P\u00e1sztor Hunor \u00e1llhatott rajtk\u0151re.  A Miskolci Sportiskola k\u00e9t tehets\u00e9ges versenyz\u0151je,  L\u00e9port Mil\u00e1n \u00e9s Tulip\u00e1n Bence betegs\u00e9g miatt sajnos nem tudott r\u00e9szt venni a viadalon. Ezt a csapatot er\u0151s\u00edtett\u00e9k m\u00e9g a Fiedler Ott\u00f3 SE, az \u00d3zdi \u00daK, a Tisza\u00fajv\u00e1rosi Triatlon Klub, az Egri \u00daK, a Hatvani \u00daK \u00e9s a Gy\u00f6ngy\u00f6si \u00daK sportol\u00f3i is. Alanyi jogon a koroszt\u00e1lyos orsz\u00e1gos bajnoks\u00e1g 1-3. helyezettjei ker\u00fcltek be a csapatba, m\u00edg a 4-8. helyezettek a keretfelt\u00f6lt\u00e9sn\u00e9l els\u0151bbs\u00e9gi jogot szereztek. <\/p>\n\n\n\n<p>Az egy\u00e9ni versenysz\u00e1mok helyez\u00e9sei alapj\u00e1n a r\u00e9gi\u00f3k k\u00f6z\u00f6tt hirdettek csapateredm\u00e9nyt, melynek sor\u00e1n a miskolciakon k\u00edv\u00fcl tov\u00e1bbi 3-4 meghat\u00e1roz\u00f3 versenyz\u0151t is n\u00e9lk\u00fcl\u00f6z\u0151 \u00c9szak-magyarorsz\u00e1gi R\u00e9gi\u00f3 a nyolcadik poz\u00edci\u00f3ban z\u00e1rt.<\/p>\n\n\n\n<p><\/p>\n","protected":false},"excerpt":{"rendered":"<p>Hat olimpiai bajnok el\u0151tt versenyezhettek a \u201eJ\u00f6v\u0151 Bajnokai\u201d A Magyar \u00dasz\u00f3 Sz\u00f6vets\u00e9g \u201eJ\u00f6v\u0151 Bajnokai\u201d programj\u00e1nak \u00f6ssz-r\u00e9gi\u00f3s \u00fasz\u00f3verseny\u00e9t febru\u00e1r 1-\u00e9n rendezt\u00e9k meg Budapesten, a T\u00fcske-uszod\u00e1ban. A hazai ut\u00e1np\u00f3tl\u00e1s v\u00e1logatott keretnek is tekinthet\u0151, a kilenc r\u00e9gi\u00f3b\u00f3l \u00e9rkezett, r\u00e9gi\u00f3nk\u00e9nt 32-32 \u00fasz\u00f3 megm\u00e9rettet\u00e9s\u00e9t a helysz\u00ednen tekintette meg dr. So\u00f3s Csaba sz\u00f6vets\u00e9gi kapit\u00e1ny, valamint olimpiai bajnokaink k\u00f6z\u00fcl Kov\u00e1cs \u00c1gnes, Czene [&hellip;]<\/p>\n","protected":false},"author":1,"featured_media":0,"comment_status":"closed","ping_status":"open","sticky":false,"template":"","format":"standard","meta":{"footnotes":""},"categories":[1],"tags":[],"class_list":["post-3231","post","type-post","status-publish","format-standard","hentry","category-egyeb"],"_links":{"self":[{"href":"https:\/\/mvsi.hu\/index.php?rest_route=\/wp\/v2\/posts\/3231","targetHints":{"allow":["GET"]}}],"collection":[{"href":"https:\/\/mvsi.hu\/index.php?rest_route=\/wp\/v2\/posts"}],"about":[{"href":"https:\/\/mvsi.hu\/index.php?rest_route=\/wp\/v2\/types\/post"}],"author":[{"embeddable":true,"href":"https:\/\/mvsi.hu\/index.php?rest_route=\/wp\/v2\/users\/1"}],"replies":[{"embeddable":true,"href":"https:\/\/mvsi.hu\/index.php?rest_route=%2Fwp%2Fv2%2Fcomments&post=3231"}],"version-history":[{"count":1,"href":"https:\/\/mvsi.hu\/index.php?rest_route=\/wp\/v2\/posts\/3231\/revisions"}],"predecessor-version":[{"id":3232,"href":"https:\/\/mvsi.hu\/index.php?rest_route=\/wp\/v2\/posts\/3231\/revisions\/3232"}],"wp:attachment":[{"href":"https:\/\/mvsi.hu\/index.php?rest_route=%2Fwp%2Fv2%2Fmedia&parent=3231"}],"wp:term":[{"taxonomy":"category","embeddable":true,"href":"https:\/\/mvsi.hu\/index.php?rest_route=%2Fwp%2Fv2%2Fcategories&post=3231"},{"taxonomy":"post_tag","embeddable":true,"href":"https:\/\/mvsi.hu\/index.php?rest_route=%2Fwp%2Fv2%2Ftags&post=3231"}],"curies":[{"name":"wp","href":"https:\/\/api.w.org\/{rel}","templated":true}]}}