{"id":3251,"date":"2020-02-18T07:05:29","date_gmt":"2020-02-18T07:05:29","guid":{"rendered":"http:\/\/mvsi.hu\/?p=3251"},"modified":"2020-02-18T07:07:04","modified_gmt":"2020-02-18T07:07:04","slug":"somogyjadom-minositettek-a-kadetek","status":"publish","type":"post","link":"https:\/\/mvsi.hu\/?p=3251","title":{"rendered":"Somogyj\u00e1dom min\u0151s\u00edtettek a kadetek"},"content":{"rendered":"\n<p> A DVTK-Miskolci Sportiskola versenyz\u0151i  febru\u00e1r 15-\u00e9n, a Somogyj\u00e1don megrendezett kadet korcsoportos szabad- \u00e9s k\u00f6t\u00f6ttfog\u00e1s\u00fa birk\u00f3z\u00f3 min\u0151s\u00edt\u00e9si versenyen l\u00e9ptek sz\u0151nyegre.  Juh\u00e1sz S\u00e1ndor, Lakatos Gy\u0151z\u0151, Repka Attila \u00e9s Bacs\u00f3 Alex tan\u00edtv\u00e1nyai mindk\u00e9t fog\u00e1snemben szereztek \u00e9rmet.<\/p>\n\n\n\n<p><strong>Eredm\u00e9nyek<\/strong><br><strong> K\u00f6t\u00f6ttfog\u00e1s:<br><\/strong> <strong>71 kg:<\/strong> 1. Zurai Rajmund<br><strong> 80 kg:<\/strong> 3. Szinay Csaba<br><strong> Szabadfog\u00e1s: <br><\/strong> <strong>80 kg:<\/strong> 2. Porteleki D\u00e1vid<\/p>\n\n\n\n<figure class=\"wp-block-image size-large\"><img loading=\"lazy\" decoding=\"async\" width=\"961\" height=\"1024\" src=\"https:\/\/mvsi.hu\/wp-content\/uploads\/2020\/02\/birko-uj-961x1024.jpg\" alt=\"\" class=\"wp-image-3252\" srcset=\"https:\/\/mvsi.hu\/wp-content\/uploads\/2020\/02\/birko-uj-961x1024.jpg 961w, https:\/\/mvsi.hu\/wp-content\/uploads\/2020\/02\/birko-uj-281x300.jpg 281w, https:\/\/mvsi.hu\/wp-content\/uploads\/2020\/02\/birko-uj-768x819.jpg 768w, https:\/\/mvsi.hu\/wp-content\/uploads\/2020\/02\/birko-uj-1441x1536.jpg 1441w, https:\/\/mvsi.hu\/wp-content\/uploads\/2020\/02\/birko-uj.jpg 1504w\" sizes=\"auto, (max-width: 961px) 100vw, 961px\" \/><figcaption>  A dobog\u00f3 legmagasabb fok\u00e1n Zurai Rajmund, a dobog\u00f3 mellett egyik edz\u0151je, Juh\u00e1sz S\u00e1ndor. <\/figcaption><\/figure>\n","protected":false},"excerpt":{"rendered":"<p>A DVTK-Miskolci Sportiskola versenyz\u0151i febru\u00e1r 15-\u00e9n, a Somogyj\u00e1don megrendezett kadet korcsoportos szabad- \u00e9s k\u00f6t\u00f6ttfog\u00e1s\u00fa birk\u00f3z\u00f3 min\u0151s\u00edt\u00e9si versenyen l\u00e9ptek sz\u0151nyegre. Juh\u00e1sz S\u00e1ndor, Lakatos Gy\u0151z\u0151, Repka Attila \u00e9s Bacs\u00f3 Alex tan\u00edtv\u00e1nyai mindk\u00e9t fog\u00e1snemben szereztek \u00e9rmet. Eredm\u00e9nyek K\u00f6t\u00f6ttfog\u00e1s: 71 kg: 1. Zurai Rajmund 80 kg: 3. Szinay Csaba Szabadfog\u00e1s: 80 kg: 2. Porteleki D\u00e1vid<\/p>\n","protected":false},"author":1,"featured_media":3252,"comment_status":"closed","ping_status":"open","sticky":false,"template":"","format":"standard","meta":{"footnotes":""},"categories":[152],"tags":[],"class_list":["post-3251","post","type-post","status-publish","format-standard","has-post-thumbnail","hentry","category-birkozas"],"_links":{"self":[{"href":"https:\/\/mvsi.hu\/index.php?rest_route=\/wp\/v2\/posts\/3251","targetHints":{"allow":["GET"]}}],"collection":[{"href":"https:\/\/mvsi.hu\/index.php?rest_route=\/wp\/v2\/posts"}],"about":[{"href":"https:\/\/mvsi.hu\/index.php?rest_route=\/wp\/v2\/types\/post"}],"author":[{"embeddable":true,"href":"https:\/\/mvsi.hu\/index.php?rest_route=\/wp\/v2\/users\/1"}],"replies":[{"embeddable":true,"href":"https:\/\/mvsi.hu\/index.php?rest_route=%2Fwp%2Fv2%2Fcomments&post=3251"}],"version-history":[{"count":2,"href":"https:\/\/mvsi.hu\/index.php?rest_route=\/wp\/v2\/posts\/3251\/revisions"}],"predecessor-version":[{"id":3254,"href":"https:\/\/mvsi.hu\/index.php?rest_route=\/wp\/v2\/posts\/3251\/revisions\/3254"}],"wp:featuredmedia":[{"embeddable":true,"href":"https:\/\/mvsi.hu\/index.php?rest_route=\/wp\/v2\/media\/3252"}],"wp:attachment":[{"href":"https:\/\/mvsi.hu\/index.php?rest_route=%2Fwp%2Fv2%2Fmedia&parent=3251"}],"wp:term":[{"taxonomy":"category","embeddable":true,"href":"https:\/\/mvsi.hu\/index.php?rest_route=%2Fwp%2Fv2%2Fcategories&post=3251"},{"taxonomy":"post_tag","embeddable":true,"href":"https:\/\/mvsi.hu\/index.php?rest_route=%2Fwp%2Fv2%2Ftags&post=3251"}],"curies":[{"name":"wp","href":"https:\/\/api.w.org\/{rel}","templated":true}]}}