{"id":3255,"date":"2020-02-18T09:38:38","date_gmt":"2020-02-18T09:38:38","guid":{"rendered":"http:\/\/mvsi.hu\/?p=3255"},"modified":"2020-02-18T09:39:06","modified_gmt":"2020-02-18T09:39:06","slug":"miskolci-ermek-a-gyaloglo-orszagos-bajnoksagrol","status":"publish","type":"post","link":"https:\/\/mvsi.hu\/?p=3255","title":{"rendered":"Miskolci \u00e9rmek a gyalogl\u00f3 orsz\u00e1gos bajnoks\u00e1gr\u00f3l"},"content":{"rendered":"\n<p>Haz\u00e1nk junior \u00e9s ifj\u00fas\u00e1gi korcsoportos fedettp\u00e1ly\u00e1s atl\u00e9tikai orsz\u00e1gos bajnoks\u00e1g\u00e1t febru\u00e1r 15-\u00e9n rendezt\u00e9k meg Budapesten. A Miskolci Sportiskola Sz\u0171cs J\u00f3zsef \u00e1ltal felk\u00e9sz\u00edtett gyalogl\u00f3i, akik k\u00f6z\u00fcl ketten is egy\u00e9ni cs\u00facsot teljes\u00edtettek, mindk\u00e9t koroszt\u00e1lyban fel\u00e1llhattak a dobog\u00f3ra.<br> <\/p>\n\n\n\n<p><strong>Eredm\u00e9nyek <\/strong><br> <strong>Junior f\u00e9rfiak, 5 km:<\/strong> 3. G\u00e1l Vencel, 22:54.45  perc (egy\u00e9ni cs\u00facs), 4. Varga D\u00e1vid, 24:37.04<br><strong> Ifj\u00fas\u00e1gi fi\u00fak, 5 km:<\/strong> 2. Konczvald Tam\u00e1s, 25:57.90  (egy\u00e9ni cs\u00facs) <br> <strong>Ifj\u00fas\u00e1gi le\u00e1nyok, 3 km: <\/strong>3. Moln\u00e1r Bogl\u00e1rka, 17:31.16.<\/p>\n\n\n\n<figure class=\"wp-block-image size-large\"><img loading=\"lazy\" decoding=\"async\" width=\"1024\" height=\"768\" src=\"https:\/\/mvsi.hu\/wp-content\/uploads\/2020\/02\/Konczvald-Tam\u00e1s-balr\u00f3l-1024x768.jpg\" alt=\"\" class=\"wp-image-3256\" srcset=\"https:\/\/mvsi.hu\/wp-content\/uploads\/2020\/02\/Konczvald-Tam\u00e1s-balr\u00f3l-1024x768.jpg 1024w, https:\/\/mvsi.hu\/wp-content\/uploads\/2020\/02\/Konczvald-Tam\u00e1s-balr\u00f3l-300x225.jpg 300w, https:\/\/mvsi.hu\/wp-content\/uploads\/2020\/02\/Konczvald-Tam\u00e1s-balr\u00f3l-768x576.jpg 768w, https:\/\/mvsi.hu\/wp-content\/uploads\/2020\/02\/Konczvald-Tam\u00e1s-balr\u00f3l-1536x1152.jpg 1536w, https:\/\/mvsi.hu\/wp-content\/uploads\/2020\/02\/Konczvald-Tam\u00e1s-balr\u00f3l-360x270.jpg 360w, https:\/\/mvsi.hu\/wp-content\/uploads\/2020\/02\/Konczvald-Tam\u00e1s-balr\u00f3l.jpg 2048w\" sizes=\"auto, (max-width: 1024px) 100vw, 1024px\" \/><figcaption>  Konczvald Tam\u00e1s (balr\u00f3l) bajnoki ez\u00fcst\u00e9rmet harcolt ki Budapesten. <\/figcaption><\/figure>\n","protected":false},"excerpt":{"rendered":"<p>Haz\u00e1nk junior \u00e9s ifj\u00fas\u00e1gi korcsoportos fedettp\u00e1ly\u00e1s atl\u00e9tikai orsz\u00e1gos bajnoks\u00e1g\u00e1t febru\u00e1r 15-\u00e9n rendezt\u00e9k meg Budapesten. A Miskolci Sportiskola Sz\u0171cs J\u00f3zsef \u00e1ltal felk\u00e9sz\u00edtett gyalogl\u00f3i, akik k\u00f6z\u00fcl ketten is egy\u00e9ni cs\u00facsot teljes\u00edtettek, mindk\u00e9t koroszt\u00e1lyban fel\u00e1llhattak a dobog\u00f3ra. Eredm\u00e9nyek Junior f\u00e9rfiak, 5 km: 3. G\u00e1l Vencel, 22:54.45 perc (egy\u00e9ni cs\u00facs), 4. Varga D\u00e1vid, 24:37.04 Ifj\u00fas\u00e1gi fi\u00fak, 5 km: 2. [&hellip;]<\/p>\n","protected":false},"author":1,"featured_media":3256,"comment_status":"closed","ping_status":"open","sticky":false,"template":"","format":"standard","meta":{"footnotes":""},"categories":[151,149],"tags":[],"class_list":["post-3255","post","type-post","status-publish","format-standard","has-post-thumbnail","hentry","category-atletika","category-szakoszt-hirek"],"_links":{"self":[{"href":"https:\/\/mvsi.hu\/index.php?rest_route=\/wp\/v2\/posts\/3255","targetHints":{"allow":["GET"]}}],"collection":[{"href":"https:\/\/mvsi.hu\/index.php?rest_route=\/wp\/v2\/posts"}],"about":[{"href":"https:\/\/mvsi.hu\/index.php?rest_route=\/wp\/v2\/types\/post"}],"author":[{"embeddable":true,"href":"https:\/\/mvsi.hu\/index.php?rest_route=\/wp\/v2\/users\/1"}],"replies":[{"embeddable":true,"href":"https:\/\/mvsi.hu\/index.php?rest_route=%2Fwp%2Fv2%2Fcomments&post=3255"}],"version-history":[{"count":1,"href":"https:\/\/mvsi.hu\/index.php?rest_route=\/wp\/v2\/posts\/3255\/revisions"}],"predecessor-version":[{"id":3257,"href":"https:\/\/mvsi.hu\/index.php?rest_route=\/wp\/v2\/posts\/3255\/revisions\/3257"}],"wp:featuredmedia":[{"embeddable":true,"href":"https:\/\/mvsi.hu\/index.php?rest_route=\/wp\/v2\/media\/3256"}],"wp:attachment":[{"href":"https:\/\/mvsi.hu\/index.php?rest_route=%2Fwp%2Fv2%2Fmedia&parent=3255"}],"wp:term":[{"taxonomy":"category","embeddable":true,"href":"https:\/\/mvsi.hu\/index.php?rest_route=%2Fwp%2Fv2%2Fcategories&post=3255"},{"taxonomy":"post_tag","embeddable":true,"href":"https:\/\/mvsi.hu\/index.php?rest_route=%2Fwp%2Fv2%2Ftags&post=3255"}],"curies":[{"name":"wp","href":"https:\/\/api.w.org\/{rel}","templated":true}]}}