{"id":3276,"date":"2020-03-02T11:55:57","date_gmt":"2020-03-02T11:55:57","guid":{"rendered":"http:\/\/mvsi.hu\/?p=3276"},"modified":"2020-03-02T11:55:57","modified_gmt":"2020-03-02T11:55:57","slug":"roczei-greta-magyar-bajnoki-bronzermet-nyert","status":"publish","type":"post","link":"https:\/\/mvsi.hu\/?p=3276","title":{"rendered":"R\u0151czei Gr\u00e9ta magyar bajnoki bronz\u00e9rmet nyert"},"content":{"rendered":"\n<p>Magyarorsz\u00e1g Fedett-p\u00e1ly\u00e1s Ifj\u00fas\u00e1gi \u00e9s Junior Atl\u00e9tikai Bajnoks\u00e1g\u00e1t febru\u00e1r utols\u00f3 napj\u00e1n Budapesten rendezt\u00e9k meg. Az ifj\u00fas\u00e1gi le\u00e1nyok (U18) h\u00e1rmasugr\u00f3 sz\u00e1m\u00e1ban R\u0151czei Gr\u00e9ta, a Miskolci Sportiskola versenyz\u0151je  v\u00e9gig szoros k\u00fczdelemben, az 5. sorozatig a 2. helyen \u00e1llt, de ott ketten is t\u00falugrott\u00e1k, \u00edgy visszacs\u00faszott a 4. poz\u00edci\u00f3ba. Az utols\u00f3, 6. sorozatban Majkut Gergely tan\u00edtv\u00e1nya 90 cm-t (!) jav\u00edtva egy\u00e9ni cs\u00facs\u00e1n, megszerezte a bajnoks\u00e1g bronz\u00e9rm\u00e9t. 11,51 m\u00e9teres eredm\u00e9ny\u00e9vel mind\u00f6ssze 1cm-el maradt el a m\u00e1sodik \u00e9s 10 cm-el az els\u0151 helyezett\u0151l.  <\/p>\n","protected":false},"excerpt":{"rendered":"<p>Magyarorsz\u00e1g Fedett-p\u00e1ly\u00e1s Ifj\u00fas\u00e1gi \u00e9s Junior Atl\u00e9tikai Bajnoks\u00e1g\u00e1t febru\u00e1r utols\u00f3 napj\u00e1n Budapesten rendezt\u00e9k meg. Az ifj\u00fas\u00e1gi le\u00e1nyok (U18) h\u00e1rmasugr\u00f3 sz\u00e1m\u00e1ban R\u0151czei Gr\u00e9ta, a Miskolci Sportiskola versenyz\u0151je v\u00e9gig szoros k\u00fczdelemben, az 5. sorozatig a 2. helyen \u00e1llt, de ott ketten is t\u00falugrott\u00e1k, \u00edgy visszacs\u00faszott a 4. poz\u00edci\u00f3ba. Az utols\u00f3, 6. sorozatban Majkut Gergely tan\u00edtv\u00e1nya 90 cm-t (!) [&hellip;]<\/p>\n","protected":false},"author":3,"featured_media":3277,"comment_status":"closed","ping_status":"open","sticky":false,"template":"","format":"standard","meta":{"footnotes":""},"categories":[151,149],"tags":[],"class_list":["post-3276","post","type-post","status-publish","format-standard","has-post-thumbnail","hentry","category-atletika","category-szakoszt-hirek"],"_links":{"self":[{"href":"https:\/\/mvsi.hu\/index.php?rest_route=\/wp\/v2\/posts\/3276","targetHints":{"allow":["GET"]}}],"collection":[{"href":"https:\/\/mvsi.hu\/index.php?rest_route=\/wp\/v2\/posts"}],"about":[{"href":"https:\/\/mvsi.hu\/index.php?rest_route=\/wp\/v2\/types\/post"}],"author":[{"embeddable":true,"href":"https:\/\/mvsi.hu\/index.php?rest_route=\/wp\/v2\/users\/3"}],"replies":[{"embeddable":true,"href":"https:\/\/mvsi.hu\/index.php?rest_route=%2Fwp%2Fv2%2Fcomments&post=3276"}],"version-history":[{"count":1,"href":"https:\/\/mvsi.hu\/index.php?rest_route=\/wp\/v2\/posts\/3276\/revisions"}],"predecessor-version":[{"id":3278,"href":"https:\/\/mvsi.hu\/index.php?rest_route=\/wp\/v2\/posts\/3276\/revisions\/3278"}],"wp:featuredmedia":[{"embeddable":true,"href":"https:\/\/mvsi.hu\/index.php?rest_route=\/wp\/v2\/media\/3277"}],"wp:attachment":[{"href":"https:\/\/mvsi.hu\/index.php?rest_route=%2Fwp%2Fv2%2Fmedia&parent=3276"}],"wp:term":[{"taxonomy":"category","embeddable":true,"href":"https:\/\/mvsi.hu\/index.php?rest_route=%2Fwp%2Fv2%2Fcategories&post=3276"},{"taxonomy":"post_tag","embeddable":true,"href":"https:\/\/mvsi.hu\/index.php?rest_route=%2Fwp%2Fv2%2Ftags&post=3276"}],"curies":[{"name":"wp","href":"https:\/\/api.w.org\/{rel}","templated":true}]}}