{"id":3371,"date":"2020-07-20T09:06:43","date_gmt":"2020-07-20T09:06:43","guid":{"rendered":"http:\/\/mvsi.hu\/?p=3371"},"modified":"2020-07-20T09:06:43","modified_gmt":"2020-07-20T09:06:43","slug":"toth-anna-egy-39-eves-ifjusagi-csucsot-dontott-meg","status":"publish","type":"post","link":"https:\/\/mvsi.hu\/?p=3371","title":{"rendered":"T\u00f3th Anna egy 39 \u00e9ves ifj\u00fas\u00e1gi cs\u00facsot d\u00f6nt\u00f6tt meg"},"content":{"rendered":"\n<p>A Miskolci Sportiskola 16 \u00e9ves\u00a0 atl\u00e9t\u00e1ja, T\u00f3th Anna j\u00falius 16-\u00e1n, cs\u00fct\u00f6rt\u00f6k\u00f6n, Debrecenben megd\u00f6nt\u00f6tte\u00a0a 100 m\u00e9teres g\u00e1tfut\u00e1s 39 \u00e9ve \u0151rz\u00f6tt ifj\u00fas\u00e1gi rekordj\u00e1t.<\/p>\n\n\n\n<p>Az \u00e9vet 60 m\u00e9teres g\u00e1tfut\u00e1sban fedett\np\u00e1ly\u00e1s ifj\u00fas\u00e1gi bajnoki c\u00edmmel kezdte, \u00e9s az akkori eredm\u00e9nye m\u00e1r igen\nkecsegtet\u0151 volt (8.42 mp), csup\u00e1n h\u00e1rom sz\u00e1zaddal maradt el a koroszt\u00e1lya\nvalaha volt legjobb hazai eredm\u00e9ny\u00e9t\u0151l. A 16 \u00e9ves&nbsp;<em>T\u00f3th Anna<\/em>&nbsp;\u00fagy\nt\u0171nik, a versenysz\u00fcnetben sem d\u0151lt h\u00e1tra, hiszen a Debreceni SI-SC megh\u00edv\u00e1sos\nverseny\u00e9n, a Gyulai Istv\u00e1n Stadionban 100 m g\u00e1ton repesztett 13.91 m\u00e1sodpercet\n\u2013 mindezt m\u00e1r a feln\u0151tt g\u00e1tmagass\u00e1gon (84 cm).<\/p>\n\n\n\n<p>Az U18-as l\u00e1nyok k\u00f6z\u00f6tt enn\u00e9l gyorsabban\nm\u00e9g senki nem teljes\u00edtette a sz\u00e1mot Magyarorsz\u00e1gon, az eddigi cs\u00facsot (13.98\nmp)&nbsp;<em>Rost\u00e1s\nM\u00f3nika<\/em>&nbsp;1981 \u00f3ta, azaz 39 \u00e9ve \u0151rizte. Ezt siker\u00fclt\nt\u00falsz\u00e1rnyalnia a Miskolci Sportiskola \u00edg\u00e9ret\u00e9nek, aki&nbsp;<em>Koz\u00e1k Luca<\/em>&nbsp;m\u00f6g\u00f6tt\n\u00e9s&nbsp;<em>Sorok Klaudia<\/em>&nbsp;el\u0151tt\nm\u00e1sodikk\u00e9nt \u00e9rt c\u00e9lba cs\u00fct\u00f6rt\u00f6k\u00f6n, az ifj\u00fas\u00e1gi vil\u00e1granglist\u00e1n pedig a hatodik\nhelyre l\u00e9pett el\u0151.<\/p>\n\n\n\n<p><em>\u201eV\u00e9gig nagyon sz\u00e9pen mozgott<\/em>&nbsp;\u2013 \u00e9rt\u00e9kelt Anna edz\u0151je,&nbsp;<em>Tigyi J\u00f3zsef<\/em>.\n\u2013&nbsp;<em>\u0150 m\u00e9g ifj\u00fas\u00e1gi\nkor\u00fa, de miut\u00e1n kider\u00fclt, minden vil\u00e1gversenyt t\u00f6r\u00f6lnek, \u00fagy voltunk vele, hogy\na feln\u0151tt g\u00e1tra \u00e1t\u00e1ll\u00e1st el\u0151r\u00e9bb hozzuk, \u00edgy nyer\u00fcnk f\u00e9l\u00e9vet. Nem szokott\nk\u00f6nnyen menni a v\u00e1lt\u00e1s, de szerencs\u00e9re Anna nagyon b\u00e1tran \u00e9s szorgalmasan\ndolgozott. Nem voltak versenyek, nem tudtuk lem\u00e9rni, hol tartunk, de titkon\nsz\u00e1m\u00edtottam r\u00e1, tizenn\u00e9gy m\u00e1sodpercen bel\u00fcl fog futni. Az orsz\u00e1gos cs\u00facs\negy\u00e1ltal\u00e1n nem volt k\u00e9pben, nem volt c\u00e9l, \u00edgy nagy meglepet\u00e9sk\u00e9nt \u00e9rt. Hab volt\na tort\u00e1n. R\u00e1ad\u00e1sul \u00fagy lett ennyi az id\u0151eredm\u00e9nye, hogy az utols\u00f3 g\u00e1tba el\u00e9g\ner\u0151sen beler\u00fagott, \u00e9s ki is esett kicsit a ritmusb\u00f3l. Magyarul, m\u00e9g maradt\nbenne.\u201d<\/em><\/p>\n\n\n\n<p><em>T\u00f3th Anna<\/em>&nbsp;egy\u00e9rtelm\u0171en a nagy mennyis\u00e9g\u0171, versenysz\u00fcnet alatt\nelv\u00e9gzett edz\u00e9smunk\u00e1nak tudja be a teljes\u00edtm\u00e9ny\u00e9t. R\u00e1ad\u00e1sul el\u0151sz\u00f6r versenyzett\naz id\u00e9n szabadt\u00e9ren, \u00edgy ahogy \u0151 fogalmaz: nagy volt benne a tettv\u00e1gy.<\/p>\n\n\n\n<p><em>\u201eAz biztos, hogy nagyon akartam, de nem\n\u00e9reztem azt, ez volt a maximum<\/em>&nbsp;\u2013\nmondja az \u00fajdons\u00fclt rekorder. \u2013&nbsp;<em>El\u00e9gg\u00e9\nizgultam \u00e9s sokat \u00fct\u00f6ttem a g\u00e1takat, sz\u00f3val nem tudom, hogy mennyire lesz m\u00e9g a\nk\u00e9s\u0151bbiekben jobb. A g\u00e1tmagass\u00e1g v\u00e1lt\u00e1sa viszonylag k\u00f6nnyen ment. Magasabb is\nvagyok, \u00e9s hetvenhat centin m\u00e1r azt \u00e9reztem, hogy k\u00f6zel van, kisebb \u00e9s nem\ntudom annyira t\u00e1madni. A nyolcvann\u00e9gy centis magass\u00e1g sokkal k\u00e9nyelmesebbnek\nt\u0171nik. Az egyik nagy v\u00e1gyam az volt, hogy \u00e9n is tudjak majd cs\u00facsot futni.\nFedett p\u00e1ly\u00e1n h\u00e1rom sz\u00e1zaddal lemaradtam. Akkor kicsit csal\u00f3dott voltam. Most\negy \u00e1lmom v\u00e1lt val\u00f3ra! Ez annyira nagy l\u00f6ketet ad a folytat\u00e1shoz! Visszajelz\u00e9s,\nhogy meg\u00e9ri dolgozni.\u201d<\/em><\/p>\n\n\n\n<p>(Forr\u00e1s: www.nemzetisport.hu)<\/p>\n","protected":false},"excerpt":{"rendered":"<p>A Miskolci Sportiskola 16 \u00e9ves\u00a0 atl\u00e9t\u00e1ja, T\u00f3th Anna j\u00falius 16-\u00e1n, cs\u00fct\u00f6rt\u00f6k\u00f6n, Debrecenben megd\u00f6nt\u00f6tte\u00a0a 100 m\u00e9teres g\u00e1tfut\u00e1s 39 \u00e9ve \u0151rz\u00f6tt ifj\u00fas\u00e1gi rekordj\u00e1t. Az \u00e9vet 60 m\u00e9teres g\u00e1tfut\u00e1sban fedett p\u00e1ly\u00e1s ifj\u00fas\u00e1gi bajnoki c\u00edmmel kezdte, \u00e9s az akkori eredm\u00e9nye m\u00e1r igen kecsegtet\u0151 volt (8.42 mp), csup\u00e1n h\u00e1rom sz\u00e1zaddal maradt el a koroszt\u00e1lya valaha volt legjobb hazai eredm\u00e9ny\u00e9t\u0151l. A [&hellip;]<\/p>\n","protected":false},"author":3,"featured_media":3372,"comment_status":"closed","ping_status":"open","sticky":false,"template":"","format":"standard","meta":{"footnotes":""},"categories":[151],"tags":[],"class_list":["post-3371","post","type-post","status-publish","format-standard","has-post-thumbnail","hentry","category-atletika"],"_links":{"self":[{"href":"https:\/\/mvsi.hu\/index.php?rest_route=\/wp\/v2\/posts\/3371","targetHints":{"allow":["GET"]}}],"collection":[{"href":"https:\/\/mvsi.hu\/index.php?rest_route=\/wp\/v2\/posts"}],"about":[{"href":"https:\/\/mvsi.hu\/index.php?rest_route=\/wp\/v2\/types\/post"}],"author":[{"embeddable":true,"href":"https:\/\/mvsi.hu\/index.php?rest_route=\/wp\/v2\/users\/3"}],"replies":[{"embeddable":true,"href":"https:\/\/mvsi.hu\/index.php?rest_route=%2Fwp%2Fv2%2Fcomments&post=3371"}],"version-history":[{"count":1,"href":"https:\/\/mvsi.hu\/index.php?rest_route=\/wp\/v2\/posts\/3371\/revisions"}],"predecessor-version":[{"id":3373,"href":"https:\/\/mvsi.hu\/index.php?rest_route=\/wp\/v2\/posts\/3371\/revisions\/3373"}],"wp:featuredmedia":[{"embeddable":true,"href":"https:\/\/mvsi.hu\/index.php?rest_route=\/wp\/v2\/media\/3372"}],"wp:attachment":[{"href":"https:\/\/mvsi.hu\/index.php?rest_route=%2Fwp%2Fv2%2Fmedia&parent=3371"}],"wp:term":[{"taxonomy":"category","embeddable":true,"href":"https:\/\/mvsi.hu\/index.php?rest_route=%2Fwp%2Fv2%2Fcategories&post=3371"},{"taxonomy":"post_tag","embeddable":true,"href":"https:\/\/mvsi.hu\/index.php?rest_route=%2Fwp%2Fv2%2Ftags&post=3371"}],"curies":[{"name":"wp","href":"https:\/\/api.w.org\/{rel}","templated":true}]}}