{"id":3378,"date":"2020-07-27T06:13:12","date_gmt":"2020-07-27T06:13:12","guid":{"rendered":"http:\/\/mvsi.hu\/?p=3378"},"modified":"2020-07-27T06:17:26","modified_gmt":"2020-07-27T06:17:26","slug":"toth-anna-tovabb-javitotta-az-orszagos-csucsot","status":"publish","type":"post","link":"https:\/\/mvsi.hu\/?p=3378","title":{"rendered":"T\u00f3th Anna tov\u00e1bb jav\u00edtotta az orsz\u00e1gos cs\u00facsot"},"content":{"rendered":"\n<p>Harminckilenc \u00e9vig senki, azt\u00e1n a miskolci T\u00f3th Anna t\u00edz nap alatt k\u00e9tszer is megjav\u00edtotta a 100 m\u00e9teres n\u0151i g\u00e1tfut\u00e1s orsz\u00e1gos ifj\u00fas\u00e1gi rekordj\u00e1t a feln\u0151tt g\u00e1tmagass\u00e1gon (84 cm). A Miskolci Sportiskola 16 \u00e9ves \u00edg\u00e9rete j\u00falius 16-\u00e1n a Debreceni SI-SC megh\u00edv\u00e1sos verseny\u00e9n futott 13.91 m\u00e1sodpercet \u00e9s d\u00f6nt\u00f6tte meg az addigi cs\u00facsot (13.98 mp), amelyet Rost\u00e1s M\u00f3nika 1981 \u00f3ta \u0151rz\u00f6tt, most szombaton, j\u00falius 25-\u00e9n,  pedig ebb\u0151l faragott m\u00e9g 6 sz\u00e1zadot a f\u0151v\u00e1rosi Honv\u00e9d-kupa el\u0151futam\u00e1ban.<\/p>\n\n\n\n<p>Tigyi J\u00f3zsef tan\u00edtv\u00e1ny\u00e1nak a d\u00f6nt\u0151 sem siker\u00fclt sokkal rosszabbul, hiszen be\u00e1ll\u00edtotta kor\u00e1bbi rekordj\u00e1t, a versenysz\u00e1mban ezzel harmadik helyen z\u00e1rt. Az els\u0151 orsz\u00e1gos cs\u00facsa ut\u00e1n \u00fagy fogalmazott, egy \u00e1lma v\u00e1lt val\u00f3ra, \u00e9s m\u00e1r akkor is lehetett sejteni, ez az \u00e1lom bizony visszat\u00e9r\u0151 lesz.<br> <\/p>\n\n\n\n<p> \u201e <em>El\u00e9g sokat koccoltam, \u00e9s nem is ilyen kicsiket, hanem eg\u00e9szen nagyokat. A bok\u00e1m lila \u00e9s be is dagadt, plusz a t\u00e9rdem sincs a legjobb \u00e1llapotban \u2013 kezdi \u00f6sszefoglal\u00f3j\u00e1t nevetve a kazincbarcikai atl\u00e9tal\u00e1ny. \u2013 Egy\u00e9bk\u00e9nt mag\u00e1t a versenyt nagyon j\u00f3nak \u00e9reztem. Megfelel\u0151 volt az id\u0151j\u00e1r\u00e1s is. Nem voltam olyan stresszes, mint a debreceni verseny alatt. Sokkal nyugodtabban \u00e1lltam rajthoz. Tal\u00e1n az\u00e9rt is, mert a koroszt\u00e1lyos cs\u00facs ut\u00e1n picit megnyugodtam. Most csak magamat akartam legy\u0151zni. Az el\u0151futamban az\u00e9rt lett jobb az eredm\u00e9nyem, mert ott kevesebbet \u00fct\u00f6ttem. Az els\u0151 g\u00e1takat nagyon j\u00f3l elkaptam, az \u00f6t\u00f6dikbe akadtam bele. Ez kiz\u00f6kkentett, ut\u00e1na \u00f6sszeszedtem a mozg\u00e1som, de a hetedikbe is beleakadtam, \u00fagyhogy onnant\u00f3l kezdve m\u00e1r neh\u00e9z volt a v\u00e9ge.<\/em> <em>\u201d<\/em> <\/p>\n\n\n\n<p>Anna \u00fagy mes\u00e9li a verseny r\u00e9szleteit, mintha az\u00f3ta is csak a fut\u00e1sr\u00f3l k\u00e9sz\u00fclt felv\u00e9telt n\u00e9zn\u00e9 vissza. Pedig nem \u00edgy van. Egyszer\u0171en mindenre eml\u00e9kszik, \u00e9s az elmondottak alapj\u00e1n \u0151 is levonja a k\u00f6vetkeztet\u00e9st, hogy maradt m\u00e9g b\u0151ven a legut\u00f3bbi produkci\u00f3ban is.<\/p>\n\n\n\n<p><em> \u201eEgy kicsi m\u00e9g biztos van benne. De ennek is nagyon \u00f6r\u00fcl\u00f6k. Az els\u0151 cs\u00facsomat tal\u00e1n az\u00e9rt \u00e9reztem m\u00e1snak, mert akkor \u00e9n nem is tudtam, hogy ebben a koroszt\u00e1lyban van rekord feln\u0151ttmagass\u00e1gon. Ez v\u00e1ratlanul \u00e9rt. Most m\u00e1r nem annyira \u00e9rt meglepet\u00e9sk\u00e9nt, \u00e9s amikor meghallottam, hogy 13.85 lett, boldog is voltam, de csal\u00f3dott is, mert tudtam, nem volt a legjobb fut\u00e1s. M\u00e9gsem siker\u00fclt kihozni a bel\u0151le a legt\u00f6bbet. \u00d6sszess\u00e9g\u00e9ben el\u00e9gedett vagyok, mert nem is indultam volna feln\u0151ttg\u00e1ton, ha nincs a koronav\u00edrus-j\u00e1rv\u00e1ny. Akkor biztosan a saj\u00e1t magass\u00e1gomon versenyzem. De \u00edgy, hogy nyert\u00fcnk egy \u00e9vet, \u00e9s ugye a j\u00f6v\u0151t n\u00e9zz\u00fck J\u00f3zsi b\u00e1csival, v\u00e1ltottunk.\u201d<\/em><\/p>\n\n\n\n<p> T\u00f3th Ann\u00e1nak az ifj\u00fas\u00e1gi magass\u00e1gon (76 cm) tavalyr\u00f3l 13.76-ja van, Sorok Klaudia U18-as cs\u00facsa 13.32. Hogy ez mennyire van l\u0151t\u00e1von bel\u00fcl, nehezen tudja megsaccolni a versenyz\u0151, mert \u00fagy gondolja, az\u00f3ta nyilv\u00e1nval\u00f3an gyorsult \u00e9s fejl\u0151d\u00f6tt. Az ifj\u00fas\u00e1gi orsz\u00e1gos bajnoks\u00e1g majd v\u00e1laszt ad erre a k\u00e9rd\u00e9sre is. Most viszont egy h\u00e9tig a pihen\u00e9s\u00e9 a f\u0151szerep. Anna \u00e9s csal\u00e1dja H\u00e9v\u00edz fel\u00e9 vette az ir\u00e1nyt, ahol nemcsak a rekorder n\u00e9vnapj\u00e1t, hanem unokatestv\u00e9re \u00e9s klubt\u00e1rsa, a h\u00e1rmasugr\u00f3 Papp Dorina szombati idei legjobb eredm\u00e9ny\u00e9t (11.64) \u00e9s harmadik hely\u00e9t is meg\u00fcnneplik.<br> <\/p>\n\n\n\n<p><em>(Forr\u00e1s: www.nemzetisport.hu)<\/em><\/p>\n","protected":false},"excerpt":{"rendered":"<p>Harminckilenc \u00e9vig senki, azt\u00e1n a miskolci T\u00f3th Anna t\u00edz nap alatt k\u00e9tszer is megjav\u00edtotta a 100 m\u00e9teres n\u0151i g\u00e1tfut\u00e1s orsz\u00e1gos ifj\u00fas\u00e1gi rekordj\u00e1t a feln\u0151tt g\u00e1tmagass\u00e1gon (84 cm). A Miskolci Sportiskola 16 \u00e9ves \u00edg\u00e9rete j\u00falius 16-\u00e1n a Debreceni SI-SC megh\u00edv\u00e1sos verseny\u00e9n futott 13.91 m\u00e1sodpercet \u00e9s d\u00f6nt\u00f6tte meg az addigi cs\u00facsot (13.98 mp), amelyet Rost\u00e1s M\u00f3nika 1981 [&hellip;]<\/p>\n","protected":false},"author":1,"featured_media":3379,"comment_status":"closed","ping_status":"open","sticky":false,"template":"","format":"standard","meta":{"footnotes":""},"categories":[151,149],"tags":[],"class_list":["post-3378","post","type-post","status-publish","format-standard","has-post-thumbnail","hentry","category-atletika","category-szakoszt-hirek"],"_links":{"self":[{"href":"https:\/\/mvsi.hu\/index.php?rest_route=\/wp\/v2\/posts\/3378","targetHints":{"allow":["GET"]}}],"collection":[{"href":"https:\/\/mvsi.hu\/index.php?rest_route=\/wp\/v2\/posts"}],"about":[{"href":"https:\/\/mvsi.hu\/index.php?rest_route=\/wp\/v2\/types\/post"}],"author":[{"embeddable":true,"href":"https:\/\/mvsi.hu\/index.php?rest_route=\/wp\/v2\/users\/1"}],"replies":[{"embeddable":true,"href":"https:\/\/mvsi.hu\/index.php?rest_route=%2Fwp%2Fv2%2Fcomments&post=3378"}],"version-history":[{"count":6,"href":"https:\/\/mvsi.hu\/index.php?rest_route=\/wp\/v2\/posts\/3378\/revisions"}],"predecessor-version":[{"id":3388,"href":"https:\/\/mvsi.hu\/index.php?rest_route=\/wp\/v2\/posts\/3378\/revisions\/3388"}],"wp:featuredmedia":[{"embeddable":true,"href":"https:\/\/mvsi.hu\/index.php?rest_route=\/wp\/v2\/media\/3379"}],"wp:attachment":[{"href":"https:\/\/mvsi.hu\/index.php?rest_route=%2Fwp%2Fv2%2Fmedia&parent=3378"}],"wp:term":[{"taxonomy":"category","embeddable":true,"href":"https:\/\/mvsi.hu\/index.php?rest_route=%2Fwp%2Fv2%2Fcategories&post=3378"},{"taxonomy":"post_tag","embeddable":true,"href":"https:\/\/mvsi.hu\/index.php?rest_route=%2Fwp%2Fv2%2Ftags&post=3378"}],"curies":[{"name":"wp","href":"https:\/\/api.w.org\/{rel}","templated":true}]}}