{"id":3566,"date":"2021-02-21T11:20:10","date_gmt":"2021-02-21T11:20:10","guid":{"rendered":"http:\/\/mvsi.hu\/?p=3566"},"modified":"2021-02-21T11:21:58","modified_gmt":"2021-02-21T11:21:58","slug":"bank-leon-bronzermes-lett-a-felnott-bajnoksagon","status":"publish","type":"post","link":"https:\/\/mvsi.hu\/?p=3566","title":{"rendered":"B\u00e1nk Leon bronz\u00e9rmes lett a feln\u0151tt bajnoks\u00e1gon"},"content":{"rendered":"\n<p> Az idei feln\u0151tt\u00a0 Fedettp\u00e1ly\u00e1s Atl\u00e9tikai Magyar Bajnoks\u00e1g\u00a0 febru\u00e1r 21-i, szombati els\u0151 napj\u00e1n rendezt\u00e9k meg a f\u00e9rfiak 5000 m\u00e9teres gyalogl\u00f3 verseny\u00e9t. A mez\u0151nyben ott volt B\u00e1nk\u00a0Leon, a Miskolci Sportiskola Sz\u0171cs J\u00f3zsef \u00e1ltal felk\u00e9sz\u00edtett atl\u00e9t\u00e1ja is, aki az olimpikonokat is felvonultat\u00f3 f\u0151v\u00e1rosi verseng\u00e9sben az el\u0151kel\u0151 harmadik helyen \u00e9rkezett c\u00e9lba. A m\u00e9g\u00a0csak 18 esztend\u0151s tehets\u00e9g 25:50.25 perces ideje fedettp\u00e1ly\u00e1s egy\u00e9ni cs\u00facs. <\/p>\n\n\n\n<figure class=\"wp-block-image size-large\"><img loading=\"lazy\" decoding=\"async\" width=\"1024\" height=\"576\" src=\"https:\/\/mvsi.hu\/wp-content\/uploads\/2021\/02\/image-1024x576.jpg\" alt=\"Sz\u0171cs J\u00f3zsef (balr\u00f3l) \u00e9s B\u00e1nk Leon a budapesti orsz\u00e1gos bajnoks\u00e1gon.\" class=\"wp-image-3567\" srcset=\"https:\/\/mvsi.hu\/wp-content\/uploads\/2021\/02\/image-1024x576.jpg 1024w, https:\/\/mvsi.hu\/wp-content\/uploads\/2021\/02\/image-300x169.jpg 300w, https:\/\/mvsi.hu\/wp-content\/uploads\/2021\/02\/image-768x432.jpg 768w, https:\/\/mvsi.hu\/wp-content\/uploads\/2021\/02\/image-1536x864.jpg 1536w, https:\/\/mvsi.hu\/wp-content\/uploads\/2021\/02\/image.jpg 2048w\" sizes=\"auto, (max-width: 1024px) 100vw, 1024px\" \/><figcaption> <em>Sz\u0171cs J\u00f3zsef (balr\u00f3l) \u00e9s B\u00e1nk Leon a budapesti orsz\u00e1gos bajnoks\u00e1gon.<\/em><\/figcaption><\/figure>\n","protected":false},"excerpt":{"rendered":"<p>Az idei feln\u0151tt\u00a0 Fedettp\u00e1ly\u00e1s Atl\u00e9tikai Magyar Bajnoks\u00e1g\u00a0 febru\u00e1r 21-i, szombati els\u0151 napj\u00e1n rendezt\u00e9k meg a f\u00e9rfiak 5000 m\u00e9teres gyalogl\u00f3 verseny\u00e9t. A mez\u0151nyben ott volt B\u00e1nk\u00a0Leon, a Miskolci Sportiskola Sz\u0171cs J\u00f3zsef \u00e1ltal felk\u00e9sz\u00edtett atl\u00e9t\u00e1ja is, aki az olimpikonokat is felvonultat\u00f3 f\u0151v\u00e1rosi verseng\u00e9sben az el\u0151kel\u0151 harmadik helyen \u00e9rkezett c\u00e9lba. A m\u00e9g\u00a0csak 18 esztend\u0151s tehets\u00e9g 25:50.25 perces ideje [&hellip;]<\/p>\n","protected":false},"author":1,"featured_media":3567,"comment_status":"closed","ping_status":"open","sticky":false,"template":"","format":"standard","meta":{"footnotes":""},"categories":[151],"tags":[],"class_list":["post-3566","post","type-post","status-publish","format-standard","has-post-thumbnail","hentry","category-atletika"],"_links":{"self":[{"href":"https:\/\/mvsi.hu\/index.php?rest_route=\/wp\/v2\/posts\/3566","targetHints":{"allow":["GET"]}}],"collection":[{"href":"https:\/\/mvsi.hu\/index.php?rest_route=\/wp\/v2\/posts"}],"about":[{"href":"https:\/\/mvsi.hu\/index.php?rest_route=\/wp\/v2\/types\/post"}],"author":[{"embeddable":true,"href":"https:\/\/mvsi.hu\/index.php?rest_route=\/wp\/v2\/users\/1"}],"replies":[{"embeddable":true,"href":"https:\/\/mvsi.hu\/index.php?rest_route=%2Fwp%2Fv2%2Fcomments&post=3566"}],"version-history":[{"count":1,"href":"https:\/\/mvsi.hu\/index.php?rest_route=\/wp\/v2\/posts\/3566\/revisions"}],"predecessor-version":[{"id":3568,"href":"https:\/\/mvsi.hu\/index.php?rest_route=\/wp\/v2\/posts\/3566\/revisions\/3568"}],"wp:featuredmedia":[{"embeddable":true,"href":"https:\/\/mvsi.hu\/index.php?rest_route=\/wp\/v2\/media\/3567"}],"wp:attachment":[{"href":"https:\/\/mvsi.hu\/index.php?rest_route=%2Fwp%2Fv2%2Fmedia&parent=3566"}],"wp:term":[{"taxonomy":"category","embeddable":true,"href":"https:\/\/mvsi.hu\/index.php?rest_route=%2Fwp%2Fv2%2Fcategories&post=3566"},{"taxonomy":"post_tag","embeddable":true,"href":"https:\/\/mvsi.hu\/index.php?rest_route=%2Fwp%2Fv2%2Ftags&post=3566"}],"curies":[{"name":"wp","href":"https:\/\/api.w.org\/{rel}","templated":true}]}}