{"id":3684,"date":"2021-05-18T06:04:27","date_gmt":"2021-05-18T06:04:27","guid":{"rendered":"http:\/\/mvsi.hu\/?p=3684"},"modified":"2021-05-18T06:04:27","modified_gmt":"2021-05-18T06:04:27","slug":"szinay-bronz-bukarestbol-toth-ezust-egerbol","status":"publish","type":"post","link":"https:\/\/mvsi.hu\/?p=3684","title":{"rendered":"Szinay-bronz Bukarestb\u0151l, T\u00f3th-ez\u00fcst Egerb\u0151l"},"content":{"rendered":"\n<p>A\nDVTK-Miskolci Sportiskola Lakatos Gy\u0151z\u0151 \u00e9s Juh\u00e1sz S\u00e1ndor \u00e1ltal felk\u00e9sz\u00edtett\nbirk\u00f3z\u00f3i az elm\u00falt h\u00e9tv\u00e9g\u00e9n egy-egy hazai \u00e9s k\u00fclf\u00f6ldi er\u0151pr\u00f3b\u00e1n szerepeltek. <\/p>\n\n\n\n<p><strong>A j\u00faniusi,\nbulg\u00e1riai kadet Eur\u00f3pa-bajnoks\u00e1gra k\u00e9sz\u00fcl\u0151 Szinay Csaba<\/strong> Bukarestben, a Constantin\nAlexandru \u00e9s Ioan W. Popovici kadet korcsoport\u00fa nemzetk\u00f6zi birk\u00f3z\u00f3versenyen\nl\u00e9pett sz\u0151nyegre, ahol a 80 kg-os s\u00falycsoportban bronz\u00e9rmet szerzett.<\/p>\n\n\n\n<p><strong>A Di\u00e1k I.\nkorcsoportos k\u00f6t\u00f6ttfog\u00e1s\u00fa birk\u00f3z\u00f3 orsz\u00e1gos bajnoks\u00e1gnak Eger adott otthont.<\/strong><strong> <\/strong><strong>A 235 indul\u00f3t felvonultat\u00f3 viadalon T\u00f3th Zolt\u00e1n<\/strong><strong>&nbsp;<\/strong>a 2. helyet harcolta ki a\n46 kg-os s\u00falycsoportban, m\u00edg <strong>Gy\u0151ri Leon<\/strong>&nbsp;az\n5. helyen z\u00e1rt az 54 kg-osok verseny\u00e9ben.<\/p>\n","protected":false},"excerpt":{"rendered":"<p>A DVTK-Miskolci Sportiskola Lakatos Gy\u0151z\u0151 \u00e9s Juh\u00e1sz S\u00e1ndor \u00e1ltal felk\u00e9sz\u00edtett birk\u00f3z\u00f3i az elm\u00falt h\u00e9tv\u00e9g\u00e9n egy-egy hazai \u00e9s k\u00fclf\u00f6ldi er\u0151pr\u00f3b\u00e1n szerepeltek. A j\u00faniusi, bulg\u00e1riai kadet Eur\u00f3pa-bajnoks\u00e1gra k\u00e9sz\u00fcl\u0151 Szinay Csaba Bukarestben, a Constantin Alexandru \u00e9s Ioan W. Popovici kadet korcsoport\u00fa nemzetk\u00f6zi birk\u00f3z\u00f3versenyen l\u00e9pett sz\u0151nyegre, ahol a 80 kg-os s\u00falycsoportban bronz\u00e9rmet szerzett. A Di\u00e1k I. korcsoportos k\u00f6t\u00f6ttfog\u00e1s\u00fa birk\u00f3z\u00f3 [&hellip;]<\/p>\n","protected":false},"author":4,"featured_media":0,"comment_status":"closed","ping_status":"open","sticky":false,"template":"","format":"standard","meta":{"footnotes":""},"categories":[152],"tags":[],"class_list":["post-3684","post","type-post","status-publish","format-standard","hentry","category-birkozas"],"_links":{"self":[{"href":"https:\/\/mvsi.hu\/index.php?rest_route=\/wp\/v2\/posts\/3684","targetHints":{"allow":["GET"]}}],"collection":[{"href":"https:\/\/mvsi.hu\/index.php?rest_route=\/wp\/v2\/posts"}],"about":[{"href":"https:\/\/mvsi.hu\/index.php?rest_route=\/wp\/v2\/types\/post"}],"author":[{"embeddable":true,"href":"https:\/\/mvsi.hu\/index.php?rest_route=\/wp\/v2\/users\/4"}],"replies":[{"embeddable":true,"href":"https:\/\/mvsi.hu\/index.php?rest_route=%2Fwp%2Fv2%2Fcomments&post=3684"}],"version-history":[{"count":1,"href":"https:\/\/mvsi.hu\/index.php?rest_route=\/wp\/v2\/posts\/3684\/revisions"}],"predecessor-version":[{"id":3685,"href":"https:\/\/mvsi.hu\/index.php?rest_route=\/wp\/v2\/posts\/3684\/revisions\/3685"}],"wp:attachment":[{"href":"https:\/\/mvsi.hu\/index.php?rest_route=%2Fwp%2Fv2%2Fmedia&parent=3684"}],"wp:term":[{"taxonomy":"category","embeddable":true,"href":"https:\/\/mvsi.hu\/index.php?rest_route=%2Fwp%2Fv2%2Fcategories&post=3684"},{"taxonomy":"post_tag","embeddable":true,"href":"https:\/\/mvsi.hu\/index.php?rest_route=%2Fwp%2Fv2%2Ftags&post=3684"}],"curies":[{"name":"wp","href":"https:\/\/api.w.org\/{rel}","templated":true}]}}