{"id":3703,"date":"2021-06-22T05:47:27","date_gmt":"2021-06-22T05:47:27","guid":{"rendered":"http:\/\/mvsi.hu\/?p=3703"},"modified":"2024-05-27T08:09:24","modified_gmt":"2024-05-27T08:09:24","slug":"kantor-benedek-magyar-kupat-nyert","status":"publish","type":"post","link":"https:\/\/mvsi.hu\/?p=3703","title":{"rendered":"K\u00e1ntor Benedek Magyar-kup\u00e1t nyert"},"content":{"rendered":"\n<p>A Miskolci Sportiskola \u00f6ttusa szakoszt\u00e1ly\u00e1nak versenyz\u0151i a\nnapokban, a f\u0151v\u00e1rosban, a laser run B\u00e9res Magyar-kupa 1. fordul\u00f3j\u00e1n\nversenyeztek. A Budapesti Honv\u00e9d SE sporttelep\u00e9n megrendezett viadalon a\nfiatalok k\u00f6zel egy \u00e9v kihagy\u00e1s ut\u00e1n adhattok sz\u00e1mot tud\u00e1sukr\u00f3l, \u00e9s ennek\nellen\u00e9re nagyszer\u0171en helyt\u00e1lltak, kem\u00e9nyen k\u00fczd\u00f6ttek. Az U13-as fi\u00fakn\u00e1l dupla\nmiskolci siker sz\u00fcletett, hiszen K\u00e1ntor Benedek \u00e9s Herczeg \u00c1ron osztozott meg\naz els\u0151 k\u00e9t helyen. A felk\u00e9sz\u00edt\u00e9s\u00e9rt k\u00fcl\u00f6n k\u00f6sz\u00f6net Z\u00e1mbori Athosz Zolt\u00e1nnak,\naki a fut\u00f3edz\u00e9seket ir\u00e1ny\u00edtotta.<\/p>\n\n\n\n<p><strong>Eredm\u00e9nyek<\/strong><\/p>\n\n\n\n<p><strong>U11-es\nkcs., fi\u00fak:<\/strong> 17. Furman Nimr\u00f3d,\n490 pont<\/p>\n\n\n\n<p><strong>U13-as\nkcs., fi\u00fak:<\/strong> 1. K\u00e1ntor Benedek,\n542 pont, 2. Herczeg \u00c1ron, 542, \u202610.K\u00e1ntor Vince, 508, \u202631.Varga G\u00e1bor, 474,\n\u202639. Furman Csan\u00e1d, 446 <\/p>\n\n\n\n<p><strong>U11-es\nkcs., le\u00e1nyok:<\/strong> 11. Kir\u00e1ly Csenge\nZs\u00f3fia, 506 pont<\/p>\n\n\n\n<p><strong>U13-as\nkcs., le\u00e1nyok:<\/strong> 36. B\u00e9res Vanda, 436\npont.<\/p>\n\n\n\n<p><\/p>\n\n\n\n<figure class=\"wp-block-image size-large\"><img loading=\"lazy\" decoding=\"async\" width=\"1024\" height=\"683\" src=\"https:\/\/mvsi.hu\/wp-content\/uploads\/2021\/06\/Herczeg-\u00c1ron-K\u00e1ntor-Benedek-L\u00e9vay-M\u00e1t\u00e9-1-1024x683.jpg\" alt=\"\" class=\"wp-image-3704\" srcset=\"https:\/\/mvsi.hu\/wp-content\/uploads\/2021\/06\/Herczeg-\u00c1ron-K\u00e1ntor-Benedek-L\u00e9vay-M\u00e1t\u00e9-1-1024x683.jpg 1024w, https:\/\/mvsi.hu\/wp-content\/uploads\/2021\/06\/Herczeg-\u00c1ron-K\u00e1ntor-Benedek-L\u00e9vay-M\u00e1t\u00e9-1-300x200.jpg 300w, https:\/\/mvsi.hu\/wp-content\/uploads\/2021\/06\/Herczeg-\u00c1ron-K\u00e1ntor-Benedek-L\u00e9vay-M\u00e1t\u00e9-1-768x512.jpg 768w, https:\/\/mvsi.hu\/wp-content\/uploads\/2021\/06\/Herczeg-\u00c1ron-K\u00e1ntor-Benedek-L\u00e9vay-M\u00e1t\u00e9-1-1536x1024.jpg 1536w, https:\/\/mvsi.hu\/wp-content\/uploads\/2021\/06\/Herczeg-\u00c1ron-K\u00e1ntor-Benedek-L\u00e9vay-M\u00e1t\u00e9-1-2048x1365.jpg 2048w\" sizes=\"auto, (max-width: 1024px) 100vw, 1024px\" \/><figcaption> Herczeg \u00c1ron (balr\u00f3l), K\u00e1ntor Benedek \u00e9s a k\u0151b\u00e1nyai L\u00e9vai M\u00e1t\u00e9 az eredm\u00e9nyhirdet\u00e9sen. <\/figcaption><\/figure>\n","protected":false},"excerpt":{"rendered":"<p>A Miskolci Sportiskola \u00f6ttusa szakoszt\u00e1ly\u00e1nak versenyz\u0151i a napokban, a f\u0151v\u00e1rosban, a laser run B\u00e9res Magyar-kupa 1. fordul\u00f3j\u00e1n versenyeztek. A Budapesti Honv\u00e9d SE sporttelep\u00e9n megrendezett viadalon a fiatalok k\u00f6zel egy \u00e9v kihagy\u00e1s ut\u00e1n adhattok sz\u00e1mot tud\u00e1sukr\u00f3l, \u00e9s ennek ellen\u00e9re nagyszer\u0171en helyt\u00e1lltak, kem\u00e9nyen k\u00fczd\u00f6ttek. Az U13-as fi\u00fakn\u00e1l dupla miskolci siker sz\u00fcletett, hiszen K\u00e1ntor Benedek \u00e9s Herczeg \u00c1ron [&hellip;]<\/p>\n","protected":false},"author":4,"featured_media":3704,"comment_status":"closed","ping_status":"open","sticky":false,"template":"","format":"standard","meta":{"footnotes":""},"categories":[149],"tags":[],"class_list":["post-3703","post","type-post","status-publish","format-standard","has-post-thumbnail","hentry","category-szakoszt-hirek"],"_links":{"self":[{"href":"https:\/\/mvsi.hu\/index.php?rest_route=\/wp\/v2\/posts\/3703","targetHints":{"allow":["GET"]}}],"collection":[{"href":"https:\/\/mvsi.hu\/index.php?rest_route=\/wp\/v2\/posts"}],"about":[{"href":"https:\/\/mvsi.hu\/index.php?rest_route=\/wp\/v2\/types\/post"}],"author":[{"embeddable":true,"href":"https:\/\/mvsi.hu\/index.php?rest_route=\/wp\/v2\/users\/4"}],"replies":[{"embeddable":true,"href":"https:\/\/mvsi.hu\/index.php?rest_route=%2Fwp%2Fv2%2Fcomments&post=3703"}],"version-history":[{"count":1,"href":"https:\/\/mvsi.hu\/index.php?rest_route=\/wp\/v2\/posts\/3703\/revisions"}],"predecessor-version":[{"id":3705,"href":"https:\/\/mvsi.hu\/index.php?rest_route=\/wp\/v2\/posts\/3703\/revisions\/3705"}],"wp:featuredmedia":[{"embeddable":true,"href":"https:\/\/mvsi.hu\/index.php?rest_route=\/wp\/v2\/media\/3704"}],"wp:attachment":[{"href":"https:\/\/mvsi.hu\/index.php?rest_route=%2Fwp%2Fv2%2Fmedia&parent=3703"}],"wp:term":[{"taxonomy":"category","embeddable":true,"href":"https:\/\/mvsi.hu\/index.php?rest_route=%2Fwp%2Fv2%2Fcategories&post=3703"},{"taxonomy":"post_tag","embeddable":true,"href":"https:\/\/mvsi.hu\/index.php?rest_route=%2Fwp%2Fv2%2Ftags&post=3703"}],"curies":[{"name":"wp","href":"https:\/\/api.w.org\/{rel}","templated":true}]}}