{"id":3713,"date":"2021-06-29T06:08:20","date_gmt":"2021-06-29T06:08:20","guid":{"rendered":"http:\/\/mvsi.hu\/?p=3713"},"modified":"2021-06-29T06:08:20","modified_gmt":"2021-06-29T06:08:20","slug":"atletika-konczvald-tamas-eb-szintet-gyalogolt","status":"publish","type":"post","link":"https:\/\/mvsi.hu\/?p=3713","title":{"rendered":"Atl\u00e9tika, Konczvald Tam\u00e1s Eb-szintet gyalogolt"},"content":{"rendered":"\n<p>A Miskolci Sportiskola\nSz\u0171cs J\u00f3zsef szak\u00e1gvezet\u0151 \u00e1ltal felk\u00e9sz\u00edtett fiataljai j\u00fanius 26-\u00e1n, &nbsp;a Beszterceb\u00e1nyai Nemzetk\u00f6zi Gyalogl\u00f3 Versenyen\n\u00e1lltak rajthoz. <\/p>\n\n\n\n<p>A nyolc orsz\u00e1g &#8211;\nD\u00e9l-Afrika, Csehorsz\u00e1g, Ecuador, Lengyelorsz\u00e1g, Litv\u00e1nia, Magyarorsz\u00e1g,\nSzlov\u00e1kia, Tun\u00e9zia \u2013 150 sportol\u00f3j\u00e1t felvonultat\u00f3 viadal utols\u00f3 alkalmat\njelentett az olimpiai szint teljes\u00edt\u00e9s\u00e9re \u00e9s egyben a Szlov\u00e1k Fiatalkor\u00fak\nBajnoks\u00e1ga is volt.<\/p>\n\n\n\n<p>A k\u00f6zel 30\nCelsius-fokos h\u0151s\u00e9ggel k\u00eds\u00e9rt er\u0151pr\u00f3b\u00e1na miskolciak k\u00f6z\u00fcl &nbsp;Hassan Mirjam ez\u00fcst\u00e9rmes lett 5 kilom\u00e9teren.\nB\u00e1r Konczvald Tam\u00e1s \u201ecsak\u201d harmadik lett koroszt\u00e1ly\u00e1nak 10 km-es futam\u00e1ban,\negy\u00e9ni cs\u00facsa elegend\u0151 ahhoz, hogy tagja lehessen a magyar v\u00e1logatottnak az\nifj\u00fas\u00e1gi Eur\u00f3pa-bajnoks\u00e1gon. <\/p>\n\n\n\n<p><strong>Eredm\u00e9nyek<\/strong><\/p>\n\n\n\n<p><strong>Le\u00e1nyok:<\/strong><\/p>\n\n\n\n<p><strong>U20-as kcs., 10 km:<\/strong> 5.&nbsp;\nMoln\u00e1r Bogl\u00e1rka, 59:01 perc <\/p>\n\n\n\n<p><strong>U18-as kcs., 5 km:<\/strong> 2. Hassan Mirjam, 28:01<\/p>\n\n\n\n<p><strong>Fi\u00fak:<\/strong><\/p>\n\n\n\n<p><strong>U18-as kcs., 10 km:<\/strong> 3. Konczvald Tam\u00e1s, 48:16 <\/p>\n\n\n\n<p><strong>U16-os kcs., 3 km:<\/strong> 4. Majoros M\u00e1t\u00e9, 16:57, 5. Stefanovics\nRoland, 17:46. <\/p>\n\n\n\n<p>K\u00c9PAL\u00c1\u00cdR\u00c1S:<\/p>\n\n\n\n<ol class=\"wp-block-list\"><li>Konczvald Tam\u00e1s (jobbr\u00f3l) a beszterceb\u00e1nyai\ndobog\u00f3 harmadik fok\u00e1n.<\/li><li>Hassan Mirjam (balr\u00f3l) ez\u00fcst\u00e9rmet vehetett \u00e1t\naz eredm\u00e9nyhirdet\u00e9sen.<\/li><\/ol>\n\n\n\n<figure class=\"wp-block-gallery columns-2 is-cropped wp-block-gallery-1 is-layout-flex wp-block-gallery-is-layout-flex\"><ul class=\"blocks-gallery-grid\"><li class=\"blocks-gallery-item\"><figure><img loading=\"lazy\" decoding=\"async\" width=\"1024\" height=\"768\" src=\"https:\/\/mvsi.hu\/wp-content\/uploads\/2021\/06\/Konczvald-Tam\u00e1s-1024x768.jpg\" alt=\"\" data-id=\"3714\" data-full-url=\"https:\/\/mvsi.hu\/wp-content\/uploads\/2021\/06\/Konczvald-Tam\u00e1s.jpg\" data-link=\"https:\/\/mvsi.hu\/?attachment_id=3714\" class=\"wp-image-3714\" srcset=\"https:\/\/mvsi.hu\/wp-content\/uploads\/2021\/06\/Konczvald-Tam\u00e1s-1024x768.jpg 1024w, https:\/\/mvsi.hu\/wp-content\/uploads\/2021\/06\/Konczvald-Tam\u00e1s-300x225.jpg 300w, https:\/\/mvsi.hu\/wp-content\/uploads\/2021\/06\/Konczvald-Tam\u00e1s-768x576.jpg 768w, https:\/\/mvsi.hu\/wp-content\/uploads\/2021\/06\/Konczvald-Tam\u00e1s-1536x1152.jpg 1536w, https:\/\/mvsi.hu\/wp-content\/uploads\/2021\/06\/Konczvald-Tam\u00e1s-360x270.jpg 360w, https:\/\/mvsi.hu\/wp-content\/uploads\/2021\/06\/Konczvald-Tam\u00e1s.jpg 2048w\" sizes=\"auto, (max-width: 1024px) 100vw, 1024px\" \/><\/figure><\/li><li class=\"blocks-gallery-item\"><figure><img loading=\"lazy\" decoding=\"async\" width=\"768\" height=\"1024\" src=\"https:\/\/mvsi.hu\/wp-content\/uploads\/2021\/06\/Hassan-Mirjam-768x1024.jpg\" alt=\"\" data-id=\"3715\" data-full-url=\"https:\/\/mvsi.hu\/wp-content\/uploads\/2021\/06\/Hassan-Mirjam.jpg\" data-link=\"https:\/\/mvsi.hu\/?attachment_id=3715\" class=\"wp-image-3715\" srcset=\"https:\/\/mvsi.hu\/wp-content\/uploads\/2021\/06\/Hassan-Mirjam-768x1024.jpg 768w, https:\/\/mvsi.hu\/wp-content\/uploads\/2021\/06\/Hassan-Mirjam-225x300.jpg 225w, https:\/\/mvsi.hu\/wp-content\/uploads\/2021\/06\/Hassan-Mirjam-1152x1536.jpg 1152w, https:\/\/mvsi.hu\/wp-content\/uploads\/2021\/06\/Hassan-Mirjam.jpg 1536w\" sizes=\"auto, (max-width: 768px) 100vw, 768px\" \/><\/figure><\/li><\/ul><\/figure>\n","protected":false},"excerpt":{"rendered":"<p>A Miskolci Sportiskola Sz\u0171cs J\u00f3zsef szak\u00e1gvezet\u0151 \u00e1ltal felk\u00e9sz\u00edtett fiataljai j\u00fanius 26-\u00e1n, &nbsp;a Beszterceb\u00e1nyai Nemzetk\u00f6zi Gyalogl\u00f3 Versenyen \u00e1lltak rajthoz. A nyolc orsz\u00e1g &#8211; D\u00e9l-Afrika, Csehorsz\u00e1g, Ecuador, Lengyelorsz\u00e1g, Litv\u00e1nia, Magyarorsz\u00e1g, Szlov\u00e1kia, Tun\u00e9zia \u2013 150 sportol\u00f3j\u00e1t felvonultat\u00f3 viadal utols\u00f3 alkalmat jelentett az olimpiai szint teljes\u00edt\u00e9s\u00e9re \u00e9s egyben a Szlov\u00e1k Fiatalkor\u00fak Bajnoks\u00e1ga is volt. A k\u00f6zel 30 Celsius-fokos h\u0151s\u00e9ggel [&hellip;]<\/p>\n","protected":false},"author":4,"featured_media":3714,"comment_status":"closed","ping_status":"open","sticky":false,"template":"","format":"standard","meta":{"footnotes":""},"categories":[151],"tags":[],"class_list":["post-3713","post","type-post","status-publish","format-standard","has-post-thumbnail","hentry","category-atletika"],"_links":{"self":[{"href":"https:\/\/mvsi.hu\/index.php?rest_route=\/wp\/v2\/posts\/3713","targetHints":{"allow":["GET"]}}],"collection":[{"href":"https:\/\/mvsi.hu\/index.php?rest_route=\/wp\/v2\/posts"}],"about":[{"href":"https:\/\/mvsi.hu\/index.php?rest_route=\/wp\/v2\/types\/post"}],"author":[{"embeddable":true,"href":"https:\/\/mvsi.hu\/index.php?rest_route=\/wp\/v2\/users\/4"}],"replies":[{"embeddable":true,"href":"https:\/\/mvsi.hu\/index.php?rest_route=%2Fwp%2Fv2%2Fcomments&post=3713"}],"version-history":[{"count":1,"href":"https:\/\/mvsi.hu\/index.php?rest_route=\/wp\/v2\/posts\/3713\/revisions"}],"predecessor-version":[{"id":3716,"href":"https:\/\/mvsi.hu\/index.php?rest_route=\/wp\/v2\/posts\/3713\/revisions\/3716"}],"wp:featuredmedia":[{"embeddable":true,"href":"https:\/\/mvsi.hu\/index.php?rest_route=\/wp\/v2\/media\/3714"}],"wp:attachment":[{"href":"https:\/\/mvsi.hu\/index.php?rest_route=%2Fwp%2Fv2%2Fmedia&parent=3713"}],"wp:term":[{"taxonomy":"category","embeddable":true,"href":"https:\/\/mvsi.hu\/index.php?rest_route=%2Fwp%2Fv2%2Fcategories&post=3713"},{"taxonomy":"post_tag","embeddable":true,"href":"https:\/\/mvsi.hu\/index.php?rest_route=%2Fwp%2Fv2%2Ftags&post=3713"}],"curies":[{"name":"wp","href":"https:\/\/api.w.org\/{rel}","templated":true}]}}