{"id":3776,"date":"2021-08-16T10:36:04","date_gmt":"2021-08-16T10:36:04","guid":{"rendered":"http:\/\/mvsi.hu\/?p=3776"},"modified":"2021-08-16T10:38:11","modified_gmt":"2021-08-16T10:38:11","slug":"miskolci-gyaloglo-ermek-szekszardrol-es-brno-bol","status":"publish","type":"post","link":"https:\/\/mvsi.hu\/?p=3776","title":{"rendered":"Miskolci gyalogl\u00f3-\u00e9rmek Szeksz\u00e1rdr\u00f3l \u00e9s Brno-b\u00f3l"},"content":{"rendered":"\n<p>A\nMiskolci Sportiskola Sz\u0171cs J\u00f3zsef szak\u00e1gvezet\u0151 \u00e1ltal felk\u00e9sz\u00edtett h\u00e1rom\ngyalogl\u00f3ja a k\u00f6zelm\u00faltban a szeksz\u00e1rdi U18-as orsz\u00e1gos bajnoks\u00e1gon, majd a\nbrno-i n\u00e9gyes v\u00e1logatott viadalon is sz\u00e9p sikereket \u00e9rtek el. K\u00f6z\u00fcl\u00fck a\nlegjobbnak ez\u00fattal Konczvald Tam\u00e1s bizonyult, aki magyar bajnok lett, majd\nCsehorsz\u00e1gban, egy\u00e9ni cs\u00facsot d\u00f6ntve a dobog\u00f3 harmadik fok\u00e1ra \u00e1llhatott fel.<\/p>\n\n\n\n<p><strong>Eredm\u00e9nyek<\/strong><\/p>\n\n\n\n<p><strong>U18-as\nOrsz\u00e1gos Bajnoks\u00e1g:<\/strong><\/p>\n\n\n\n<p><strong>Fi\u00fak, 5000 m\ngyalogl\u00e1s:<\/strong> 1. Konczvald\nTam\u00e1s (Miskolci Sportiskola) 24:42,3 perc, 2. Kocsis Bern\u00e1t Bendeg\u00faz (Miskolci\nSportiskola) 29:46,06 <\/p>\n\n\n\n<p><strong>Le\u00e1nyok, 5000\nm gyalogl\u00e1s:<\/strong> 3. Hassan Mirjam (Miskolci Sportiskola) 29:26,08 <\/p>\n\n\n\n<p><strong>Cseh-lengyel-magyar-szlov\u00e1k\nU18-as v\u00e1logatott verseny: <\/strong><\/p>\n\n\n\n<p><strong>Fi\u00fak, 5000 m\ngyalogl\u00e1s: <\/strong>3. Konczvald Tam\u00e1s (Miskolci Sportiskola) 23:55,5 perc, \u20267.\nKocsis Bern\u00e1t Bendeg\u00faz (Miskolci Sportiskola) 27:25,06<\/p>\n\n\n\n<p><strong>Le\u00e1nyok, 5000\nm gyalogl\u00e1s:<\/strong> 8. Hassan Mirjam (Miskolci Sportiskola) 28:27,02 <\/p>\n\n\n\n<p><strong>\u00d6sszetett\ncsapat:<\/strong> 1.\nLengyelorsz\u00e1g, 2. Csehorsz\u00e1g, 3. Magyarorsz\u00e1g, 4. Szlov\u00e1kia. <\/p>\n\n\n\n<figure class=\"wp-block-image size-large is-resized\"><img loading=\"lazy\" decoding=\"async\" src=\"https:\/\/mvsi.hu\/wp-content\/uploads\/2021\/08\/MSI-Szeksz\u00e1rd-OB-1024x768.jpg\" alt=\"\" class=\"wp-image-3777\" width=\"1024\" height=\"768\" srcset=\"https:\/\/mvsi.hu\/wp-content\/uploads\/2021\/08\/MSI-Szeksz\u00e1rd-OB-1024x768.jpg 1024w, https:\/\/mvsi.hu\/wp-content\/uploads\/2021\/08\/MSI-Szeksz\u00e1rd-OB-300x225.jpg 300w, https:\/\/mvsi.hu\/wp-content\/uploads\/2021\/08\/MSI-Szeksz\u00e1rd-OB-768x576.jpg 768w, https:\/\/mvsi.hu\/wp-content\/uploads\/2021\/08\/MSI-Szeksz\u00e1rd-OB-1536x1152.jpg 1536w, https:\/\/mvsi.hu\/wp-content\/uploads\/2021\/08\/MSI-Szeksz\u00e1rd-OB-360x270.jpg 360w, https:\/\/mvsi.hu\/wp-content\/uploads\/2021\/08\/MSI-Szeksz\u00e1rd-OB.jpg 2048w\" sizes=\"auto, (max-width: 1024px) 100vw, 1024px\" \/><figcaption>Kocsis Bern\u00e1t Bendeg\u00faz (balr\u00f3l), Konczvald Tam\u00e1s, Hassan Mirjam \u00e9s edz\u0151j\u00fck, Sz\u0171cs J\u00f3zsef a szeksz\u00e1rdi orsz\u00e1gos bajnoks\u00e1gon. Fot\u00f3: Mag\u00e1narch\u00edvum<\/figcaption><\/figure>\n","protected":false},"excerpt":{"rendered":"<p>A Miskolci Sportiskola Sz\u0171cs J\u00f3zsef szak\u00e1gvezet\u0151 \u00e1ltal felk\u00e9sz\u00edtett h\u00e1rom gyalogl\u00f3ja a k\u00f6zelm\u00faltban a szeksz\u00e1rdi U18-as orsz\u00e1gos bajnoks\u00e1gon, majd a brno-i n\u00e9gyes v\u00e1logatott viadalon is sz\u00e9p sikereket \u00e9rtek el. K\u00f6z\u00fcl\u00fck a legjobbnak ez\u00fattal Konczvald Tam\u00e1s bizonyult, aki magyar bajnok lett, majd Csehorsz\u00e1gban, egy\u00e9ni cs\u00facsot d\u00f6ntve a dobog\u00f3 harmadik fok\u00e1ra \u00e1llhatott fel. Eredm\u00e9nyek U18-as Orsz\u00e1gos Bajnoks\u00e1g: Fi\u00fak, [&hellip;]<\/p>\n","protected":false},"author":4,"featured_media":3777,"comment_status":"closed","ping_status":"open","sticky":false,"template":"","format":"standard","meta":{"footnotes":""},"categories":[151],"tags":[],"class_list":["post-3776","post","type-post","status-publish","format-standard","has-post-thumbnail","hentry","category-atletika"],"_links":{"self":[{"href":"https:\/\/mvsi.hu\/index.php?rest_route=\/wp\/v2\/posts\/3776","targetHints":{"allow":["GET"]}}],"collection":[{"href":"https:\/\/mvsi.hu\/index.php?rest_route=\/wp\/v2\/posts"}],"about":[{"href":"https:\/\/mvsi.hu\/index.php?rest_route=\/wp\/v2\/types\/post"}],"author":[{"embeddable":true,"href":"https:\/\/mvsi.hu\/index.php?rest_route=\/wp\/v2\/users\/4"}],"replies":[{"embeddable":true,"href":"https:\/\/mvsi.hu\/index.php?rest_route=%2Fwp%2Fv2%2Fcomments&post=3776"}],"version-history":[{"count":5,"href":"https:\/\/mvsi.hu\/index.php?rest_route=\/wp\/v2\/posts\/3776\/revisions"}],"predecessor-version":[{"id":3782,"href":"https:\/\/mvsi.hu\/index.php?rest_route=\/wp\/v2\/posts\/3776\/revisions\/3782"}],"wp:featuredmedia":[{"embeddable":true,"href":"https:\/\/mvsi.hu\/index.php?rest_route=\/wp\/v2\/media\/3777"}],"wp:attachment":[{"href":"https:\/\/mvsi.hu\/index.php?rest_route=%2Fwp%2Fv2%2Fmedia&parent=3776"}],"wp:term":[{"taxonomy":"category","embeddable":true,"href":"https:\/\/mvsi.hu\/index.php?rest_route=%2Fwp%2Fv2%2Fcategories&post=3776"},{"taxonomy":"post_tag","embeddable":true,"href":"https:\/\/mvsi.hu\/index.php?rest_route=%2Fwp%2Fv2%2Ftags&post=3776"}],"curies":[{"name":"wp","href":"https:\/\/api.w.org\/{rel}","templated":true}]}}