{"id":3898,"date":"2021-11-09T06:50:26","date_gmt":"2021-11-09T06:50:26","guid":{"rendered":"http:\/\/mvsi.hu\/?p=3898"},"modified":"2021-11-09T06:50:27","modified_gmt":"2021-11-09T06:50:27","slug":"ket-arany-egy-bronz-a-szabadfogasu-ob-rol","status":"publish","type":"post","link":"https:\/\/mvsi.hu\/?p=3898","title":{"rendered":"K\u00e9t arany, egy bronz a szabadfog\u00e1s\u00fa ob-r\u00f3l"},"content":{"rendered":"\n<p>B\u00edr\u00f3 Bal\u00e1zs Levente \u00e9s Szinay Szabolcs r\u00e9v\u00e9n k\u00e9t arany\u00e9rmet is ki\u00e9rdemeltek a DVTK-Miskolci Sportiskola versenyz\u0151i a november 6-\u00e1n, szombaton, P\u00fcsp\u00f6klad\u00e1nyban megrendezett serd\u00fcl\u0151 korcsoportos szabadfog\u00e1s\u00fa birk\u00f3z\u00f3 orsz\u00e1gos bajnoks\u00e1gon.<\/p>\n\n\n\n<p><strong>Eredm\u00e9nyek<\/strong><br><strong>48 kg:<\/strong> 5. T\u00f3th Zolt\u00e1n<br><strong>68 kg:<\/strong> 3. Oross \u00c1d\u00e1m<br><strong>75 kg:<\/strong> 1. Szinay Szabolcs<br><strong>85 kg:<\/strong> 1. B\u00edr\u00f3 Bal\u00e1zs Levente.<\/p>\n\n\n\n<figure class=\"wp-block-image size-large\"><img loading=\"lazy\" decoding=\"async\" width=\"1024\" height=\"766\" src=\"https:\/\/mvsi.hu\/wp-content\/uploads\/2021\/11\/birko-nov06-serdu\u0308lo\u030b-sz-f-ob-1024x766.jpg\" alt=\"K\u00e9t arany, egy bronz a szabadfog\u00e1s\u00fa ob-r\u00f3l\" class=\"wp-image-3899\" srcset=\"https:\/\/mvsi.hu\/wp-content\/uploads\/2021\/11\/birko-nov06-serdu\u0308lo\u030b-sz-f-ob-1024x766.jpg 1024w, https:\/\/mvsi.hu\/wp-content\/uploads\/2021\/11\/birko-nov06-serdu\u0308lo\u030b-sz-f-ob-300x224.jpg 300w, https:\/\/mvsi.hu\/wp-content\/uploads\/2021\/11\/birko-nov06-serdu\u0308lo\u030b-sz-f-ob-768x575.jpg 768w, https:\/\/mvsi.hu\/wp-content\/uploads\/2021\/11\/birko-nov06-serdu\u0308lo\u030b-sz-f-ob-1536x1149.jpg 1536w, https:\/\/mvsi.hu\/wp-content\/uploads\/2021\/11\/birko-nov06-serdu\u0308lo\u030b-sz-f-ob-360x270.jpg 360w, https:\/\/mvsi.hu\/wp-content\/uploads\/2021\/11\/birko-nov06-serdu\u0308lo\u030b-sz-f-ob.jpg 1600w\" sizes=\"auto, (max-width: 1024px) 100vw, 1024px\" \/><figcaption>Lakatos Gy\u0151z\u0151 edz\u0151 (balr\u00f3l), Szinay Szabolcs, T\u00f3th Zolt\u00e1n, B\u00edr\u00f3 Bal\u00e1zs, Oross \u00c1d\u00e1m \u00e9s Juh\u00e1sz S\u00e1ndor edz\u0151 a p\u00fcsp\u00f6klad\u00e1nyi eredm\u00e9nyhirdet\u00e9s ut\u00e1n.\n(Fot\u00f3: Mag\u00e1narch\u00edvum)<\/figcaption><\/figure>\n","protected":false},"excerpt":{"rendered":"<p>B\u00edr\u00f3 Bal\u00e1zs Levente \u00e9s Szinay Szabolcs r\u00e9v\u00e9n k\u00e9t arany\u00e9rmet is ki\u00e9rdemeltek a DVTK-Miskolci Sportiskola versenyz\u0151i a november 6-\u00e1n, szombaton, P\u00fcsp\u00f6klad\u00e1nyban megrendezett serd\u00fcl\u0151 korcsoportos szabadfog\u00e1s\u00fa birk\u00f3z\u00f3 orsz\u00e1gos bajnoks\u00e1gon.<\/p>\n","protected":false},"author":3,"featured_media":3899,"comment_status":"closed","ping_status":"open","sticky":false,"template":"","format":"standard","meta":{"footnotes":""},"categories":[152],"tags":[],"class_list":["post-3898","post","type-post","status-publish","format-standard","has-post-thumbnail","hentry","category-birkozas"],"_links":{"self":[{"href":"https:\/\/mvsi.hu\/index.php?rest_route=\/wp\/v2\/posts\/3898","targetHints":{"allow":["GET"]}}],"collection":[{"href":"https:\/\/mvsi.hu\/index.php?rest_route=\/wp\/v2\/posts"}],"about":[{"href":"https:\/\/mvsi.hu\/index.php?rest_route=\/wp\/v2\/types\/post"}],"author":[{"embeddable":true,"href":"https:\/\/mvsi.hu\/index.php?rest_route=\/wp\/v2\/users\/3"}],"replies":[{"embeddable":true,"href":"https:\/\/mvsi.hu\/index.php?rest_route=%2Fwp%2Fv2%2Fcomments&post=3898"}],"version-history":[{"count":3,"href":"https:\/\/mvsi.hu\/index.php?rest_route=\/wp\/v2\/posts\/3898\/revisions"}],"predecessor-version":[{"id":3902,"href":"https:\/\/mvsi.hu\/index.php?rest_route=\/wp\/v2\/posts\/3898\/revisions\/3902"}],"wp:featuredmedia":[{"embeddable":true,"href":"https:\/\/mvsi.hu\/index.php?rest_route=\/wp\/v2\/media\/3899"}],"wp:attachment":[{"href":"https:\/\/mvsi.hu\/index.php?rest_route=%2Fwp%2Fv2%2Fmedia&parent=3898"}],"wp:term":[{"taxonomy":"category","embeddable":true,"href":"https:\/\/mvsi.hu\/index.php?rest_route=%2Fwp%2Fv2%2Fcategories&post=3898"},{"taxonomy":"post_tag","embeddable":true,"href":"https:\/\/mvsi.hu\/index.php?rest_route=%2Fwp%2Fv2%2Ftags&post=3898"}],"curies":[{"name":"wp","href":"https:\/\/api.w.org\/{rel}","templated":true}]}}