{"id":3946,"date":"2022-03-02T13:04:02","date_gmt":"2022-03-02T13:04:02","guid":{"rendered":"http:\/\/mvsi.hu\/?p=3946"},"modified":"2022-03-02T13:11:49","modified_gmt":"2022-03-02T13:11:49","slug":"a-korcsarnokban-rangsoroltak","status":"publish","type":"post","link":"https:\/\/mvsi.hu\/?p=3946","title":{"rendered":"A K\u00f6rcsarnokban rangsoroltak"},"content":{"rendered":"\n<p>Az \u00c9szak-Kelet magyarorsz\u00e1gi judo region\u00e1lis rangsor-versenynek\nfebru\u00e1r 26-\u00e1n a Miskolci Egyetem K\u00f6rcsarnoka adott otthont. Az MVSC-Miskolci\nSportiskola Gecsei L\u00e1szl\u00f3, K\u00e1lm\u00e1n Tibor \u00e9s Ligeti S\u00e1ndor \u00e1ltal\nfelk\u00e9sz\u00edtett fiataljai h\u00e1rom korcsoportban is sz\u00e9p eredm\u00e9nyeket \u00e9rtek el.<\/p>\n\n\n\n<p><strong>Eredm\u00e9nyek<\/strong><\/p>\n\n\n\n<p><strong>Serd\u00fcl\u0151\nkcs.:<\/strong><\/p>\n\n\n\n<p><strong>Le\u00e1nyok:<\/strong><\/p>\n\n\n\n<p><strong>36 kg:<\/strong> 1. Jandl\nNikoletta<br>\n<strong>40 kg:<\/strong> 1. Csord\u00e1s Dorka<br>\n<strong>48 kg:<\/strong> 2. Farkas Z\u00f3ra<\/p>\n\n\n\n<p><strong>Fi\u00fak:<\/strong><\/p>\n\n\n\n<p><strong>40 kg:<\/strong> 3. K\u00e1lm\u00e1n Samu<\/p>\n\n\n\n<p><strong>45 kg:<\/strong> 2. T\u0151zs\u00e9r Hunor, 3. Borsos \u00c1kos<\/p>\n\n\n\n<p><strong>50 kg:<\/strong> 3. \u00c9ger\nP\u00e8ter \u00e9s T\u00f3th Zsombor<br>\n<strong>52 kg:<\/strong> 2. Sz\u00e1rnya D\u00f3ra<br>\n<strong>55 kg:<\/strong> 1. G\u00f6nd\u00f6r Krist\u00f3f, 2. Juh\u00e1sz S\u00e1ndor, 3. Borb\u00e9ly Patrik<br>\n<strong>60 kg:<\/strong> 3. K\u00fcrthi Roland.<\/p>\n\n\n\n<p><strong>Di\u00e1k B-kcs.:<\/strong><\/p>\n\n\n\n<p><strong>Fi\u00fak:<\/strong><\/p>\n\n\n\n<p><strong>29 kg:<\/strong> 3. Szab\u00f3 Botond<\/p>\n\n\n\n<p><strong>45 kg:<\/strong> 1. Veszpr\u00e9mi Tam\u00e1s<\/p>\n\n\n\n<p><strong>+60 kg:<\/strong> 1. Antal Szil\u00e1rd<\/p>\n\n\n\n<p><strong>Di\u00e1k A-kcs.:<\/strong><\/p>\n\n\n\n<p><strong>Le\u00e1nyok:<\/strong><\/p>\n\n\n\n<p><strong>38 kg:<\/strong> 1. Jandl Nikolett<\/p>\n\n\n\n<p><strong>45 kg:<\/strong> 1. Farkas Z\u00f3ra<\/p>\n\n\n\n<p><strong>Fi\u00fak:<\/strong><\/p>\n\n\n\n<p><strong>38 kg:<\/strong> 1. K\u00e1lm\u00e1n Samu<\/p>\n\n\n\n<p><strong>41 kg:<\/strong> 2. T\u0151zs\u00e9r Hunor, 3. Borsos \u00c1kos<\/p>\n\n\n\n<p><strong>54 kg:<\/strong> 1. T\u00f3th Zsombor.<\/p>\n\n\n\n<p><strong>Fot\u00f3k: Kamar\u00e1s P\u00e9ter<\/strong><\/p>\n\n\n\n<figure class=\"wp-block-gallery columns-3 is-cropped wp-block-gallery-1 is-layout-flex wp-block-gallery-is-layout-flex\"><ul class=\"blocks-gallery-grid\"><li class=\"blocks-gallery-item\"><figure><a href=\"https:\/\/mvsi.hu\/wp-content\/uploads\/2022\/03\/DSC_9155-scaled.jpg\"><img loading=\"lazy\" decoding=\"async\" width=\"1024\" height=\"671\" src=\"https:\/\/mvsi.hu\/wp-content\/uploads\/2022\/03\/DSC_9155-1024x671.jpg\" alt=\"\" data-id=\"3949\" data-full-url=\"https:\/\/mvsi.hu\/wp-content\/uploads\/2022\/03\/DSC_9155-scaled.jpg\" data-link=\"https:\/\/mvsi.hu\/?attachment_id=3949\" class=\"wp-image-3949\" srcset=\"https:\/\/mvsi.hu\/wp-content\/uploads\/2022\/03\/DSC_9155-1024x671.jpg 1024w, https:\/\/mvsi.hu\/wp-content\/uploads\/2022\/03\/DSC_9155-300x197.jpg 300w, https:\/\/mvsi.hu\/wp-content\/uploads\/2022\/03\/DSC_9155-768x503.jpg 768w, https:\/\/mvsi.hu\/wp-content\/uploads\/2022\/03\/DSC_9155-1536x1006.jpg 1536w, https:\/\/mvsi.hu\/wp-content\/uploads\/2022\/03\/DSC_9155-2048x1342.jpg 2048w\" sizes=\"auto, (max-width: 1024px) 100vw, 1024px\" \/><\/a><figcaption class=\"blocks-gallery-item__caption\">Judo verseny (Fot\u00f3k: Kamar\u00e1s P\u00e9ter)<\/figcaption><\/figure><\/li><li class=\"blocks-gallery-item\"><figure><a href=\"https:\/\/mvsi.hu\/wp-content\/uploads\/2022\/03\/DSC_8964-scaled.jpg\"><img loading=\"lazy\" decoding=\"async\" width=\"1024\" height=\"684\" src=\"https:\/\/mvsi.hu\/wp-content\/uploads\/2022\/03\/DSC_8964-1024x684.jpg\" alt=\"\" data-id=\"3948\" data-full-url=\"https:\/\/mvsi.hu\/wp-content\/uploads\/2022\/03\/DSC_8964-scaled.jpg\" data-link=\"https:\/\/mvsi.hu\/?attachment_id=3948\" class=\"wp-image-3948\" srcset=\"https:\/\/mvsi.hu\/wp-content\/uploads\/2022\/03\/DSC_8964-1024x684.jpg 1024w, https:\/\/mvsi.hu\/wp-content\/uploads\/2022\/03\/DSC_8964-300x201.jpg 300w, https:\/\/mvsi.hu\/wp-content\/uploads\/2022\/03\/DSC_8964-768x513.jpg 768w, https:\/\/mvsi.hu\/wp-content\/uploads\/2022\/03\/DSC_8964-1536x1027.jpg 1536w, https:\/\/mvsi.hu\/wp-content\/uploads\/2022\/03\/DSC_8964-2048x1369.jpg 2048w\" sizes=\"auto, (max-width: 1024px) 100vw, 1024px\" \/><\/a><figcaption class=\"blocks-gallery-item__caption\">Judo verseny (Fot\u00f3k: Kamar\u00e1s P\u00e9ter)<\/figcaption><\/figure><\/li><li class=\"blocks-gallery-item\"><figure><a href=\"https:\/\/mvsi.hu\/wp-content\/uploads\/2022\/03\/DSC_0003-2-scaled.jpg\"><img loading=\"lazy\" decoding=\"async\" width=\"1024\" height=\"643\" src=\"https:\/\/mvsi.hu\/wp-content\/uploads\/2022\/03\/DSC_0003-2-1024x643.jpg\" alt=\"\" data-id=\"3947\" data-full-url=\"https:\/\/mvsi.hu\/wp-content\/uploads\/2022\/03\/DSC_0003-2-scaled.jpg\" data-link=\"https:\/\/mvsi.hu\/?attachment_id=3947\" class=\"wp-image-3947\" srcset=\"https:\/\/mvsi.hu\/wp-content\/uploads\/2022\/03\/DSC_0003-2-1024x643.jpg 1024w, https:\/\/mvsi.hu\/wp-content\/uploads\/2022\/03\/DSC_0003-2-300x188.jpg 300w, https:\/\/mvsi.hu\/wp-content\/uploads\/2022\/03\/DSC_0003-2-768x482.jpg 768w, https:\/\/mvsi.hu\/wp-content\/uploads\/2022\/03\/DSC_0003-2-1536x965.jpg 1536w, https:\/\/mvsi.hu\/wp-content\/uploads\/2022\/03\/DSC_0003-2-2048x1286.jpg 2048w\" sizes=\"auto, (max-width: 1024px) 100vw, 1024px\" \/><\/a><figcaption class=\"blocks-gallery-item__caption\">Judo verseny (Fot\u00f3k: Kamar\u00e1s P\u00e9ter)<\/figcaption><\/figure><\/li><\/ul><\/figure>\n","protected":false},"excerpt":{"rendered":"<p>Az \u00c9szak-Kelet magyarorsz\u00e1gi judo region\u00e1lis rangsor-versenynek febru\u00e1r 26-\u00e1n a Miskolci Egyetem K\u00f6rcsarnoka adott otthont. Az MVSC-Miskolci Sportiskola Gecsei L\u00e1szl\u00f3, K\u00e1lm\u00e1n Tibor \u00e9s Ligeti S\u00e1ndor \u00e1ltal felk\u00e9sz\u00edtett fiataljai h\u00e1rom korcsoportban is sz\u00e9p eredm\u00e9nyeket \u00e9rtek el. Eredm\u00e9nyek Serd\u00fcl\u0151 kcs.: Le\u00e1nyok: 36 kg: 1. Jandl Nikoletta 40 kg: 1. Csord\u00e1s Dorka 48 kg: 2. Farkas Z\u00f3ra Fi\u00fak: 40 [&hellip;]<\/p>\n","protected":false},"author":4,"featured_media":3949,"comment_status":"closed","ping_status":"open","sticky":false,"template":"","format":"standard","meta":{"footnotes":""},"categories":[153],"tags":[],"class_list":["post-3946","post","type-post","status-publish","format-standard","has-post-thumbnail","hentry","category-judo"],"_links":{"self":[{"href":"https:\/\/mvsi.hu\/index.php?rest_route=\/wp\/v2\/posts\/3946","targetHints":{"allow":["GET"]}}],"collection":[{"href":"https:\/\/mvsi.hu\/index.php?rest_route=\/wp\/v2\/posts"}],"about":[{"href":"https:\/\/mvsi.hu\/index.php?rest_route=\/wp\/v2\/types\/post"}],"author":[{"embeddable":true,"href":"https:\/\/mvsi.hu\/index.php?rest_route=\/wp\/v2\/users\/4"}],"replies":[{"embeddable":true,"href":"https:\/\/mvsi.hu\/index.php?rest_route=%2Fwp%2Fv2%2Fcomments&post=3946"}],"version-history":[{"count":3,"href":"https:\/\/mvsi.hu\/index.php?rest_route=\/wp\/v2\/posts\/3946\/revisions"}],"predecessor-version":[{"id":3953,"href":"https:\/\/mvsi.hu\/index.php?rest_route=\/wp\/v2\/posts\/3946\/revisions\/3953"}],"wp:featuredmedia":[{"embeddable":true,"href":"https:\/\/mvsi.hu\/index.php?rest_route=\/wp\/v2\/media\/3949"}],"wp:attachment":[{"href":"https:\/\/mvsi.hu\/index.php?rest_route=%2Fwp%2Fv2%2Fmedia&parent=3946"}],"wp:term":[{"taxonomy":"category","embeddable":true,"href":"https:\/\/mvsi.hu\/index.php?rest_route=%2Fwp%2Fv2%2Fcategories&post=3946"},{"taxonomy":"post_tag","embeddable":true,"href":"https:\/\/mvsi.hu\/index.php?rest_route=%2Fwp%2Fv2%2Ftags&post=3946"}],"curies":[{"name":"wp","href":"https:\/\/api.w.org\/{rel}","templated":true}]}}