{"id":4009,"date":"2022-04-26T05:32:00","date_gmt":"2022-04-26T05:32:00","guid":{"rendered":"http:\/\/mvsi.hu\/?p=4009"},"modified":"2022-04-26T05:39:59","modified_gmt":"2022-04-26T05:39:59","slug":"hat-egyeni-erem-a-leany-ob-rol","status":"publish","type":"post","link":"https:\/\/mvsi.hu\/?p=4009","title":{"rendered":"Hat egy\u00e9ni \u00e9rem a le\u00e1ny OB-r\u00f3l"},"content":{"rendered":"\n<p>A DVTK-Miskolci Sportiskola versenyz\u0151i \u00e1prilis 23-\u00e1n, szombaton a\nTatab\u00e1ny\u00e1n megrendezett Di\u00e1k I. \u00e9s Di\u00e1k\nII. korcsoport Le\u00e1ny Birk\u00f3z\u00f3 Orsz\u00e1gos Bajnoks\u00e1gon l\u00e9ptek sz\u0151nyegre. &nbsp;Juh\u00e1sz\nS\u00e1ndor \u00e9s Lakatos Gy\u0151z\u0151 tan\u00edtv\u00e1nyai hat egy\u00e9ni bajnoki \u00e9rmet harcoltak ki \u00e9s\nmindk\u00e9t koroszt\u00e1lyban csapatban is dobog\u00f3ra \u00e1llhattak.<\/p>\n\n\n\n<p><strong>Eredm\u00e9nyek<\/strong><\/p>\n\n\n\n<p><strong>Di\u00e1k II.\nkorcsoport:<\/strong><\/p>\n\n\n\n<p><strong>24 kg:<\/strong> 2. Budai\nArabella Laura<br>\n<strong>35 kg:<\/strong> 5. Kosik Vivien<br>\n<strong>38 kg:<\/strong> 2. Ol\u00e1h J\u00e1zmin<br>\n<strong>50 kg:<\/strong> 3. Glonczi Di\u00e1na<\/p>\n\n\n\n<p><strong>Csapat:<\/strong> 3. DVTK-Miskolci\nSportiskola<\/p>\n\n\n\n<p><strong>Di\u00e1k I.\nkorcsoport:<\/strong><\/p>\n\n\n\n<p><strong>29 kg:<\/strong> 4. N\u00e1ni\nNatasa<br>\n<strong>38 kg:<\/strong> 2. Szak\u00e1cs Veronika<br>\n<strong>42 kg:<\/strong> 5. Radics J\u00e1zmin<br>\n<strong>46 kg:<\/strong> 1. Bal\u00e1zs Zea<br>\n<strong>+66 kg:<\/strong> 2. Ol\u00e1h Zo\u00e9<\/p>\n\n\n\n<p><strong>Csapat:<\/strong> 2. DVTK-Miskolci Sportiskola<\/p>\n\n\n\n<figure class=\"wp-block-image size-large\"><a href=\"https:\/\/mvsi.hu\/wp-content\/uploads\/2022\/04\/DVTK-MSI-l\u00e1nyok.jpg\"><img loading=\"lazy\" decoding=\"async\" width=\"1024\" height=\"768\" src=\"https:\/\/mvsi.hu\/wp-content\/uploads\/2022\/04\/DVTK-MSI-l\u00e1nyok-1024x768.jpg\" alt=\"\" class=\"wp-image-4010\" srcset=\"https:\/\/mvsi.hu\/wp-content\/uploads\/2022\/04\/DVTK-MSI-l\u00e1nyok-1024x768.jpg 1024w, https:\/\/mvsi.hu\/wp-content\/uploads\/2022\/04\/DVTK-MSI-l\u00e1nyok-300x225.jpg 300w, https:\/\/mvsi.hu\/wp-content\/uploads\/2022\/04\/DVTK-MSI-l\u00e1nyok-768x576.jpg 768w, https:\/\/mvsi.hu\/wp-content\/uploads\/2022\/04\/DVTK-MSI-l\u00e1nyok-1536x1152.jpg 1536w, https:\/\/mvsi.hu\/wp-content\/uploads\/2022\/04\/DVTK-MSI-l\u00e1nyok-360x270.jpg 360w, https:\/\/mvsi.hu\/wp-content\/uploads\/2022\/04\/DVTK-MSI-l\u00e1nyok.jpg 2048w\" sizes=\"auto, (max-width: 1024px) 100vw, 1024px\" \/><\/a><figcaption>  A DVTK-Miskolci Sportiskola le\u00e1ny birk\u00f3z\u00f3csapata Juh\u00e1sz S\u00e1ndor (balr\u00f3l) \u00e9s Lakatos Gy\u0151z\u0151 edz\u0151k t\u00e1rsas\u00e1g\u00e1ban.<br>(Fot\u00f3: Mag\u00e1narch\u00edvum)  <\/figcaption><\/figure>\n","protected":false},"excerpt":{"rendered":"<p><!-- wp:paragraph --><\/p>\n<p>A DVTK-Miskolci Sportiskola versenyz\u0151i \u00e1prilis 23-\u00e1n, szombaton a<br \/>\nTatab\u00e1ny\u00e1n megrendezett Di\u00e1k I. \u00e9s Di\u00e1k<br \/>\nII. korcsoport Le\u00e1ny Birk\u00f3z\u00f3 Orsz\u00e1gos Bajnoks\u00e1gon l\u00e9ptek sz\u0151nyegre. &nbsp;Juh\u00e1sz<br \/>\nS\u00e1ndor \u00e9s Lakatos Gy\u0151z\u0151 tan\u00edtv\u00e1nyai hat egy\u00e9ni bajnoki \u00e9rmet harcoltak ki \u00e9s<br \/>\nmindk\u00e9t koroszt\u00e1lyban csapatban is dobog\u00f3ra \u00e1llhattak.<\/p>\n<p><!-- \/wp:paragraph --><\/p>\n<p><!-- wp:paragraph --><\/p>\n<p><strong>Eredm\u00e9nyek<\/strong><\/p>\n<p><!-- \/wp:paragraph --><\/p>\n<p><!-- wp:paragraph --><\/p>\n<p><strong>Di\u00e1k II.<br \/>\nkorcsoport:<\/strong><\/p>\n<p><!-- \/wp:paragraph --><\/p>\n<p><!-- wp:paragraph --><\/p>\n<p><strong>24 kg:<\/strong> 2. Budai<br \/>\nArabella Laura<br \/>\n<strong>35 kg:<\/strong> 5. Kosik Vivien<br \/>\n<strong>38 kg:<\/strong> 2. Ol\u00e1h J\u00e1zmin<br \/>\n<strong>50 kg:<\/strong> 3. Glonczi Di\u00e1na<\/p>\n<p><!-- \/wp:paragraph --><\/p>\n<p><!-- wp:paragraph --><\/p>\n<p><strong>Csapat:<\/strong> 3. DVTK-Miskolci<br \/>\nSportiskola<\/p>\n<p><!-- \/wp:paragraph --><\/p>\n<p><!-- wp:paragraph --><\/p>\n<p><strong>Di\u00e1k I.<br \/>\nkorcsoport:<\/strong><\/p>\n<p><!-- \/wp:paragraph --><\/p>\n<p><!-- wp:paragraph --><\/p>\n<p><strong>29 kg:<\/strong> 4. N\u00e1ni<br \/>\nNatasa<br \/>\n<strong>38 kg:<\/strong> 2. Szak\u00e1cs Veronika<br \/>\n<strong>42 kg:<\/strong> 5. Radics J\u00e1zmin<br \/>\n<strong>46 kg:<\/strong> 1. Bal\u00e1zs Zea<br \/>\n<strong>+66 kg:<\/strong> 2. Ol\u00e1h Zo\u00e9<\/p>\n<p><!-- \/wp:paragraph --><\/p>\n<p><!-- wp:paragraph --><\/p>\n<p><strong>Csapat:<\/strong> 2. DVTK-Miskolci<br \/>\nSportiskola<\/p>\n<p><!-- \/wp:paragraph --><\/p>\n","protected":false},"author":4,"featured_media":4010,"comment_status":"closed","ping_status":"open","sticky":false,"template":"","format":"standard","meta":{"footnotes":""},"categories":[152],"tags":[],"class_list":["post-4009","post","type-post","status-publish","format-standard","has-post-thumbnail","hentry","category-birkozas"],"_links":{"self":[{"href":"https:\/\/mvsi.hu\/index.php?rest_route=\/wp\/v2\/posts\/4009","targetHints":{"allow":["GET"]}}],"collection":[{"href":"https:\/\/mvsi.hu\/index.php?rest_route=\/wp\/v2\/posts"}],"about":[{"href":"https:\/\/mvsi.hu\/index.php?rest_route=\/wp\/v2\/types\/post"}],"author":[{"embeddable":true,"href":"https:\/\/mvsi.hu\/index.php?rest_route=\/wp\/v2\/users\/4"}],"replies":[{"embeddable":true,"href":"https:\/\/mvsi.hu\/index.php?rest_route=%2Fwp%2Fv2%2Fcomments&post=4009"}],"version-history":[{"count":2,"href":"https:\/\/mvsi.hu\/index.php?rest_route=\/wp\/v2\/posts\/4009\/revisions"}],"predecessor-version":[{"id":4013,"href":"https:\/\/mvsi.hu\/index.php?rest_route=\/wp\/v2\/posts\/4009\/revisions\/4013"}],"wp:featuredmedia":[{"embeddable":true,"href":"https:\/\/mvsi.hu\/index.php?rest_route=\/wp\/v2\/media\/4010"}],"wp:attachment":[{"href":"https:\/\/mvsi.hu\/index.php?rest_route=%2Fwp%2Fv2%2Fmedia&parent=4009"}],"wp:term":[{"taxonomy":"category","embeddable":true,"href":"https:\/\/mvsi.hu\/index.php?rest_route=%2Fwp%2Fv2%2Fcategories&post=4009"},{"taxonomy":"post_tag","embeddable":true,"href":"https:\/\/mvsi.hu\/index.php?rest_route=%2Fwp%2Fv2%2Ftags&post=4009"}],"curies":[{"name":"wp","href":"https:\/\/api.w.org\/{rel}","templated":true}]}}