{"id":4049,"date":"2022-05-26T10:24:31","date_gmt":"2022-05-26T10:24:31","guid":{"rendered":"http:\/\/mvsi.hu\/?p=4049"},"modified":"2022-05-26T10:24:31","modified_gmt":"2022-05-26T10:24:31","slug":"a-magyar-kupa-ii-fordulojaban-is-jeleskedtek","status":"publish","type":"post","link":"https:\/\/mvsi.hu\/?p=4049","title":{"rendered":"A Magyar Kupa II. fordul\u00f3j\u00e1ban is jeleskedtek"},"content":{"rendered":"\n<p>A Miskolci Sportiskola\nFirtk\u00f3 Ad\u00e9l, Hunyadi Levente, Fridrich \u00c1kos \u00e9s Z\u00e1mbori Zolt\u00e1n \u00e1ltal\nfelk\u00e9sz\u00edtett \u00f6ttus\u00e1z\u00f3i m\u00e1jus 21-22-\u00e9n, Csepelen, a B\u00e9res Magyar Kupa II.\nfordul\u00f3j\u00e1n m\u00e9rett\u00e9k meg magukat. Szombaton k\u00e9t-, illetve h\u00e1romtusa verseny\nszerepelt a programban, majd vas\u00e1rnap k\u00f6vetkezett a laser run. <\/p>\n\n\n\n<p>A miskolci fiatalok \u2013 K\u00e1ntor\nBenedek, K\u00e1ntor Vince, Herczeg \u00c1ron ez\u00fattal egy\u00e9niben,&nbsp; h\u00e1romtus\u00e1ban \u00e9s a laser run versenysz\u00e1mban\nszereztek \u00e9rmet, Pocsai No\u00e9mi pedig mind\u00f6ssze 1 m\u00e1sodperccel maradt le a\ndobog\u00f3r\u00f3l. Az egy\u00e9ni teljes\u00edtm\u00e9nyek alapj\u00e1n k\u00e9t kateg\u00f3ri\u00e1ban is a Miskolci\nSportiskola nyerte a csapatversenyt.<\/p>\n\n\n\n<p><strong>Eredm\u00e9nyek<\/strong><\/p>\n\n\n\n<p><strong>K\u00e9ttusa<\/strong><\/p>\n\n\n\n<p><strong>Le\u00e1nyok:<\/strong><\/p>\n\n\n\n<p><strong>U11-es kcs.:<\/strong> 8. Pocsai No\u00e9mi Emese<\/p>\n\n\n\n<p><strong>U12-es kcs.:<\/strong> 11. Kir\u00e1ly Csenge Zs\u00f3fia, \u202613. Fischer-Colbrie F\u00e9dra<\/p>\n\n\n\n<p><strong>Fi\u00fak:<\/strong><\/p>\n\n\n\n<p><strong>U12-es kcs.:<\/strong> 23. Furman Nimr\u00f3d Csan\u00e1d<\/p>\n\n\n\n<p><strong>H\u00e1romtusa<\/strong><\/p>\n\n\n\n<p><strong>Le\u00e1nyok:<\/strong><\/p>\n\n\n\n<p><strong>U13-as kcs.:<\/strong> 16. Kov\u00e1cs Fl\u00f3ra S\u00e1ra <\/p>\n\n\n\n<p><strong>Fi\u00fak:<\/strong><\/p>\n\n\n\n<p><strong>U13-as kcs., egy\u00e9ni:<\/strong> 2. K\u00e1ntor Benedek, 3. K\u00e1ntor Vince, \u202613. Furman\nCsan\u00e1d J\u00f3zsef. <strong>Csapat:<\/strong> 1. Miskolci\nSportiskola (K\u00e1ntor Benedek, K\u00e1ntor Vince, Furman Csan\u00e1d J\u00f3zsef) <\/p>\n\n\n\n<p><strong>U14-es kcs.:<\/strong> 16. Varga G\u00e1bor Kopp\u00e1ny <\/p>\n\n\n\n<p><strong>Laser run<\/strong><\/p>\n\n\n\n<p><strong>Le\u00e1nyok:<\/strong><\/p>\n\n\n\n<p><strong>U11-es kcs.:<\/strong> 4. Pocsai No\u00e9mi Emese <\/p>\n\n\n\n<p><strong>U12-es kcs.:<\/strong> 6. Fischer-Colbrie F\u00e9dra, \u20268. &nbsp;Kir\u00e1ly Csenge Zs\u00f3fia<\/p>\n\n\n\n<p><strong>Fi\u00fak:<\/strong><\/p>\n\n\n\n<p><strong>U12-es kcs.:<\/strong> 18. Furman Nimr\u00f3d M\u00e1t\u00e9<\/p>\n\n\n\n<p><strong>U13-as kcs., egy\u00e9ni:<\/strong> 1. K\u00e1ntor Benedek, \u20263. K\u00e1ntor Vince, \u202618. Furman\nCsan\u00e1d J\u00f3zsef. <strong>Csapat:<\/strong> 1. &nbsp;Miskolci Sportiskola (K\u00e1ntor Benedek, K\u00e1ntor\nVince, Furman Csan\u00e1d J\u00f3zsef) <\/p>\n\n\n\n<p><strong>U14-es kcs.:<\/strong> 2. Herczeg \u00c1ron, \u2026.14. Varga G\u00e1bor Kopp\u00e1ny.<\/p>\n\n\n\n<figure class=\"wp-block-image size-large\"><a href=\"https:\/\/mvsi.hu\/wp-content\/uploads\/2022\/05\/\u00f6ttusa-m\u00e1jus21-22.jpg\"><img loading=\"lazy\" decoding=\"async\" width=\"945\" height=\"945\" src=\"https:\/\/mvsi.hu\/wp-content\/uploads\/2022\/05\/\u00f6ttusa-m\u00e1jus21-22.jpg\" alt=\"\" class=\"wp-image-4050\" srcset=\"https:\/\/mvsi.hu\/wp-content\/uploads\/2022\/05\/\u00f6ttusa-m\u00e1jus21-22.jpg 945w, https:\/\/mvsi.hu\/wp-content\/uploads\/2022\/05\/\u00f6ttusa-m\u00e1jus21-22-300x300.jpg 300w, https:\/\/mvsi.hu\/wp-content\/uploads\/2022\/05\/\u00f6ttusa-m\u00e1jus21-22-150x150.jpg 150w, https:\/\/mvsi.hu\/wp-content\/uploads\/2022\/05\/\u00f6ttusa-m\u00e1jus21-22-768x768.jpg 768w, https:\/\/mvsi.hu\/wp-content\/uploads\/2022\/05\/\u00f6ttusa-m\u00e1jus21-22-65x65.jpg 65w\" sizes=\"auto, (max-width: 945px) 100vw, 945px\" \/><\/a><figcaption>\u00c1ll\u00f3 sor: Varga G\u00e1bor Kopp\u00e1ny (balr\u00f3l), Hunyadi Levente, Herczeg \u00c1ron, K\u00e1ntor Benedek. \nEls\u0151 sor: Furman Csan\u00e1d J\u00f3zsef (balr\u00f3l), K\u00e1ntor Vince \u00e9s Furman Nimr\u00f3d M\u00e1t\u00e9 .\n(Fot\u00f3: Mag\u00e1narch\u00edvum)<\/figcaption><\/figure>\n","protected":false},"excerpt":{"rendered":"<p>A Miskolci Sportiskola Firtk\u00f3 Ad\u00e9l, Hunyadi Levente, Fridrich \u00c1kos \u00e9s Z\u00e1mbori Zolt\u00e1n \u00e1ltal felk\u00e9sz\u00edtett \u00f6ttus\u00e1z\u00f3i m\u00e1jus 21-22-\u00e9n, Csepelen, a B\u00e9res Magyar Kupa II. fordul\u00f3j\u00e1n m\u00e9rett\u00e9k meg magukat. Szombaton k\u00e9t-, illetve h\u00e1romtusa verseny szerepelt a programban, majd vas\u00e1rnap k\u00f6vetkezett a laser run. A miskolci fiatalok \u2013 K\u00e1ntor Benedek, K\u00e1ntor Vince, Herczeg \u00c1ron ez\u00fattal egy\u00e9niben,&nbsp; h\u00e1romtus\u00e1ban \u00e9s [&hellip;]<\/p>\n","protected":false},"author":4,"featured_media":4050,"comment_status":"closed","ping_status":"open","sticky":false,"template":"","format":"standard","meta":{"footnotes":""},"categories":[160],"tags":[],"class_list":["post-4049","post","type-post","status-publish","format-standard","has-post-thumbnail","hentry","category-ottusa"],"_links":{"self":[{"href":"https:\/\/mvsi.hu\/index.php?rest_route=\/wp\/v2\/posts\/4049","targetHints":{"allow":["GET"]}}],"collection":[{"href":"https:\/\/mvsi.hu\/index.php?rest_route=\/wp\/v2\/posts"}],"about":[{"href":"https:\/\/mvsi.hu\/index.php?rest_route=\/wp\/v2\/types\/post"}],"author":[{"embeddable":true,"href":"https:\/\/mvsi.hu\/index.php?rest_route=\/wp\/v2\/users\/4"}],"replies":[{"embeddable":true,"href":"https:\/\/mvsi.hu\/index.php?rest_route=%2Fwp%2Fv2%2Fcomments&post=4049"}],"version-history":[{"count":1,"href":"https:\/\/mvsi.hu\/index.php?rest_route=\/wp\/v2\/posts\/4049\/revisions"}],"predecessor-version":[{"id":4051,"href":"https:\/\/mvsi.hu\/index.php?rest_route=\/wp\/v2\/posts\/4049\/revisions\/4051"}],"wp:featuredmedia":[{"embeddable":true,"href":"https:\/\/mvsi.hu\/index.php?rest_route=\/wp\/v2\/media\/4050"}],"wp:attachment":[{"href":"https:\/\/mvsi.hu\/index.php?rest_route=%2Fwp%2Fv2%2Fmedia&parent=4049"}],"wp:term":[{"taxonomy":"category","embeddable":true,"href":"https:\/\/mvsi.hu\/index.php?rest_route=%2Fwp%2Fv2%2Fcategories&post=4049"},{"taxonomy":"post_tag","embeddable":true,"href":"https:\/\/mvsi.hu\/index.php?rest_route=%2Fwp%2Fv2%2Ftags&post=4049"}],"curies":[{"name":"wp","href":"https:\/\/api.w.org\/{rel}","templated":true}]}}