{"id":4067,"date":"2022-06-07T12:48:02","date_gmt":"2022-06-07T12:48:02","guid":{"rendered":"http:\/\/mvsi.hu\/?p=4067"},"modified":"2022-06-07T12:49:26","modified_gmt":"2022-06-07T12:49:26","slug":"balazs-eda-utazhat-az-eb-re","status":"publish","type":"post","link":"https:\/\/mvsi.hu\/?p=4067","title":{"rendered":"Bal\u00e1zs \u00c9da utazhat az Eb-re"},"content":{"rendered":"\n<p>Az U-15 korcsoportos Wrestling Challenge &nbsp;elnevez\u00e9s\u0171 nemzetk\u00f6zi birk\u00f3z\u00f3versenyt j\u00fanius 4-\u00e9n &nbsp;rendezt\u00e9k meg Erd\u00e9lyben, Kolozsv\u00e1r v\u00e1ros\u00e1ban. A DVTK-Miskolci Sportiskola sz\u00edneit k\u00e9pvisel\u0151 &nbsp;Bal\u00e1zs \u00c9da remek teljes\u00edtm\u00e9nyt ny\u00fajtva megnyerte az 58 kg-os s\u00falycsoport k\u00fczdelm\u00e9t. \u00c9da ezzel a sikerrel indul\u00e1si jogot szerzett arra, hogy a koroszt\u00e1lyos v\u00e1logatott tagjak\u00e9nt, j\u00faliusban, a horv\u00e1torsz\u00e1gi Z\u00e1gr\u00e1bban k\u00e9pviselje Magyarorsz\u00e1got \u00e9s Miskolcot az U15-\u00f6s Eur\u00f3pa-bajnoks\u00e1gon.<\/p>\n\n\n\n<figure class=\"wp-block-image size-large\"><a href=\"https:\/\/mvsi.hu\/wp-content\/uploads\/2022\/06\/Bal\u00e1zs-\u00c9da-birk\u00f3z\u00e1s.jpg\" target=\"_blank\" rel=\"noreferrer noopener\"><img loading=\"lazy\" decoding=\"async\" width=\"960\" height=\"720\" src=\"https:\/\/mvsi.hu\/wp-content\/uploads\/2022\/06\/Bal\u00e1zs-\u00c9da-birk\u00f3z\u00e1s.jpg\" alt=\"\" class=\"wp-image-4068\" srcset=\"https:\/\/mvsi.hu\/wp-content\/uploads\/2022\/06\/Bal\u00e1zs-\u00c9da-birk\u00f3z\u00e1s.jpg 960w, https:\/\/mvsi.hu\/wp-content\/uploads\/2022\/06\/Bal\u00e1zs-\u00c9da-birk\u00f3z\u00e1s-300x225.jpg 300w, https:\/\/mvsi.hu\/wp-content\/uploads\/2022\/06\/Bal\u00e1zs-\u00c9da-birk\u00f3z\u00e1s-768x576.jpg 768w, https:\/\/mvsi.hu\/wp-content\/uploads\/2022\/06\/Bal\u00e1zs-\u00c9da-birk\u00f3z\u00e1s-360x270.jpg 360w\" sizes=\"auto, (max-width: 960px) 100vw, 960px\" \/><\/a><figcaption>A dobog\u00f3 legfels\u0151 fok\u00e1n Bal\u00e1zs \u00c9da.<br> (Fot\u00f3: Mag\u00e1narch\u00edvum)<\/figcaption><\/figure>\n","protected":false},"excerpt":{"rendered":"<p>Az U-15 korcsoportos Wrestling Challenge  elnevez\u00e9s\u0171 nemzetk\u00f6zi birk\u00f3z\u00f3versenyt j\u00fanius 4-\u00e9n  rendezt\u00e9k meg Erd\u00e9lyben, Kolozsv\u00e1r v\u00e1ros\u00e1ban. A DVTK-Miskolci Sportiskola sz\u00edneit k\u00e9pvisel\u0151  Bal\u00e1zs \u00c9da remek teljes\u00edtm\u00e9nyt ny\u00fajtva megnyerte az 58 kg-os s\u00falycsoport k\u00fczdelm\u00e9t. \u00c9da ezzel a sikerrel indul\u00e1si jogot szerzett arra, hogy a koroszt\u00e1lyos v\u00e1logatott tagjak\u00e9nt, j\u00faliusban, a horv\u00e1torsz\u00e1gi Z\u00e1gr\u00e1bban k\u00e9pviselje Magyarorsz\u00e1got \u00e9s Miskolcot az U15-\u00f6s Eur\u00f3pa-bajnoks\u00e1gon.<\/p>\n","protected":false},"author":4,"featured_media":4068,"comment_status":"closed","ping_status":"open","sticky":false,"template":"","format":"standard","meta":{"footnotes":""},"categories":[152],"tags":[],"class_list":["post-4067","post","type-post","status-publish","format-standard","has-post-thumbnail","hentry","category-birkozas"],"_links":{"self":[{"href":"https:\/\/mvsi.hu\/index.php?rest_route=\/wp\/v2\/posts\/4067","targetHints":{"allow":["GET"]}}],"collection":[{"href":"https:\/\/mvsi.hu\/index.php?rest_route=\/wp\/v2\/posts"}],"about":[{"href":"https:\/\/mvsi.hu\/index.php?rest_route=\/wp\/v2\/types\/post"}],"author":[{"embeddable":true,"href":"https:\/\/mvsi.hu\/index.php?rest_route=\/wp\/v2\/users\/4"}],"replies":[{"embeddable":true,"href":"https:\/\/mvsi.hu\/index.php?rest_route=%2Fwp%2Fv2%2Fcomments&post=4067"}],"version-history":[{"count":2,"href":"https:\/\/mvsi.hu\/index.php?rest_route=\/wp\/v2\/posts\/4067\/revisions"}],"predecessor-version":[{"id":4070,"href":"https:\/\/mvsi.hu\/index.php?rest_route=\/wp\/v2\/posts\/4067\/revisions\/4070"}],"wp:featuredmedia":[{"embeddable":true,"href":"https:\/\/mvsi.hu\/index.php?rest_route=\/wp\/v2\/media\/4068"}],"wp:attachment":[{"href":"https:\/\/mvsi.hu\/index.php?rest_route=%2Fwp%2Fv2%2Fmedia&parent=4067"}],"wp:term":[{"taxonomy":"category","embeddable":true,"href":"https:\/\/mvsi.hu\/index.php?rest_route=%2Fwp%2Fv2%2Fcategories&post=4067"},{"taxonomy":"post_tag","embeddable":true,"href":"https:\/\/mvsi.hu\/index.php?rest_route=%2Fwp%2Fv2%2Ftags&post=4067"}],"curies":[{"name":"wp","href":"https:\/\/api.w.org\/{rel}","templated":true}]}}