{"id":4099,"date":"2022-06-30T05:18:54","date_gmt":"2022-06-30T05:18:54","guid":{"rendered":"http:\/\/mvsi.hu\/?p=4099"},"modified":"2022-06-30T05:18:55","modified_gmt":"2022-06-30T05:18:55","slug":"olaszorszagban-is-helyt-alltak-hegyi-futoink","status":"publish","type":"post","link":"https:\/\/mvsi.hu\/?p=4099","title":{"rendered":"Olaszorsz\u00e1gban is helyt \u00e1lltak hegyi fut\u00f3ink"},"content":{"rendered":"\n<p>A 15. International U18 Mountain Running Cup elnevez\u00e9s\u0171 viadalnak\nj\u00fanius 24-26. k\u00f6z\u00f6tt az olaszorsz\u00e1gi Saluzzo adott otthont. Az ifj\u00fas\u00e1gi\nhegyifut\u00f3 vil\u00e1gbajnoks\u00e1gk\u00e9nt is jegyzett er\u0151pr\u00f3b\u00e1n r\u00e9szt vett hattag\u00fa magyar\nv\u00e1logatottban a Miskolci Sportiskola-Nom\u00e1d Terepfut\u00f3 Suli k\u00f6tel\u00e9k\u00e9ben, Z\u00e1mbori\nZolt\u00e1n ir\u00e1ny\u00edt\u00e1s\u00e1val nevelkedett, de ma m\u00e1r a DVTK SE-t er\u0151s\u00edt\u0151 k\u00e9t fiatal is\nhelyet kapott. L\u00f6vei Vanda \u00e9s Kov\u00e1cs M\u00e1t\u00e9, n\u00e9gy t\u00e1rs\u00e1val egy\u00fctt a m\u00e1jus v\u00e9g\u00e9n,\nMiskolc-G\u00f6r\u00f6mb\u00f6ly\u00f6n megrendezett v\u00e1logat\u00f3n harcolta ki az indul\u00e1s jog\u00e1t.<\/p>\n\n\n\n<p>A 12 orsz\u00e1gb\u00f3l verbuv\u00e1l\u00f3dott, rendk\u00edv\u00fcl er\u0151s fut\u00f3k alkotta\nmez\u0151nyre a rajtot k\u00f6vet\u0151en, mintegy \u201ebemeleg\u00edt\u00e9sk\u00e9nt\u201d egy 500 m\u00e9teres kis k\u00f6r\nv\u00e1rt, majd j\u00f6tt a 3800 m\u00e9teres folytat\u00e1s, melyhez 155 m\u00e9ter szintemelked\u00e9s\nt\u00e1rsult.<\/p>\n\n\n\n<p>A t\u00f6bbsz\u00f6r\u00f6s hegyifut\u00f3 magyar bajnok L\u00f6vei Vanda els\u0151 nagy\nnemzetk\u00f6zi verseny\u00e9n kiv\u00e1l\u00f3an helyt\u00e1llt, 15. helye t\u00f6bb, mint dics\u00e9retes. A m\u00e1r\n\u201erutinosnak\u201d sz\u00e1m\u00edt\u00f3, a tavalyi Ultra Trail Mont Blanc (UTMB) ifj\u00fas\u00e1gi\nkateg\u00f3ri\u00e1j\u00e1ban 5. helyezett, de az ut\u00f3bbi hetekben s\u00e9r\u00fcl\u00e9ssel bajl\u00f3d\u00f3 Kov\u00e1cs\nM\u00e1t\u00e9nak ez\u00fattal meg kellett el\u00e9gednie a 29. poz\u00edci\u00f3val. <\/p>\n\n\n\n<p><strong>Eredm\u00e9nyek:<\/strong><\/p>\n\n\n\n<p><strong>U18-as\nkcs., le\u00e1nyok, 4,3 km (49 indul\u00f3):<\/strong> 1. Sauroa Alyssa (amerikai) 18:03 perc, 2. Flaherty\nRebecca (brit) 18:06, 3.&nbsp; Bailey Jess\n(brit) 18:26, \u202615. L\u00f6vei Vanda, 20:07 perc<\/p>\n\n\n\n<p><strong>U18-as kcs., fi\u00fak, 4,3 km (49 indul\u00f3):<\/strong> 1. Lachowsky Maciej (lengyel) 16:16 perc, 2. Morosini Nicola (olasz) 16:21, 3. Romano Alessio (olasz) 16:40, \u202629. Kov\u00e1cs M\u00e1t\u00e9, 18:14 perc.<\/p>\n\n\n\n<figure class=\"wp-block-image\"><a href=\"https:\/\/mvsi.hu\/wp-content\/uploads\/2022\/06\/L\u00f6vei-Vanda-ifi-vb.jpg\"><img loading=\"lazy\" decoding=\"async\" width=\"576\" height=\"1024\" src=\"https:\/\/mvsi.hu\/wp-content\/uploads\/2022\/06\/L\u00f6vei-Vanda-ifi-vb-576x1024.jpg\" alt=\"\" class=\"wp-image-4101\" srcset=\"https:\/\/mvsi.hu\/wp-content\/uploads\/2022\/06\/L\u00f6vei-Vanda-ifi-vb-576x1024.jpg 576w, https:\/\/mvsi.hu\/wp-content\/uploads\/2022\/06\/L\u00f6vei-Vanda-ifi-vb-169x300.jpg 169w, https:\/\/mvsi.hu\/wp-content\/uploads\/2022\/06\/L\u00f6vei-Vanda-ifi-vb-768x1365.jpg 768w, https:\/\/mvsi.hu\/wp-content\/uploads\/2022\/06\/L\u00f6vei-Vanda-ifi-vb-864x1536.jpg 864w, https:\/\/mvsi.hu\/wp-content\/uploads\/2022\/06\/L\u00f6vei-Vanda-ifi-vb.jpg 1152w\" sizes=\"auto, (max-width: 576px) 100vw, 576px\" \/><\/a><\/figure>\n\n\n\n<figure class=\"wp-block-image\"><a href=\"https:\/\/mvsi.hu\/wp-content\/uploads\/2022\/06\/Kov\u00e1cs-M\u00e1t\u00e9-ifi-vb-j\u00f3.jpg\"><img loading=\"lazy\" decoding=\"async\" width=\"1024\" height=\"818\" src=\"https:\/\/mvsi.hu\/wp-content\/uploads\/2022\/06\/Kov\u00e1cs-M\u00e1t\u00e9-ifi-vb-j\u00f3-1024x818.jpg\" alt=\"\" class=\"wp-image-4100\" srcset=\"https:\/\/mvsi.hu\/wp-content\/uploads\/2022\/06\/Kov\u00e1cs-M\u00e1t\u00e9-ifi-vb-j\u00f3-1024x818.jpg 1024w, https:\/\/mvsi.hu\/wp-content\/uploads\/2022\/06\/Kov\u00e1cs-M\u00e1t\u00e9-ifi-vb-j\u00f3-300x240.jpg 300w, https:\/\/mvsi.hu\/wp-content\/uploads\/2022\/06\/Kov\u00e1cs-M\u00e1t\u00e9-ifi-vb-j\u00f3-768x613.jpg 768w, https:\/\/mvsi.hu\/wp-content\/uploads\/2022\/06\/Kov\u00e1cs-M\u00e1t\u00e9-ifi-vb-j\u00f3.jpg 1440w\" sizes=\"auto, (max-width: 1024px) 100vw, 1024px\" \/><\/a><\/figure>\n","protected":false},"excerpt":{"rendered":"<p><!-- wp:paragraph --><\/p>\n<p>A 15. International U18 Mountain Running Cup elnevez\u00e9s\u0171 viadalnak<br \/>\nj\u00fanius 24-26. k\u00f6z\u00f6tt az olaszorsz\u00e1gi Saluzzo adott otthont. Az ifj\u00fas\u00e1gi<br \/>\nhegyifut\u00f3 vil\u00e1gbajnoks\u00e1gk\u00e9nt is jegyzett er\u0151pr\u00f3b\u00e1n r\u00e9szt vett hattag\u00fa magyar<br \/>\nv\u00e1logatottban a Miskolci Sportiskola-Nom\u00e1d Terepfut\u00f3 Suli k\u00f6tel\u00e9k\u00e9ben, Z\u00e1mbori<br \/>\nZolt\u00e1n ir\u00e1ny\u00edt\u00e1s\u00e1val nevelkedett, de ma m\u00e1r a DVTK SE-t er\u0151s\u00edt\u0151 k\u00e9t fiatal is<br \/>\nhelyet kapott. L\u00f6vei Vanda \u00e9s Kov\u00e1cs M\u00e1t\u00e9, n\u00e9gy t\u00e1rs\u00e1val egy\u00fctt a m\u00e1jus v\u00e9g\u00e9n,<br \/>\nMiskolc-G\u00f6r\u00f6mb\u00f6ly\u00f6n megrendezett v\u00e1logat\u00f3n harcolta ki az indul\u00e1s jog\u00e1t.<\/p>\n<p><!-- \/wp:paragraph --><\/p>\n<p><!-- wp:paragraph --><\/p>\n<p>A 12 orsz\u00e1gb\u00f3l verbuv\u00e1l\u00f3dott, rendk\u00edv\u00fcl er\u0151s fut\u00f3k alkotta<br \/>\nmez\u0151nyre a rajtot k\u00f6vet\u0151en, mintegy \u201ebemeleg\u00edt\u00e9sk\u00e9nt\u201d egy 500 m\u00e9teres kis k\u00f6r<br \/>\nv\u00e1rt, majd j\u00f6tt a 3800 m\u00e9teres folytat\u00e1s, melyhez 155 m\u00e9ter szintemelked\u00e9s<br \/>\nt\u00e1rsult.<\/p>\n<p><!-- \/wp:paragraph --><\/p>\n<p><!-- wp:paragraph --><\/p>\n<p>A t\u00f6bbsz\u00f6r\u00f6s hegyifut\u00f3 magyar bajnok L\u00f6vei Vanda els\u0151 nagy<br \/>\nnemzetk\u00f6zi verseny\u00e9n kiv\u00e1l\u00f3an helyt\u00e1llt, 15. helye t\u00f6bb, mint dics\u00e9retes. A m\u00e1r<br \/>\n\u201erutinosnak\u201d sz\u00e1m\u00edt\u00f3, a tavalyi Ultra Trail Mont Blanc (UTMB) ifj\u00fas\u00e1gi<br \/>\nkateg\u00f3ri\u00e1j\u00e1ban 5. helyezett, de az ut\u00f3bbi hetekben s\u00e9r\u00fcl\u00e9ssel bajl\u00f3d\u00f3 Kov\u00e1cs<br \/>\nM\u00e1t\u00e9nak ez\u00fattal meg kellett el\u00e9gednie a 29. poz\u00edci\u00f3val. <\/p>\n<p><!-- \/wp:paragraph --><\/p>\n<p><!-- wp:paragraph --><\/p>\n<p><strong>Eredm\u00e9nyek:<\/strong><\/p>\n<p><!-- \/wp:paragraph --><\/p>\n<p><!-- wp:paragraph --><\/p>\n<p><strong>U18-as<br \/>\nkcs., le\u00e1nyok, 4,3 km (49 indul\u00f3):<\/strong> 1. Sauroa Alyssa (amerikai) 18:03 perc, 2. Flaherty<br \/>\nRebecca (brit) 18:06, 3.&nbsp; Bailey Jess<br \/>\n(brit) 18:26, \u202615. L\u00f6vei Vanda, 20:07 perc<\/p>\n<p><!-- \/wp:paragraph --><\/p>\n<p><!-- wp:paragraph --><\/p>\n<p><strong>U18-as kcs., fi\u00fak, 4,3 km (49 indul\u00f3):<\/strong> 1. Lachowsky Maciej (lengyel) 16:16 perc, 2. Morosini Nicola (olasz) 16:21, 3. Romano Alessio (olasz) 16:40, \u202629. Kov\u00e1cs M\u00e1t\u00e9, 18:14 perc.<\/p>\n<p><!-- \/wp:paragraph --><\/p>\n","protected":false},"author":4,"featured_media":4100,"comment_status":"closed","ping_status":"open","sticky":false,"template":"","format":"standard","meta":{"footnotes":""},"categories":[151],"tags":[],"class_list":["post-4099","post","type-post","status-publish","format-standard","has-post-thumbnail","hentry","category-atletika"],"_links":{"self":[{"href":"https:\/\/mvsi.hu\/index.php?rest_route=\/wp\/v2\/posts\/4099","targetHints":{"allow":["GET"]}}],"collection":[{"href":"https:\/\/mvsi.hu\/index.php?rest_route=\/wp\/v2\/posts"}],"about":[{"href":"https:\/\/mvsi.hu\/index.php?rest_route=\/wp\/v2\/types\/post"}],"author":[{"embeddable":true,"href":"https:\/\/mvsi.hu\/index.php?rest_route=\/wp\/v2\/users\/4"}],"replies":[{"embeddable":true,"href":"https:\/\/mvsi.hu\/index.php?rest_route=%2Fwp%2Fv2%2Fcomments&post=4099"}],"version-history":[{"count":2,"href":"https:\/\/mvsi.hu\/index.php?rest_route=\/wp\/v2\/posts\/4099\/revisions"}],"predecessor-version":[{"id":4103,"href":"https:\/\/mvsi.hu\/index.php?rest_route=\/wp\/v2\/posts\/4099\/revisions\/4103"}],"wp:featuredmedia":[{"embeddable":true,"href":"https:\/\/mvsi.hu\/index.php?rest_route=\/wp\/v2\/media\/4100"}],"wp:attachment":[{"href":"https:\/\/mvsi.hu\/index.php?rest_route=%2Fwp%2Fv2%2Fmedia&parent=4099"}],"wp:term":[{"taxonomy":"category","embeddable":true,"href":"https:\/\/mvsi.hu\/index.php?rest_route=%2Fwp%2Fv2%2Fcategories&post=4099"},{"taxonomy":"post_tag","embeddable":true,"href":"https:\/\/mvsi.hu\/index.php?rest_route=%2Fwp%2Fv2%2Ftags&post=4099"}],"curies":[{"name":"wp","href":"https:\/\/api.w.org\/{rel}","templated":true}]}}