{"id":4348,"date":"2023-03-20T08:31:30","date_gmt":"2023-03-20T08:31:30","guid":{"rendered":"http:\/\/mvsi.hu\/?p=4348"},"modified":"2023-03-20T08:31:48","modified_gmt":"2023-03-20T08:31:48","slug":"negy-erem-a-magyar-kuparol","status":"publish","type":"post","link":"https:\/\/mvsi.hu\/?p=4348","title":{"rendered":"N\u00e9gy \u00e9rem a Magyar-kup\u00e1r\u00f3l"},"content":{"rendered":"\n<p>A di\u00e1k A- \u00e9s B-korcsoportos judo Magyar-kup\u00e1n l\u00e9ptek a k\u00fczd\u0151t\u00e9rre az MVSC-Miskolci Sportiskola fiatal sportol\u00f3i. A m\u00e1rcius 18-\u00e1n, M\u00f3rahalmon megrendezett er\u0151pr\u00f3b\u00e1n Gecsei L\u00e1szl\u00f3 \u00e9s Ligeti S\u00e1ndor tan\u00edtv\u00e1nyai n\u00e9gy \u00e9rmet \u00e9s tov\u00e1bbi \u00e9rt\u00e9kes helyez\u00e9seket \u00e9rdemeltek ki.<strong> <br> <\/strong><\/p>\n\n\n\n<p><strong>Eredm\u00e9nyekDi\u00e1k A-kcs.:<br> <br> 32 kg:<\/strong> 7. Luk\u00e1cs Noel \u00e9s Szab\u00f3 Botond<br><br><strong>35 kg:<\/strong> 3. T\u00e1trai Zsombor<br><br><strong>41 kg:<\/strong> 2. B\u00e1nki Don\u00e1t<br><br><strong>54 kg:<\/strong> 3. Abdul Rauf M\u00e1t\u00e9<br><br><strong>Di\u00e1k B-kcs.:<\/strong><br><br> 55 kg: 3. Ol\u00e1h Botond<br><br> +49 kg: 5. Sz\u00e9csi Maja.<\/p>\n\n\n\n<figure class=\"wp-block-image size-large\"><a href=\"https:\/\/mvsi.hu\/wp-content\/uploads\/2023\/03\/judo-M\u00f3rahalom.jpeg\" target=\"_blank\" rel=\"noreferrer noopener\"><img loading=\"lazy\" decoding=\"async\" width=\"1024\" height=\"768\" src=\"https:\/\/mvsi.hu\/wp-content\/uploads\/2023\/03\/judo-M\u00f3rahalom-1024x768.jpeg\" alt=\"\" class=\"wp-image-4349\" srcset=\"https:\/\/mvsi.hu\/wp-content\/uploads\/2023\/03\/judo-M\u00f3rahalom-1024x768.jpeg 1024w, https:\/\/mvsi.hu\/wp-content\/uploads\/2023\/03\/judo-M\u00f3rahalom-300x225.jpeg 300w, https:\/\/mvsi.hu\/wp-content\/uploads\/2023\/03\/judo-M\u00f3rahalom-768x576.jpeg 768w, https:\/\/mvsi.hu\/wp-content\/uploads\/2023\/03\/judo-M\u00f3rahalom-1536x1152.jpeg 1536w, https:\/\/mvsi.hu\/wp-content\/uploads\/2023\/03\/judo-M\u00f3rahalom-360x270.jpeg 360w, https:\/\/mvsi.hu\/wp-content\/uploads\/2023\/03\/judo-M\u00f3rahalom.jpeg 2048w\" sizes=\"auto, (max-width: 1024px) 100vw, 1024px\" \/><\/a><figcaption>T\u00e9rdelnek: Fejes Attila (balr\u00f3l), Abdul Rauf M\u00e1t\u00e9, Szab\u00f3 Botond, B\u00e1nki Don\u00e1t, Csern\u00e1k Fl\u00f3ri\u00e1n, Luk\u00e1cs Noel. \u00c1llnak: Sz\u00e9csi Maja Nilla (balr\u00f3l),  T\u00e1trai Zsombor, Luk\u00e1cs S\u00e1ndor, Ol\u00e1h Botond, Mik\u00f3 D\u00e1niel, Karaba Levente. H\u00e1ts\u00f3 sor: Gecsei L\u00e1szl\u00f3 (balr\u00f3l) \u00e9s Ligeti S\u00e1ndor.\n(Fot\u00f3: Mag\u00e1narch\u00edvum)\n<\/figcaption><\/figure>\n","protected":false},"excerpt":{"rendered":"<p>A di\u00e1k A- \u00e9s B-korcsoportos judo Magyar-kup\u00e1n l\u00e9ptek a k\u00fczd\u0151t\u00e9rre az MVSC-Miskolci Sportiskola fiatal sportol\u00f3i. A m\u00e1rcius 18-\u00e1n, M\u00f3rahalmon megrendezett er\u0151pr\u00f3b\u00e1n Gecsei L\u00e1szl\u00f3 \u00e9s Ligeti S\u00e1ndor tan\u00edtv\u00e1nyai n\u00e9gy \u00e9rmet \u00e9s tov\u00e1bbi \u00e9rt\u00e9kes helyez\u00e9seket \u00e9rdemeltek ki. Eredm\u00e9nyekDi\u00e1k A-kcs.: 32 kg: 7. Luk\u00e1cs Noel \u00e9s Szab\u00f3 Botond 35 kg: 3. T\u00e1trai Zsombor 41 kg: 2. B\u00e1nki Don\u00e1t [&hellip;]<\/p>\n","protected":false},"author":3,"featured_media":4349,"comment_status":"closed","ping_status":"open","sticky":false,"template":"","format":"standard","meta":{"footnotes":""},"categories":[153],"tags":[],"class_list":["post-4348","post","type-post","status-publish","format-standard","has-post-thumbnail","hentry","category-judo"],"_links":{"self":[{"href":"https:\/\/mvsi.hu\/index.php?rest_route=\/wp\/v2\/posts\/4348","targetHints":{"allow":["GET"]}}],"collection":[{"href":"https:\/\/mvsi.hu\/index.php?rest_route=\/wp\/v2\/posts"}],"about":[{"href":"https:\/\/mvsi.hu\/index.php?rest_route=\/wp\/v2\/types\/post"}],"author":[{"embeddable":true,"href":"https:\/\/mvsi.hu\/index.php?rest_route=\/wp\/v2\/users\/3"}],"replies":[{"embeddable":true,"href":"https:\/\/mvsi.hu\/index.php?rest_route=%2Fwp%2Fv2%2Fcomments&post=4348"}],"version-history":[{"count":1,"href":"https:\/\/mvsi.hu\/index.php?rest_route=\/wp\/v2\/posts\/4348\/revisions"}],"predecessor-version":[{"id":4350,"href":"https:\/\/mvsi.hu\/index.php?rest_route=\/wp\/v2\/posts\/4348\/revisions\/4350"}],"wp:featuredmedia":[{"embeddable":true,"href":"https:\/\/mvsi.hu\/index.php?rest_route=\/wp\/v2\/media\/4349"}],"wp:attachment":[{"href":"https:\/\/mvsi.hu\/index.php?rest_route=%2Fwp%2Fv2%2Fmedia&parent=4348"}],"wp:term":[{"taxonomy":"category","embeddable":true,"href":"https:\/\/mvsi.hu\/index.php?rest_route=%2Fwp%2Fv2%2Fcategories&post=4348"},{"taxonomy":"post_tag","embeddable":true,"href":"https:\/\/mvsi.hu\/index.php?rest_route=%2Fwp%2Fv2%2Ftags&post=4348"}],"curies":[{"name":"wp","href":"https:\/\/api.w.org\/{rel}","templated":true}]}}