{"id":4380,"date":"2023-04-04T13:23:14","date_gmt":"2023-04-04T13:23:14","guid":{"rendered":"http:\/\/mvsi.hu\/?p=4380"},"modified":"2023-04-04T13:25:14","modified_gmt":"2023-04-04T13:25:14","slug":"ket-ezust-egy-bronz-a-videkbajnoksagrol","status":"publish","type":"post","link":"https:\/\/mvsi.hu\/?p=4380","title":{"rendered":"K\u00e9t ez\u00fcst, egy bronz a vid\u00e9kbajnoks\u00e1gr\u00f3l"},"content":{"rendered":"\n<p>A torn\u00e1szok orsz\u00e1gos vid\u00e9kbajnoks\u00e1g\u00e1nak m\u00e1rcius 26-\u00e1n a\nbudapesti K\u00f6zponti Torna-csarnok adott otthont.&nbsp;\nA Miskolci Sportiskola Hoffmann Beatrix \u00e9s Tar Mikl\u00f3s \u00e1ltal felk\u00e9sz\u00edtett\nn\u0151i versenyz\u0151i csapatban, valamint talajon \u00e9s ugr\u00e1sban is begy\u0171jt\u00f6ttek egy-egy\nez\u00fcst\u00e9rmet, melyhez egy bronz is t\u00e1rsult.<\/p>\n\n\n\n<p><strong>Eredm\u00e9nyek<\/strong><\/p>\n\n\n\n<p><strong>Le\u00e1nyok<\/strong><br><strong><br> Serd\u00fcl\u0151 II o., csapat: <\/strong>8. Miskolci Sportiskola (Csom\u00f3s Dorka, Gy\u00fckeri Kinga, K\u00e1das L\u00e9na, Papp Anna Liza) 105,5 pont <\/p>\n\n\n\n<p><strong>Ifj\u00fas\u00e1gi II. o., csapat:<\/strong> 2. Miskolci Sportiskola (Nyitrai\nFl\u00f3ra, Lupkovics Leona, Z\u00e1gonyi Kitti, Cinege Brigitta) 140.45 p.<\/p>\n\n\n\n<p><strong>Egy\u00e9ni \u00f6sszetett:<\/strong> 3. Czinege Brigitta,&nbsp;47.25, \u20267.\nNyitrai Fl\u00f3ra,&nbsp;46.35, 8. Lupkovics Leona, 46.20, \u202614. Z\u00e1gonyi Kitti, 45.00\n<\/p>\n\n\n\n<p><strong>Szerenk\u00e9nti, ugr\u00e1s:<\/strong>&nbsp;2. Lupkovics Leona, \u20265. Czinege Brigitta<br> <strong>Gerenda:<\/strong> 5. Czinege Brigitta, \u20268. Lupkovics Leona<br> <strong>Talaj:<\/strong> 2. Czinege Brigitta, \u2026 6. Z\u00e1gonyi Kitti <\/p>\n\n\n\n<p><strong>Feln\u0151tt n\u0151k, II. o.:<br> Egy\u00e9ni \u00f6sszetett:<\/strong> 8. Hoffmann Lorena, 35,80, \u202613. Hajduczki Zo\u00e9,&nbsp;31.25<br> <strong>Szerenk\u00e9nti, ugr\u00e1s:<\/strong> 4. Hoffmann Lorena.<\/p>\n\n\n\n<figure class=\"wp-block-gallery columns-2 is-cropped wp-block-gallery-1 is-layout-flex wp-block-gallery-is-layout-flex\"><ul class=\"blocks-gallery-grid\"><li class=\"blocks-gallery-item\"><figure><a href=\"https:\/\/mvsi.hu\/wp-content\/uploads\/2023\/04\/Czinege-Orsolya.jpg\"><img loading=\"lazy\" decoding=\"async\" width=\"489\" height=\"1024\" src=\"https:\/\/mvsi.hu\/wp-content\/uploads\/2023\/04\/Czinege-Orsolya-489x1024.jpg\" alt=\"\" data-id=\"4381\" data-full-url=\"https:\/\/mvsi.hu\/wp-content\/uploads\/2023\/04\/Czinege-Orsolya.jpg\" data-link=\"https:\/\/mvsi.hu\/?attachment_id=4381\" class=\"wp-image-4381\"\/><\/a><figcaption class=\"blocks-gallery-item__caption\">Czinege Orsolya<\/figcaption><\/figure><\/li><li class=\"blocks-gallery-item\"><figure><a href=\"https:\/\/mvsi.hu\/wp-content\/uploads\/2023\/04\/Lupkovics-Leona.jpg\"><img loading=\"lazy\" decoding=\"async\" width=\"495\" height=\"1024\" src=\"https:\/\/mvsi.hu\/wp-content\/uploads\/2023\/04\/Lupkovics-Leona-495x1024.jpg\" alt=\"\" data-id=\"4382\" data-full-url=\"https:\/\/mvsi.hu\/wp-content\/uploads\/2023\/04\/Lupkovics-Leona.jpg\" data-link=\"https:\/\/mvsi.hu\/?attachment_id=4382\" class=\"wp-image-4382\" srcset=\"https:\/\/mvsi.hu\/wp-content\/uploads\/2023\/04\/Lupkovics-Leona-495x1024.jpg 495w, https:\/\/mvsi.hu\/wp-content\/uploads\/2023\/04\/Lupkovics-Leona-145x300.jpg 145w, https:\/\/mvsi.hu\/wp-content\/uploads\/2023\/04\/Lupkovics-Leona.jpg 584w\" sizes=\"auto, (max-width: 495px) 100vw, 495px\" \/><\/a><figcaption class=\"blocks-gallery-item__caption\">Lupkovics Leona<\/figcaption><\/figure><\/li><\/ul><\/figure>\n","protected":false},"excerpt":{"rendered":"<p>A torn\u00e1szok orsz\u00e1gos vid\u00e9kbajnoks\u00e1g\u00e1nak m\u00e1rcius 26-\u00e1n a budapesti K\u00f6zponti Torna-csarnok adott otthont.&nbsp; A Miskolci Sportiskola Hoffmann Beatrix \u00e9s Tar Mikl\u00f3s \u00e1ltal felk\u00e9sz\u00edtett n\u0151i versenyz\u0151i csapatban, valamint talajon \u00e9s ugr\u00e1sban is begy\u0171jt\u00f6ttek egy-egy ez\u00fcst\u00e9rmet, melyhez egy bronz is t\u00e1rsult. Eredm\u00e9nyek Le\u00e1nyok Serd\u00fcl\u0151 II o., csapat: 8. Miskolci Sportiskola (Csom\u00f3s Dorka, Gy\u00fckeri Kinga, K\u00e1das L\u00e9na, Papp Anna [&hellip;]<\/p>\n","protected":false},"author":3,"featured_media":4381,"comment_status":"closed","ping_status":"open","sticky":false,"template":"","format":"standard","meta":{"footnotes":""},"categories":[163],"tags":[],"class_list":["post-4380","post","type-post","status-publish","format-standard","has-post-thumbnail","hentry","category-torna"],"_links":{"self":[{"href":"https:\/\/mvsi.hu\/index.php?rest_route=\/wp\/v2\/posts\/4380","targetHints":{"allow":["GET"]}}],"collection":[{"href":"https:\/\/mvsi.hu\/index.php?rest_route=\/wp\/v2\/posts"}],"about":[{"href":"https:\/\/mvsi.hu\/index.php?rest_route=\/wp\/v2\/types\/post"}],"author":[{"embeddable":true,"href":"https:\/\/mvsi.hu\/index.php?rest_route=\/wp\/v2\/users\/3"}],"replies":[{"embeddable":true,"href":"https:\/\/mvsi.hu\/index.php?rest_route=%2Fwp%2Fv2%2Fcomments&post=4380"}],"version-history":[{"count":2,"href":"https:\/\/mvsi.hu\/index.php?rest_route=\/wp\/v2\/posts\/4380\/revisions"}],"predecessor-version":[{"id":4384,"href":"https:\/\/mvsi.hu\/index.php?rest_route=\/wp\/v2\/posts\/4380\/revisions\/4384"}],"wp:featuredmedia":[{"embeddable":true,"href":"https:\/\/mvsi.hu\/index.php?rest_route=\/wp\/v2\/media\/4381"}],"wp:attachment":[{"href":"https:\/\/mvsi.hu\/index.php?rest_route=%2Fwp%2Fv2%2Fmedia&parent=4380"}],"wp:term":[{"taxonomy":"category","embeddable":true,"href":"https:\/\/mvsi.hu\/index.php?rest_route=%2Fwp%2Fv2%2Fcategories&post=4380"},{"taxonomy":"post_tag","embeddable":true,"href":"https:\/\/mvsi.hu\/index.php?rest_route=%2Fwp%2Fv2%2Ftags&post=4380"}],"curies":[{"name":"wp","href":"https:\/\/api.w.org\/{rel}","templated":true}]}}