{"id":4453,"date":"2023-05-22T11:25:07","date_gmt":"2023-05-22T11:25:07","guid":{"rendered":"http:\/\/mvsi.hu\/?p=4453"},"modified":"2023-05-22T11:25:08","modified_gmt":"2023-05-22T11:25:08","slug":"negy-arany-a-hegyifuto-ob-rol","status":"publish","type":"post","link":"https:\/\/mvsi.hu\/?p=4453","title":{"rendered":"N\u00e9gy arany a hegyifut\u00f3 ob-r\u00f3l"},"content":{"rendered":"\n<p>A Miskolci Sportiskola atl\u00e9t\u00e1i az\nelm\u00falt h\u00e9tv\u00e9g\u00e9n rajthoz \u00e1lltak a K\u00e9kestet\u0151 t\u00e9rs\u00e9g\u00e9ben megrendezett Hegyifut\u00f3\nOrsz\u00e1gos Bajnoks\u00e1gon. &nbsp;A serd\u00fcl\u0151 fi\u00fak \u00e9s le\u00e1nyok a Veronika r\u00e9tr\u0151l\nrajtolva egy 3,5 km-es, 238 m szintemelked\u00e9ssel nehez\u00edtett p\u00e1ly\u00e1n versenyeztek.\nZ\u00e1mbori\n\u201eAthosz\u201d Zolt\u00e1n tan\u00edtv\u00e1nyai nem kevesebb, mint n\u00e9gy arany\u00e9rmet \u00e9rdemeltek ki,\nmelyhez k\u00e9t ez\u00fcst- \u00e9s egy bronzmed\u00e1l is \u201et\u00e1rsult\u201d.<\/p>\n\n\n\n<p><strong>Eredm\u00e9nyek<\/strong><\/p>\n\n\n\n<p><strong>U16-os kcs., le\u00e1nyok, 3.5 km:<\/strong> 1. Gomb\u00e1r Zo\u00e9, 23:05.92 perc, 2.\nSimon Csilla, 25:04.43, \u2026<\/p>\n\n\n\n<p>4. Kevenci Laetitia, 26:21.43. <strong>Csapat:<\/strong>\n1. Miskolci Sportiskola (Gomb\u00e1r Zo\u00e9, Simon Csilla, Kevenci Laetitia)<\/p>\n\n\n\n<p><strong>U16-os kcs., fi\u00fak, 3.5 km: <\/strong>1. Herczeg \u00c1ron, 19:43.18 perc, 2. Erd\u0151di P\u00e9ter, 21:02.42, 3. Molitorisz Don\u00e1t, 23:34.67. <strong>Csapat:<\/strong> 1. Miskolci Sportiskola (Herczeg \u00c1ron, Erd\u0151di P\u00e9ter, Molitorisz Don\u00e1t)<\/p>\n\n\n\n<figure class=\"wp-block-image size-large\"><a href=\"https:\/\/mvsi.hu\/wp-content\/uploads\/2023\/05\/Erd\u0151di-Herczeg-Molitorisz-MSI.jpg\" target=\"_blank\" rel=\"noreferrer noopener\"><img loading=\"lazy\" decoding=\"async\" width=\"461\" height=\"1024\" src=\"https:\/\/mvsi.hu\/wp-content\/uploads\/2023\/05\/Erd\u0151di-Herczeg-Molitorisz-MSI-461x1024.jpg\" alt=\"\" class=\"wp-image-4454\"\/><\/a><\/figure>\n","protected":false},"excerpt":{"rendered":"<p>A Miskolci Sportiskola atl\u00e9t\u00e1i az elm\u00falt h\u00e9tv\u00e9g\u00e9n rajthoz \u00e1lltak a K\u00e9kestet\u0151 t\u00e9rs\u00e9g\u00e9ben megrendezett Hegyifut\u00f3 Orsz\u00e1gos Bajnoks\u00e1gon. &nbsp;A serd\u00fcl\u0151 fi\u00fak \u00e9s le\u00e1nyok a Veronika r\u00e9tr\u0151l rajtolva egy 3,5 km-es, 238 m szintemelked\u00e9ssel nehez\u00edtett p\u00e1ly\u00e1n versenyeztek. Z\u00e1mbori \u201eAthosz\u201d Zolt\u00e1n tan\u00edtv\u00e1nyai nem kevesebb, mint n\u00e9gy arany\u00e9rmet \u00e9rdemeltek ki, melyhez k\u00e9t ez\u00fcst- \u00e9s egy bronzmed\u00e1l is \u201et\u00e1rsult\u201d. Eredm\u00e9nyek U16-os [&hellip;]<\/p>\n","protected":false},"author":3,"featured_media":4454,"comment_status":"closed","ping_status":"open","sticky":false,"template":"","format":"standard","meta":{"footnotes":""},"categories":[151],"tags":[],"class_list":["post-4453","post","type-post","status-publish","format-standard","has-post-thumbnail","hentry","category-atletika"],"_links":{"self":[{"href":"https:\/\/mvsi.hu\/index.php?rest_route=\/wp\/v2\/posts\/4453","targetHints":{"allow":["GET"]}}],"collection":[{"href":"https:\/\/mvsi.hu\/index.php?rest_route=\/wp\/v2\/posts"}],"about":[{"href":"https:\/\/mvsi.hu\/index.php?rest_route=\/wp\/v2\/types\/post"}],"author":[{"embeddable":true,"href":"https:\/\/mvsi.hu\/index.php?rest_route=\/wp\/v2\/users\/3"}],"replies":[{"embeddable":true,"href":"https:\/\/mvsi.hu\/index.php?rest_route=%2Fwp%2Fv2%2Fcomments&post=4453"}],"version-history":[{"count":1,"href":"https:\/\/mvsi.hu\/index.php?rest_route=\/wp\/v2\/posts\/4453\/revisions"}],"predecessor-version":[{"id":4455,"href":"https:\/\/mvsi.hu\/index.php?rest_route=\/wp\/v2\/posts\/4453\/revisions\/4455"}],"wp:featuredmedia":[{"embeddable":true,"href":"https:\/\/mvsi.hu\/index.php?rest_route=\/wp\/v2\/media\/4454"}],"wp:attachment":[{"href":"https:\/\/mvsi.hu\/index.php?rest_route=%2Fwp%2Fv2%2Fmedia&parent=4453"}],"wp:term":[{"taxonomy":"category","embeddable":true,"href":"https:\/\/mvsi.hu\/index.php?rest_route=%2Fwp%2Fv2%2Fcategories&post=4453"},{"taxonomy":"post_tag","embeddable":true,"href":"https:\/\/mvsi.hu\/index.php?rest_route=%2Fwp%2Fv2%2Ftags&post=4453"}],"curies":[{"name":"wp","href":"https:\/\/api.w.org\/{rel}","templated":true}]}}