{"id":4582,"date":"2023-09-13T07:30:39","date_gmt":"2023-09-13T07:30:39","guid":{"rendered":"http:\/\/mvsi.hu\/?p=4582"},"modified":"2023-09-13T07:30:39","modified_gmt":"2023-09-13T07:30:39","slug":"sajtotajekoztato-a-vilagbajnoki-ermesekkel","status":"publish","type":"post","link":"https:\/\/mvsi.hu\/?p=4582","title":{"rendered":"Sajt\u00f3t\u00e1j\u00e9koztat\u00f3 a vil\u00e1gbajnoki \u00e9rmesekkel"},"content":{"rendered":"\n<p><strong>Az augusztus 19-21. k\u00f6z\u00f6tt Angli\u00e1ban, Bath v\u00e1ros\u00e1ban megrendezett\nlaser-run vil\u00e1gbajnoks\u00e1gon kiv\u00e1l\u00f3an szerepelt Miskolci Sportiskol\u00e1s versenyz\u0151k\n\u00e9s edz\u0151ik vettek r\u00e9szt azon a sajt\u00f3t\u00e1j\u00e9koztat\u00f3n, melyet szeptember 12-\u00e9n,\nkedden d\u00e9lut\u00e1n tartottak a Kem\u00e9ny D\u00e9nes V\u00e1rosi Sportuszoda VIP-term\u00e9ben.<\/strong><\/p>\n\n\n\n<p>A h\u00e1zigazda szerep\u00e9t bet\u00f6lt\u0151 <strong><em>De\u00e1k-B\u00e1rdos Mih\u00e1ly,<\/em><\/strong> a Miskolci Sportiskola szakmai vezet\u0151je k\u00f6sz\u00f6nt\u0151j\u00e9t k\u00f6vet\u0151en gratul\u00e1lt az U15-\u00f6s korcsoportban egy\u00e9ni vil\u00e1gbajnoki c\u00edmet ki\u00e9rdeml\u0151 <strong><em>Herczeg \u00c1ronnak<\/em><\/strong>, valamint a vele egy\u00fctt csapatban vb-ez\u00fcst\u00e9rmes <strong><em>K\u00e1ntor Benedeknek<\/em><\/strong> \u00e9s <strong><em>K\u00e1ntor Vinc\u00e9nek<\/em><\/strong>, csak\u00fagy, mint az U13-as magyar csapat tagjak\u00e9nt vil\u00e1gbajnoki aranyat ki\u00e9rdeml\u0151 <strong><em>L\u00e1z\u00e1r Simonnak<\/em><\/strong>. Kij\u00e1rt az elismer\u00e9s <strong><em>Hunyadi Levent\u00e9nek<\/em><\/strong>, a Miskolci Sportiskola \u00f6ttusa szakoszt\u00e1lyvezet\u0151j\u00e9nek-edz\u0151j\u00e9nek, \u00e9s <strong><em>Z\u00e1mbori Zolt\u00e1nnak<\/em><\/strong>, a sportol\u00f3k atl\u00e9tika edz\u0151j\u00e9nek is.<\/p>\n\n\n\n<p>A szakmai vezet\u0151 elmondta, hogy az egy\u00e9ni vil\u00e1gbajnoki c\u00edmet ki\u00e9rdeml\u0151\nHerczeg \u00c1ront k\u00fcl\u00f6n is megjutalmazz\u00e1k majd. De\u00e1k-B\u00e1rdos Mih\u00e1lyt\u00f3l megtudtuk azt\nis, hogy a fiatalok tov\u00e1bbi fejl\u0151d\u00e9se, az \u00f6ttus\u00e1ba val\u00f3 sikeres \u00e1tt\u00e9r\u00e9se\n\u00e9rdek\u00e9ben egy\u00fcttm\u0171k\u00f6d\u00e9si szerz\u0151d\u00e9st k\u00f6tnek a Di\u00f3sgy\u0151ri V\u00edv\u00f3 Egyes\u00fclettel,\nilletve a tervek k\u00f6z\u00f6tt szerepel, hogy \u2013 a lovagl\u00e1st j\u00f6v\u0151re v\u00e9gleg felv\u00e1lt\u00f3 \u2013\nakad\u00e1lyp\u00e1ly\u00e1t l\u00e9tes\u00edtsenek Miskolcon.<\/p>\n\n\n\n<p><strong>Edz\u0151i szavak<\/strong><br>\n\u2013 Az U15-\u00f6s csapatban most vil\u00e1gbajnoki\nez\u00fcst\u00e9rmet szerzett h\u00e1rom sportol\u00f3 2019-ben csatlakozott a szakoszt\u00e1lyhoz, m\u00edg\nL\u00e1z\u00e1r Simon az idei \u00e9v m\u00e1jus\u00e1t\u00f3l van n\u00e1lunk \u2013 fogalmazott <strong><em>Hunyadi Levente<\/em><\/strong>.\n\u2013 A vil\u00e1gbajnoks\u00e1g selejtez\u0151iben okosan tartal\u00e9koltak versenyz\u0151ink, nem kihajtva\nmagukat jutottak be a d\u00e9lut\u00e1ni d\u00f6nt\u0151be. A fin\u00e1l\u00e9ban minden sportiskol\u00e1s\nl\u00f6v\u00e9szete \u2013 a nagy stressz miatt &#8211; elmaradt a kor\u00e1bbi, hazai teljes\u00edtm\u00e9ny\u00e9t\u0151l,\nde szerencs\u00e9re a fut\u00e1s j\u00f3l ment, \u00edgy siker\u00fclt kiv\u00e1l\u00f3 eredm\u00e9nyeket el\u00e9rni\u00fck a\nsr\u00e1coknak.&nbsp;<\/p>\n\n\n\n<p><strong><em>Z\u00e1mbori Zolt\u00e1n:<\/em><\/strong> \u2013 Kicsit\nformabont\u00f3 m\u00f3don k\u00e9sz\u00fclt\u00fcnk a vil\u00e1gbajnoks\u00e1gra. K\u00f6ztudott, hogy az \u00f6ttus\u00e1z\u00f3k mezei\nfut\u00e1ssal, \u00e9s rekort\u00e1n p\u00e1ly\u00e1n v\u00e9gzett edz\u00e9sekkel dolgoznak, jellemz\u0151en mi is ezt\ntett\u00fck. Ami \u00fajdons\u00e1got jelentett, a vb el\u0151tt egy egyhetes edz\u0151t\u00e1bort tartottunk,\nahol kimondottan terep-, \u00e9s hegyifut\u00f3 edz\u00e9seket v\u00e9gezt\u00fcnk. Ebb\u0151l a t\u00e1borb\u00f3l\nvisszat\u00e9rve r\u00e1gyors\u00edtottunk a t\u00e1borban meger\u0151s\u00edtett \u00e1ll\u00f3k\u00e9pess\u00e9gre, \u00e9s ez j\u00f3l\nj\u00f6tt ki, mert \u00e9let\u00fck form\u00e1j\u00e1t tudt\u00e1k ny\u00fajtani a fi\u00fak. Ami pedig a l\u00f6v\u00e9szetet\nbefoly\u00e1sol\u00f3 stresszt illeti, min\u00e9l t\u00f6bb nemzetk\u00f6zi rutint szereznek a sr\u00e1cok,\nann\u00e1l kev\u00e9sb\u00e9 lesz probl\u00e9ma ezen a t\u00e9ren is. <\/p>\n","protected":false},"excerpt":{"rendered":"<p>Az augusztus 19-21. k\u00f6z\u00f6tt Angli\u00e1ban, Bath v\u00e1ros\u00e1ban megrendezett laser-run vil\u00e1gbajnoks\u00e1gon kiv\u00e1l\u00f3an szerepelt Miskolci Sportiskol\u00e1s versenyz\u0151k \u00e9s edz\u0151ik vettek r\u00e9szt azon a sajt\u00f3t\u00e1j\u00e9koztat\u00f3n, melyet szeptember 12-\u00e9n, kedden d\u00e9lut\u00e1n tartottak a Kem\u00e9ny D\u00e9nes V\u00e1rosi Sportuszoda VIP-term\u00e9ben.<\/p>\n","protected":false},"author":3,"featured_media":4583,"comment_status":"closed","ping_status":"open","sticky":false,"template":"","format":"standard","meta":{"footnotes":""},"categories":[160],"tags":[],"class_list":["post-4582","post","type-post","status-publish","format-standard","has-post-thumbnail","hentry","category-ottusa"],"_links":{"self":[{"href":"https:\/\/mvsi.hu\/index.php?rest_route=\/wp\/v2\/posts\/4582","targetHints":{"allow":["GET"]}}],"collection":[{"href":"https:\/\/mvsi.hu\/index.php?rest_route=\/wp\/v2\/posts"}],"about":[{"href":"https:\/\/mvsi.hu\/index.php?rest_route=\/wp\/v2\/types\/post"}],"author":[{"embeddable":true,"href":"https:\/\/mvsi.hu\/index.php?rest_route=\/wp\/v2\/users\/3"}],"replies":[{"embeddable":true,"href":"https:\/\/mvsi.hu\/index.php?rest_route=%2Fwp%2Fv2%2Fcomments&post=4582"}],"version-history":[{"count":1,"href":"https:\/\/mvsi.hu\/index.php?rest_route=\/wp\/v2\/posts\/4582\/revisions"}],"predecessor-version":[{"id":4584,"href":"https:\/\/mvsi.hu\/index.php?rest_route=\/wp\/v2\/posts\/4582\/revisions\/4584"}],"wp:featuredmedia":[{"embeddable":true,"href":"https:\/\/mvsi.hu\/index.php?rest_route=\/wp\/v2\/media\/4583"}],"wp:attachment":[{"href":"https:\/\/mvsi.hu\/index.php?rest_route=%2Fwp%2Fv2%2Fmedia&parent=4582"}],"wp:term":[{"taxonomy":"category","embeddable":true,"href":"https:\/\/mvsi.hu\/index.php?rest_route=%2Fwp%2Fv2%2Fcategories&post=4582"},{"taxonomy":"post_tag","embeddable":true,"href":"https:\/\/mvsi.hu\/index.php?rest_route=%2Fwp%2Fv2%2Ftags&post=4582"}],"curies":[{"name":"wp","href":"https:\/\/api.w.org\/{rel}","templated":true}]}}