{"id":4651,"date":"2023-10-26T14:01:23","date_gmt":"2023-10-26T14:01:23","guid":{"rendered":"http:\/\/mvsi.hu\/?p=4651"},"modified":"2023-10-27T08:20:35","modified_gmt":"2023-10-27T08:20:35","slug":"harom-miskolci-aranyerem-a-ii-osztalyu-bajnoksagon","status":"publish","type":"post","link":"https:\/\/mvsi.hu\/?p=4651","title":{"rendered":"H\u00e1rom miskolci arany\u00e9rem a II. oszt\u00e1ly\u00fa bajnoks\u00e1gon"},"content":{"rendered":"\n<p>Az ut\u00f3bbi \u00e9vek legjobb szerepl\u00e9s\u00e9t produk\u00e1lt\u00e1k a Miskolci Sportiskola fiatal torn\u00e1szai a Magyar Orsz\u00e1gos Csapat- \u00e9s Egy\u00e9ni Bajnoks\u00e1gon. Az okt\u00f3ber 21-\u00e9n, a Budapest Tornacsarnokban megrendezett bajnoks\u00e1gon, a II. oszt\u00e1lyban Drask\u00f3czy G\u00e1bor \u00e9s B\u00e1nr\u00e9vi Imre fi\u00fa tan\u00edtv\u00e1nyai k\u00f6z\u00fcl Gy\u0151ri Andr\u00e1s egy\u00e9ni \u00f6sszetettben, valamint Hronyecz Mil\u00e1nnal \u00e9s Zsofcs\u00e1k Botonddal egy\u00fctt csapatban is bajnok lett. A Tar Mikl\u00f3s \u00e1ltal felk\u00e9sz\u00edtett le\u00e1nyok k\u00f6z\u00fcl Z\u00e1gonyi Kitti ugr\u00e1sban szerezte meg a bajnoki aranyat, Czinege Brigitt\u00e1val pedig ez\u00fcst\u00e9rmet vehettek \u00e1t a csapatversenyben.<br> <br><strong>Eredm\u00e9nyek<\/strong><br><strong>Fi\u00fa II. oszt\u00e1ly<\/strong><br><strong>Kadet kcs., egy\u00e9ni \u00f6sszetett: <\/strong>1.Gy\u0151ri Andr\u00e1s, \u20263. Hronyecz Mil\u00e1n, \u20267. Zsofcs\u00e1k Botond<\/p>\n\n\n\n<p><strong>Kadet\u00a0 kcs., csapat:<\/strong> 1. Miskolci\u00a0 Sportiskola (Gy\u0151ri Andr\u00e1s, Hronyecz Mil\u00e1n, Zsofcs\u00e1k Botond, F\u00e1bi\u00e1n Bern\u00e1t, edz\u0151: Drask\u00f3czy G\u00e1bor, B\u00e1nr\u00e9vi Imre)<br><strong>Ifj\u00fas\u00e1gi kcs., egy\u00e9ni \u00f6sszetett:<\/strong> 6. Bolha \u00c1ron<\/p>\n\n\n\n<p><strong>Ifj\u00fas\u00e1gi kcs., csapat:<\/strong> 3. Miskolci Sportiskola (Bolha \u00c1ron, Mur\u00e1nyi Bence)<br> <br><strong>Le\u00e1ny II. oszt\u00e1ly<\/strong><br><strong>Ifj\u00fas\u00e1gi kcs., egy\u00e9ni \u00f6sszetett:<\/strong> 6. Z\u00e1gonyi Kitti, 7. Czinege Brigitta<br><strong>Ifj\u00fas\u00e1gi kcs., csapat:<\/strong> 2. Miskolci Sportiskola (Z\u00e1gonyi Kitti, Czinege Brigitta)<br><strong>Ifj\u00fas\u00e1gi kcs., ugr\u00e1s:<\/strong> 1. Z\u00e1gonyi Kitti (edz\u0151: Tar Mikl\u00f3s)<\/p>\n\n\n\n<p><strong>Serd\u00fcl\u0151 kcs., csapat:<\/strong> 11. Miskolci Sportiskola\n(Juh\u00e1sz-Pap Lujza, D\u00e1nyi Eszter, Gy\u00fckeri Kinga Vivien,&nbsp;Papp Anna Liza,\nCsom\u00f3s Dorka)<strong>Feln\u0151tt n\u0151k, egy\u00e9ni \u00f6sszetett:<\/strong> 26. Hajduczki Zo\u00e9.\n\n\n\n<\/p>\n\n\n\n<figure class=\"wp-block-image size-large\"><img loading=\"lazy\" decoding=\"async\" width=\"720\" height=\"540\" src=\"https:\/\/mvsi.hu\/wp-content\/uploads\/2023\/10\/Torna-Fiu\u0301k.jpg\" alt=\"\" class=\"wp-image-4653\" srcset=\"https:\/\/mvsi.hu\/wp-content\/uploads\/2023\/10\/Torna-Fiu\u0301k.jpg 720w, https:\/\/mvsi.hu\/wp-content\/uploads\/2023\/10\/Torna-Fiu\u0301k-300x225.jpg 300w, https:\/\/mvsi.hu\/wp-content\/uploads\/2023\/10\/Torna-Fiu\u0301k-360x270.jpg 360w\" sizes=\"auto, (max-width: 720px) 100vw, 720px\" \/><figcaption> Mur\u00e1nyi Bence (balr\u00f3l), Hronyecz Mil\u00e1n, F\u00e1bi\u00e1n Bern\u00e1t, Gy\u0151ri Andr\u00e1s, Bolha \u00c1ron \u00e9s h\u00e1tul, k\u00f6zep\u00e9n Drask\u00f3czy G\u00e1bor edz\u0151. <\/figcaption><\/figure>\n\n\n\n<figure class=\"wp-block-image size-large\"><img loading=\"lazy\" decoding=\"async\" width=\"720\" height=\"540\" src=\"https:\/\/mvsi.hu\/wp-content\/uploads\/2023\/10\/Torna1-1.jpg\" alt=\"\" class=\"wp-image-4654\" srcset=\"https:\/\/mvsi.hu\/wp-content\/uploads\/2023\/10\/Torna1-1.jpg 720w, https:\/\/mvsi.hu\/wp-content\/uploads\/2023\/10\/Torna1-1-300x225.jpg 300w, https:\/\/mvsi.hu\/wp-content\/uploads\/2023\/10\/Torna1-1-360x270.jpg 360w\" sizes=\"auto, (max-width: 720px) 100vw, 720px\" \/><figcaption> Zsofcs\u00e1k Botond (balr\u00f3l), Hronyecz Mil\u00e1n \u00e9s Gy\u0151ri Andr\u00e1s a dobog\u00f3n. <\/figcaption><\/figure>\n\n\n\n<figure class=\"wp-block-image size-large\"><img loading=\"lazy\" decoding=\"async\" width=\"459\" height=\"1024\" src=\"https:\/\/mvsi.hu\/wp-content\/uploads\/2023\/10\/Torna-Tar2-459x1024.jpg\" alt=\"\" class=\"wp-image-4655\" srcset=\"https:\/\/mvsi.hu\/wp-content\/uploads\/2023\/10\/Torna-Tar2-459x1024.jpg 459w, https:\/\/mvsi.hu\/wp-content\/uploads\/2023\/10\/Torna-Tar2-135x300.jpg 135w, https:\/\/mvsi.hu\/wp-content\/uploads\/2023\/10\/Torna-Tar2-768x1712.jpg 768w, https:\/\/mvsi.hu\/wp-content\/uploads\/2023\/10\/Torna-Tar2-689x1536.jpg 689w, https:\/\/mvsi.hu\/wp-content\/uploads\/2023\/10\/Torna-Tar2-919x2048.jpg 919w, https:\/\/mvsi.hu\/wp-content\/uploads\/2023\/10\/Torna-Tar2.jpg 1118w\" sizes=\"auto, (max-width: 459px) 100vw, 459px\" \/><figcaption> Z\u00e1gonyi Kitti az ugr\u00e1s szerenk\u00e9nti d\u00f6nt\u0151 eredm\u00e9nyhirdet\u00e9s\u00e9n. <\/figcaption><\/figure>\n\n\n\n<figure class=\"wp-block-image size-large\"><img loading=\"lazy\" decoding=\"async\" width=\"750\" height=\"1024\" src=\"https:\/\/mvsi.hu\/wp-content\/uploads\/2023\/10\/Torna-Tar1-750x1024.jpg\" alt=\"\" class=\"wp-image-4657\" srcset=\"https:\/\/mvsi.hu\/wp-content\/uploads\/2023\/10\/Torna-Tar1-750x1024.jpg 750w, https:\/\/mvsi.hu\/wp-content\/uploads\/2023\/10\/Torna-Tar1-220x300.jpg 220w, https:\/\/mvsi.hu\/wp-content\/uploads\/2023\/10\/Torna-Tar1-768x1048.jpg 768w, https:\/\/mvsi.hu\/wp-content\/uploads\/2023\/10\/Torna-Tar1-1125x1536.jpg 1125w, https:\/\/mvsi.hu\/wp-content\/uploads\/2023\/10\/Torna-Tar1-1501x2048.jpg 1501w, https:\/\/mvsi.hu\/wp-content\/uploads\/2023\/10\/Torna-Tar1-scaled.jpg 1876w\" sizes=\"auto, (max-width: 750px) 100vw, 750px\" \/><figcaption> A Miskolci Sportiskola ez\u00fcst\u00e9rmes ifj\u00fas\u00e1gi le\u00e1ny csapata: Nyitrai Fl\u00f3ra (balr\u00f3l), Z\u00e1gonyi Kitti, Lupkovics Leona \u00e9s Czinege Brigitta. <\/figcaption><\/figure>\n","protected":false},"excerpt":{"rendered":"<p>Az ut\u00f3bbi \u00e9vek legjobb szerepl\u00e9s\u00e9t produk\u00e1lt\u00e1k a Miskolci Sportiskola fiatal torn\u00e1szai a Magyar Orsz\u00e1gos Csapat- \u00e9s Egy\u00e9ni Bajnoks\u00e1gon. Az okt\u00f3ber 21-\u00e9n, a Budapest Tornacsarnokban megrendezett bajnoks\u00e1gon, a II. oszt\u00e1lyban Drask\u00f3czy G\u00e1bor \u00e9s B\u00e1nr\u00e9vi Imre fi\u00fa tan\u00edtv\u00e1nyai k\u00f6z\u00fcl Gy\u0151ri Andr\u00e1s egy\u00e9ni \u00f6sszetettben, valamint Hronyecz \u00c1d\u00e1mmal \u00e9s Zsofcs\u00e1k Botonddal egy\u00fctt csapatban is bajnok lett. A<\/p>\n","protected":false},"author":3,"featured_media":4652,"comment_status":"closed","ping_status":"open","sticky":false,"template":"","format":"standard","meta":{"footnotes":""},"categories":[163],"tags":[],"class_list":["post-4651","post","type-post","status-publish","format-standard","has-post-thumbnail","hentry","category-torna"],"_links":{"self":[{"href":"https:\/\/mvsi.hu\/index.php?rest_route=\/wp\/v2\/posts\/4651","targetHints":{"allow":["GET"]}}],"collection":[{"href":"https:\/\/mvsi.hu\/index.php?rest_route=\/wp\/v2\/posts"}],"about":[{"href":"https:\/\/mvsi.hu\/index.php?rest_route=\/wp\/v2\/types\/post"}],"author":[{"embeddable":true,"href":"https:\/\/mvsi.hu\/index.php?rest_route=\/wp\/v2\/users\/3"}],"replies":[{"embeddable":true,"href":"https:\/\/mvsi.hu\/index.php?rest_route=%2Fwp%2Fv2%2Fcomments&post=4651"}],"version-history":[{"count":3,"href":"https:\/\/mvsi.hu\/index.php?rest_route=\/wp\/v2\/posts\/4651\/revisions"}],"predecessor-version":[{"id":4659,"href":"https:\/\/mvsi.hu\/index.php?rest_route=\/wp\/v2\/posts\/4651\/revisions\/4659"}],"wp:featuredmedia":[{"embeddable":true,"href":"https:\/\/mvsi.hu\/index.php?rest_route=\/wp\/v2\/media\/4652"}],"wp:attachment":[{"href":"https:\/\/mvsi.hu\/index.php?rest_route=%2Fwp%2Fv2%2Fmedia&parent=4651"}],"wp:term":[{"taxonomy":"category","embeddable":true,"href":"https:\/\/mvsi.hu\/index.php?rest_route=%2Fwp%2Fv2%2Fcategories&post=4651"},{"taxonomy":"post_tag","embeddable":true,"href":"https:\/\/mvsi.hu\/index.php?rest_route=%2Fwp%2Fv2%2Ftags&post=4651"}],"curies":[{"name":"wp","href":"https:\/\/api.w.org\/{rel}","templated":true}]}}