{"id":4731,"date":"2024-01-16T15:32:17","date_gmt":"2024-01-16T15:32:17","guid":{"rendered":"http:\/\/mvsi.hu\/?p=4731"},"modified":"2024-01-16T15:32:37","modified_gmt":"2024-01-16T15:32:37","slug":"kozszolgaltatasi-szerzodes-30-szamu-modositasa","status":"publish","type":"post","link":"https:\/\/mvsi.hu\/?p=4731","title":{"rendered":"\u00c9rdr\u0151l hoztak \u00e9rmeket, m\u00e9ghozz\u00e1 nyolcat"},"content":{"rendered":"\n<p>A DVTK-Miskolci Sportiskola birk\u00f3z\u00f3 szakoszt\u00e1ly\u00e1nak\nversenyz\u0151i janu\u00e1r 13-\u00e1n, szombaton \u00c9rden vettek r\u00e9szt az idei szezon els\u0151\ner\u0151pr\u00f3b\u00e1j\u00e1n, az \u00c9RD KUPA Nemzetk\u00f6zi Tar Mih\u00e1ly Eml\u00e9kversenyen, egyben szabad-,\nk\u00f6t\u00f6ttfog\u00e1s\u00fa \u00e9s n\u0151i birk\u00f3z\u00f3versenyen &nbsp;\u00e9s grundbirk\u00f3z\u00f3\novis g\u00e1l\u00e1n. <\/p>\n\n\n\n<p>Juh\u00e1sz S\u00e1ndor, Lakatos Gy\u0151z\u0151, Repka Attila, Bacs\u00f3 Alex\n\u00e9s Szab\u00f3 M\u00e1t\u00e9 tan\u00edtv\u00e1nyai hat arany-, \u00e9s egy-egy ez\u00fcst-, illetve bronz\u00e9rmet\nhoztak haza a 420 indul\u00f3t felvonultat\u00f3 viadalr\u00f3l.<\/p>\n\n\n\n<p><strong>Eredm\u00e9nyek<\/strong><\/p>\n\n\n\n<p><strong>Ovis korcsoport:<\/strong><\/p>\n\n\n\n<p><strong>20 kg:<\/strong> 1. Pol\u00e1nyi Marcell<\/p>\n\n\n\n<p><strong>Gyermek korcsoport:<\/strong><\/p>\n\n\n\n<p><strong>20 kg:<\/strong> 1. Kiss Fl\u00f3ri\u00e1n<\/p>\n\n\n\n<p><strong>28 kg:<\/strong> 1. Lakatos Milos<\/p>\n\n\n\n<p><strong>30 kg:<\/strong> 1. ifj. Lakatos Gy\u0151z\u0151&nbsp;<\/p>\n\n\n\n<p><strong>47 kg:<\/strong> 1. Pol\u00e1nyi Soma<\/p>\n\n\n\n<p><strong>U10-es korcsoport:<\/strong><\/p>\n\n\n\n<p><strong>38 kg:<\/strong> 3. Rajda Gerg\u0151 \u00e9s Ol\u00e1h Zsombor<\/p>\n\n\n\n<p><strong>U15-\u00f6s korcsoport, le\u00e1nyok:&nbsp;<\/strong><\/p>\n\n\n\n<p><strong>58 kg:<\/strong> 1. Bal\u00e1zs Zea<\/p>\n\n\n\n<p><strong>62 kg:<\/strong> 2. Ol\u00e1h Zo\u00e9<\/p>\n","protected":false},"excerpt":{"rendered":"<p>A DVTK-Miskolci Sportiskola birk\u00f3z\u00f3 szakoszt\u00e1ly\u00e1nak versenyz\u0151i janu\u00e1r 13-\u00e1n, szombaton \u00c9rden vettek r\u00e9szt az idei szezon els\u0151 er\u0151pr\u00f3b\u00e1j\u00e1n, az \u00c9RD KUPA Nemzetk\u00f6zi Tar Mih\u00e1ly Eml\u00e9kversenyen, egyben szabad-, k\u00f6t\u00f6ttfog\u00e1s\u00fa \u00e9s n\u0151i birk\u00f3z\u00f3versenyen  \u00e9s grundbirk\u00f3z\u00f3 ovis g\u00e1l\u00e1n. <\/p>\n","protected":false},"author":3,"featured_media":4732,"comment_status":"closed","ping_status":"open","sticky":false,"template":"","format":"standard","meta":{"footnotes":""},"categories":[152],"tags":[],"class_list":["post-4731","post","type-post","status-publish","format-standard","has-post-thumbnail","hentry","category-birkozas"],"_links":{"self":[{"href":"https:\/\/mvsi.hu\/index.php?rest_route=\/wp\/v2\/posts\/4731","targetHints":{"allow":["GET"]}}],"collection":[{"href":"https:\/\/mvsi.hu\/index.php?rest_route=\/wp\/v2\/posts"}],"about":[{"href":"https:\/\/mvsi.hu\/index.php?rest_route=\/wp\/v2\/types\/post"}],"author":[{"embeddable":true,"href":"https:\/\/mvsi.hu\/index.php?rest_route=\/wp\/v2\/users\/3"}],"replies":[{"embeddable":true,"href":"https:\/\/mvsi.hu\/index.php?rest_route=%2Fwp%2Fv2%2Fcomments&post=4731"}],"version-history":[{"count":2,"href":"https:\/\/mvsi.hu\/index.php?rest_route=\/wp\/v2\/posts\/4731\/revisions"}],"predecessor-version":[{"id":4734,"href":"https:\/\/mvsi.hu\/index.php?rest_route=\/wp\/v2\/posts\/4731\/revisions\/4734"}],"wp:featuredmedia":[{"embeddable":true,"href":"https:\/\/mvsi.hu\/index.php?rest_route=\/wp\/v2\/media\/4732"}],"wp:attachment":[{"href":"https:\/\/mvsi.hu\/index.php?rest_route=%2Fwp%2Fv2%2Fmedia&parent=4731"}],"wp:term":[{"taxonomy":"category","embeddable":true,"href":"https:\/\/mvsi.hu\/index.php?rest_route=%2Fwp%2Fv2%2Fcategories&post=4731"},{"taxonomy":"post_tag","embeddable":true,"href":"https:\/\/mvsi.hu\/index.php?rest_route=%2Fwp%2Fv2%2Ftags&post=4731"}],"curies":[{"name":"wp","href":"https:\/\/api.w.org\/{rel}","templated":true}]}}