{"id":4751,"date":"2024-01-29T12:55:20","date_gmt":"2024-01-29T12:55:20","guid":{"rendered":"http:\/\/mvsi.hu\/?p=4751"},"modified":"2024-01-29T12:55:20","modified_gmt":"2024-01-29T12:55:20","slug":"egerben-gyujtogettek-az-ermeket","status":"publish","type":"post","link":"https:\/\/mvsi.hu\/?p=4751","title":{"rendered":"Egerben gy\u0171jt\u00f6gett\u00e9k az \u00e9rmeket"},"content":{"rendered":"\n<p>A DVTK- Miskolci Sportiskola birk\u00f3z\u00f3 szakoszt\u00e1ly\u00e1nak\nversenyz\u0151i janu\u00e1r 27-\u00e9n, szombaton Egerben, a Kelet-Magyarorsz\u00e1g R\u00e9gi\u00f3 Ter\u00fcleti\nU10, U11 \u00e9s U13 Szabadfog\u00e1s\u00fa Bajnoks\u00e1gon l\u00e9ptek sz\u0151nyegre. Repka Attila,\nLakatos Gy\u0151z\u0151, Bacs\u00f3 Alex, Juh\u00e1sz S\u00e1ndor \u00e9s Szab\u00f3 M\u00e1t\u00e9 tan\u00edtv\u00e1nyai 11 egy\u00e9ni\n\u00e9rem mellett csapatban is ki\u00e9rdemeltek egy-egy ez\u00fcst\u00f6t \u00e9s bronzot.<\/p>\n\n\n\n<p><strong>Eredm\u00e9nyek<\/strong><\/p>\n\n\n\n<p><strong>U10-es kcs.:<\/strong><\/p>\n\n\n\n<p><strong>35 kg:<\/strong> 3. Rajda Gerg\u0151<\/p>\n\n\n\n<p><strong>38 kg:<\/strong> 1. Ol\u00e1h Zsombor&nbsp;<\/p>\n\n\n\n<p><strong>U11-es kcs.: <\/strong><\/p>\n\n\n\n<p><strong>50 kg:<\/strong> 2. Bal\u00e1zsfalvi Sofia, 3. Batta Vikt\u00f3ria<\/p>\n\n\n\n<p><strong>58 kg:<\/strong> 3. Repovszki Luca<\/p>\n\n\n\n<p><strong>U13-as kcs.:<\/strong><\/p>\n\n\n\n<p><strong>32 kg:<\/strong> 3. N\u00e1ni L\u00e9n\u00e1rd&nbsp;<\/p>\n\n\n\n<p><strong>35 kg:<\/strong> 3. Nagy Zal\u00e1n&nbsp;<\/p>\n\n\n\n<p><strong>42 kg:<\/strong> 2. R\u00e1cz M\u00e1t\u00e9&nbsp;<\/p>\n\n\n\n<p><strong>54 kg:<\/strong> 1. B\u00edr\u00f3 Vince&nbsp;<\/p>\n\n\n\n<p><strong>76 kg:<\/strong> 1. Lovas Marcell<\/p>\n\n\n\n<p><strong>85 kg:<\/strong> 1. Kupcsik Gerg\u0151&nbsp;<\/p>\n\n\n\n<p><strong>Csapat:&nbsp;<\/strong><\/p>\n\n\n\n<p><strong>U10-U11-es kcs.:<\/strong> 3. DVTK-Miskolci Sportiskola<\/p>\n\n\n\n<p><strong>U13-as kcs.:<\/strong> 2. DVTK- Miskolci Sportiskola.<\/p>\n","protected":false},"excerpt":{"rendered":"<p>A DVTK- Miskolci Sportiskola birk\u00f3z\u00f3 szakoszt\u00e1ly\u00e1nak versenyz\u0151i janu\u00e1r 27-\u00e9n, szombaton Egerben, a Kelet-Magyarorsz\u00e1g R\u00e9gi\u00f3 Ter\u00fcleti U10, U11 \u00e9s U13 Szabadfog\u00e1s\u00fa Bajnoks\u00e1gon l\u00e9ptek sz\u0151nyegre. Repka Attila, Lakatos Gy\u0151z\u0151, Bacs\u00f3 Alex, Juh\u00e1sz S\u00e1ndor \u00e9s Szab\u00f3 M\u00e1t\u00e9 tan\u00edtv\u00e1nyai 11 egy\u00e9ni \u00e9rem mellett csapatban is ki\u00e9rdemeltek egy-egy ez\u00fcst\u00f6t \u00e9s bronzot.<\/p>\n","protected":false},"author":3,"featured_media":4752,"comment_status":"closed","ping_status":"open","sticky":false,"template":"","format":"standard","meta":{"footnotes":""},"categories":[152],"tags":[],"class_list":["post-4751","post","type-post","status-publish","format-standard","has-post-thumbnail","hentry","category-birkozas"],"_links":{"self":[{"href":"https:\/\/mvsi.hu\/index.php?rest_route=\/wp\/v2\/posts\/4751","targetHints":{"allow":["GET"]}}],"collection":[{"href":"https:\/\/mvsi.hu\/index.php?rest_route=\/wp\/v2\/posts"}],"about":[{"href":"https:\/\/mvsi.hu\/index.php?rest_route=\/wp\/v2\/types\/post"}],"author":[{"embeddable":true,"href":"https:\/\/mvsi.hu\/index.php?rest_route=\/wp\/v2\/users\/3"}],"replies":[{"embeddable":true,"href":"https:\/\/mvsi.hu\/index.php?rest_route=%2Fwp%2Fv2%2Fcomments&post=4751"}],"version-history":[{"count":1,"href":"https:\/\/mvsi.hu\/index.php?rest_route=\/wp\/v2\/posts\/4751\/revisions"}],"predecessor-version":[{"id":4753,"href":"https:\/\/mvsi.hu\/index.php?rest_route=\/wp\/v2\/posts\/4751\/revisions\/4753"}],"wp:featuredmedia":[{"embeddable":true,"href":"https:\/\/mvsi.hu\/index.php?rest_route=\/wp\/v2\/media\/4752"}],"wp:attachment":[{"href":"https:\/\/mvsi.hu\/index.php?rest_route=%2Fwp%2Fv2%2Fmedia&parent=4751"}],"wp:term":[{"taxonomy":"category","embeddable":true,"href":"https:\/\/mvsi.hu\/index.php?rest_route=%2Fwp%2Fv2%2Fcategories&post=4751"},{"taxonomy":"post_tag","embeddable":true,"href":"https:\/\/mvsi.hu\/index.php?rest_route=%2Fwp%2Fv2%2Ftags&post=4751"}],"curies":[{"name":"wp","href":"https:\/\/api.w.org\/{rel}","templated":true}]}}