{"id":4821,"date":"2024-04-15T07:50:47","date_gmt":"2024-04-15T07:50:47","guid":{"rendered":"http:\/\/mvsi.hu\/?p=4821"},"modified":"2024-04-15T07:50:48","modified_gmt":"2024-04-15T07:50:48","slug":"beke-adrienn-ezustermes-lett-szentgalon","status":"publish","type":"post","link":"https:\/\/mvsi.hu\/?p=4821","title":{"rendered":"Beke Adrienn ez\u00fcst\u00e9rmes lett Szentg\u00e1lon"},"content":{"rendered":"\n<p>A napokban megrendezett Szentg\u00e1li Hegyi- \u00e9s Terepfut\u00f3\nversenyen a Miskolci Sportiskola-Nom\u00e1d Terepfut\u00f3 Suli sz\u00edneit k\u00e9pvisel\u0151,\nZ\u00e1mbori Athosz Zolt\u00e1n \u00e1ltal felk\u00e9sz\u00edtett 13 esztend\u0151s Beke Adrienn ez\u00fcst\u00e9rmet\n\u00e9rdemelt ki az U14-es le\u00e1nyok futam\u00e1ban.<\/p>\n\n\n\n<p><strong>Eredm\u00e9nyek<\/strong><\/p>\n\n\n\n<p><strong>Le\u00e1nyok, U14-es kcs., 2500 m:<\/strong> 1. Ill\u00e9s Szonja (Tovafut\u00f3k SE) 12:37, 2. Beke Adrienn (Miskolci Sportiskola-Nom\u00e1d Terepfut\u00f3 Suli) 13:22, 3. Kecsk\u00e9s Zo\u00e9 Zs\u00f3fia (VEDAC) 14:53.<\/p>\n\n\n\n<figure class=\"wp-block-image size-large\"><img loading=\"lazy\" decoding=\"async\" width=\"996\" height=\"1024\" src=\"https:\/\/mvsi.hu\/wp-content\/uploads\/2024\/04\/Beke-Adrienn-996x1024.jpg\" alt=\"Beke Adrienn (balr\u00f3l) a dobog\u00f3 m\u00e1sodik fok\u00e1n.\" class=\"wp-image-4822\" srcset=\"https:\/\/mvsi.hu\/wp-content\/uploads\/2024\/04\/Beke-Adrienn-996x1024.jpg 996w, https:\/\/mvsi.hu\/wp-content\/uploads\/2024\/04\/Beke-Adrienn-292x300.jpg 292w, https:\/\/mvsi.hu\/wp-content\/uploads\/2024\/04\/Beke-Adrienn-768x790.jpg 768w, https:\/\/mvsi.hu\/wp-content\/uploads\/2024\/04\/Beke-Adrienn.jpg 1455w\" sizes=\"auto, (max-width: 996px) 100vw, 996px\" \/><figcaption>Beke Adrienn (balr\u00f3l) a dobog\u00f3 m\u00e1sodik fok\u00e1n.<\/figcaption><\/figure>\n","protected":false},"excerpt":{"rendered":"<p>A napokban megrendezett Szentg\u00e1li Hegyi- \u00e9s Terepfut\u00f3 versenyen a Miskolci Sportiskola-Nom\u00e1d Terepfut\u00f3 Suli sz\u00edneit k\u00e9pvisel\u0151, Z\u00e1mbori Athosz Zolt\u00e1n \u00e1ltal felk\u00e9sz\u00edtett 13 esztend\u0151s Beke Adrienn ez\u00fcst\u00e9rmet \u00e9rdemelt ki az U14-es le\u00e1nyok futam\u00e1ban. Eredm\u00e9nyek Le\u00e1nyok, U14-es kcs., 2500 m: 1. Ill\u00e9s Szonja (Tovafut\u00f3k SE) 12:37, 2. Beke Adrienn (Miskolci Sportiskola-Nom\u00e1d Terepfut\u00f3 Suli) 13:22, 3. Kecsk\u00e9s Zo\u00e9 Zs\u00f3fia [&hellip;]<\/p>\n","protected":false},"author":3,"featured_media":4822,"comment_status":"closed","ping_status":"open","sticky":false,"template":"","format":"standard","meta":{"footnotes":""},"categories":[151],"tags":[],"class_list":["post-4821","post","type-post","status-publish","format-standard","has-post-thumbnail","hentry","category-atletika"],"_links":{"self":[{"href":"https:\/\/mvsi.hu\/index.php?rest_route=\/wp\/v2\/posts\/4821","targetHints":{"allow":["GET"]}}],"collection":[{"href":"https:\/\/mvsi.hu\/index.php?rest_route=\/wp\/v2\/posts"}],"about":[{"href":"https:\/\/mvsi.hu\/index.php?rest_route=\/wp\/v2\/types\/post"}],"author":[{"embeddable":true,"href":"https:\/\/mvsi.hu\/index.php?rest_route=\/wp\/v2\/users\/3"}],"replies":[{"embeddable":true,"href":"https:\/\/mvsi.hu\/index.php?rest_route=%2Fwp%2Fv2%2Fcomments&post=4821"}],"version-history":[{"count":1,"href":"https:\/\/mvsi.hu\/index.php?rest_route=\/wp\/v2\/posts\/4821\/revisions"}],"predecessor-version":[{"id":4823,"href":"https:\/\/mvsi.hu\/index.php?rest_route=\/wp\/v2\/posts\/4821\/revisions\/4823"}],"wp:featuredmedia":[{"embeddable":true,"href":"https:\/\/mvsi.hu\/index.php?rest_route=\/wp\/v2\/media\/4822"}],"wp:attachment":[{"href":"https:\/\/mvsi.hu\/index.php?rest_route=%2Fwp%2Fv2%2Fmedia&parent=4821"}],"wp:term":[{"taxonomy":"category","embeddable":true,"href":"https:\/\/mvsi.hu\/index.php?rest_route=%2Fwp%2Fv2%2Fcategories&post=4821"},{"taxonomy":"post_tag","embeddable":true,"href":"https:\/\/mvsi.hu\/index.php?rest_route=%2Fwp%2Fv2%2Ftags&post=4821"}],"curies":[{"name":"wp","href":"https:\/\/api.w.org\/{rel}","templated":true}]}}