{"id":4824,"date":"2024-04-15T09:21:27","date_gmt":"2024-04-15T09:21:27","guid":{"rendered":"http:\/\/mvsi.hu\/?p=4824"},"modified":"2024-04-15T09:21:27","modified_gmt":"2024-04-15T09:21:27","slug":"haziversenyen-bizonyithattak-a-fiatalok","status":"publish","type":"post","link":"https:\/\/mvsi.hu\/?p=4824","title":{"rendered":"H\u00e1ziversenyen bizony\u00edthattak a fiatalok"},"content":{"rendered":"\n<p>A DVTK-Miskolci Sportiskola birk\u00f3z\u00f3 szakoszt\u00e1ly\u00e1nak tagjai \u00e1prilis 14-\u00e9n,\nvas\u00e1rnap, hazai p\u00e1ly\u00e1n, a DVTK Kupa elnevez\u00e9s\u0171 h\u00e1ziversenyen l\u00e9ptek sz\u0151nyegre.\nA szervez\u0151k nagy \u00f6r\u00f6m\u00e9re a DVTK Medical Birk\u00f3z\u00f3 Teremben megrendezett er\u0151pr\u00f3b\u00e1n\nk\u00f6zel 90 gyermek vett r\u00e9szt, k\u00f6zt\u00fck nemcsak a Miskolc t\u00f6bb v\u00e1rosr\u00e9sz\u00e9n edz\u0151\nversenyz\u0151k, hanem Tiszal\u00facr\u00f3l, Halmajr\u00f3l, Mez\u0151cs\u00e1tr\u00f3l, Bekecsr\u0151l \u00e9s Em\u0151dr\u0151l is\n\u00e9rkeztek kis birk\u00f3z\u00f3k, akik mind a DVTK k\u00f6tel\u00e9kein bel\u00fcl sportolnak. Ott voltak\na mez\u0151nyben a tavaly szeptemberben frissen elind\u00edtott &#8222;Pilot\nprogramban&#8221; r\u00e9sztvev\u0151 gyermekek is.&nbsp;<\/p>\n\n\n\n<p>A versenyt Repka Attila olimpiai bajnok, a DVTK Birk\u00f3z\u00f3 Szakoszt\u00e1ly\u00e1nak\nvezet\u0151je, a Magyar Birk\u00f3z\u00f3 Sz\u00f6vets\u00e9g eln\u00f6ks\u00e9gi tagja, valamint De\u00e1k-B\u00e1rdos\nMih\u00e1ly, a Borsod-Aba\u00faj-Zempl\u00e9n V\u00e1rmegyei Birk\u00f3z\u00f3 Sz\u00f6vets\u00e9g eln\u00f6ke nyitotta meg.\nMegtisztelte jelenl\u00e9t\u00e9vel a rendezv\u00e9nyt dr. Szinay Attila, a Magyar Birk\u00f3z\u00f3\nSz\u00f6vets\u00e9g eln\u00f6ks\u00e9gi tagja, aki kor\u00e1bbi szakoszt\u00e1lyvezet\u0151k\u00e9nt, egyben birk\u00f3z\u00f3\napukak\u00e9nt folyamatosan nyomon k\u00f6veti a szakoszt\u00e1ly \u00e9let\u00e9t.&nbsp;<\/p>\n\n\n\n<p><strong>Eredm\u00e9nyek<\/strong><\/p>\n\n\n\n<p><strong>A1-csoport:&nbsp; &nbsp; &nbsp; &nbsp; &nbsp; &nbsp; &nbsp; &nbsp; &nbsp;\n&nbsp; &nbsp; &nbsp; &nbsp; &nbsp; &nbsp; &nbsp; &nbsp;<\/strong><\/p>\n\n\n\n<p>1.&nbsp; Csendom Levente&nbsp;<\/p>\n\n\n\n<p>2. Szepesi Zsombor<\/p>\n\n\n\n<p>3. B\u00e1r\u00e1nd Dominik<\/p>\n\n\n\n<p><strong>B1-csoport: <\/strong><\/p>\n\n\n\n<p>1. B\u00f6sz\u00f6rm\u00e9nyi M\u00e1t\u00e9&nbsp;<\/p>\n\n\n\n<p>2. Farkas Bal\u00e1zs&nbsp;<\/p>\n\n\n\n<p>3. Batta Zsolt \u00e9s Bodolai Bendit<\/p>\n\n\n\n<p><strong>C1-csoport:&nbsp;<\/strong><\/p>\n\n\n\n<p>1. Cs\u00e1ti Dominik<\/p>\n\n\n\n<p>2. Koszov\u00e1n Arnold&nbsp;<\/p>\n\n\n\n<p>3. Horny\u00e1k Vince<\/p>\n\n\n\n<p><strong>D1-csoport:&nbsp;<\/strong><\/p>\n\n\n\n<p>1. Kiss Bogl\u00e1rka&nbsp;<\/p>\n\n\n\n<p>2. B\u00e1r\u00e1ny B\u00e1r\u00e1ny Emilia<\/p>\n\n\n\n<p>3. Beny\u00e1k Lina<\/p>\n\n\n\n<p><strong>E1-csoport:&nbsp;<\/strong><\/p>\n\n\n\n<p>1. Horv\u00e1th Lia<\/p>\n\n\n\n<p>2. Lakatos Vanessza<\/p>\n\n\n\n<p>3. Farkas Sz\u00f3fia \u00e9s Farkas Erzs\u00e9bet<\/p>\n\n\n\n<p><strong>F1-csoport:&nbsp;<\/strong><\/p>\n\n\n\n<p>1. Pol\u00e1nyi Marcell<\/p>\n\n\n\n<p>2. Moln\u00e1r Mil\u00e1n<\/p>\n\n\n\n<p>3. Polonkai Miron&nbsp;<\/p>\n\n\n\n<p><strong>A2-csoport:&nbsp;&nbsp;<\/strong><\/p>\n\n\n\n<p>1. Albert \u00c1ron<\/p>\n\n\n\n<p>2. Nagy Botond<\/p>\n\n\n\n<p>3. Bakondi B\u00e1lint \u00e9s Ruszk\u00f3 Z\u00e1dor<\/p>\n\n\n\n<p><strong>B2-csoport:<\/strong><\/p>\n\n\n\n<p>1. Dobi Kende<\/p>\n\n\n\n<p>2. Szentkatolnay Tivadar<\/p>\n\n\n\n<p>3. Schulcz Erik&nbsp;<\/p>\n\n\n\n<p>3. Varga Zal\u00e1n<\/p>\n\n\n\n<p><strong>C2-csoport:&nbsp;<\/strong><\/p>\n\n\n\n<p>1. Kiss Fl\u00f3ri\u00e1n<\/p>\n\n\n\n<p>2. Balogh Gy\u00f6rgy<\/p>\n\n\n\n<p>3. Murvai Botond, K\u00e1l\u00f3 Oliv\u00e9r \u00e9s Farkas Istv\u00e1n<\/p>\n\n\n\n<p><strong>D2-csoport:<\/strong><\/p>\n\n\n\n<p>1. Bit\u00f3k J\u00f3zsef<\/p>\n\n\n\n<p>2. Boh\u00e1cs Istv\u00e1n<\/p>\n\n\n\n<p>3. Csorba L\u00e1szl\u00f3 \u00e9s Korotki Kevin&nbsp;<\/p>\n\n\n\n<p><strong>A3-csoport:<\/strong><\/p>\n\n\n\n<p>1. Farkas Szabolcs<\/p>\n\n\n\n<p>2. \u00c1rvai Korn\u00e9l<\/p>\n\n\n\n<p>3. Bodolai Nolen \u00e9s Demk\u00f3 Erik&nbsp;<\/p>\n\n\n\n<p><strong>B3-csoport:<\/strong><\/p>\n\n\n\n<p>1. Lovas Eszter<\/p>\n\n\n\n<p>2. K\u00f6les Zsejke&nbsp;<\/p>\n\n\n\n<p>3. Dobi L\u00e9na&nbsp;<\/p>\n\n\n\n<p><strong>C3-csoport:&nbsp;<\/strong><\/p>\n\n\n\n<p>1. Vajt\u00f3k Zsanka&nbsp;<\/p>\n\n\n\n<p>2. Temesv\u00e1ri Luca<\/p>\n\n\n\n<p>3. Krusper \u00c9va&nbsp;<\/p>\n\n\n\n<p><strong>D3-csoport:&nbsp;<\/strong><\/p>\n\n\n\n<p>1. Gergely-Husztek Zolt\u00e1n&nbsp;<\/p>\n\n\n\n<p>2. Gombos Roland<\/p>\n\n\n\n<p>3. Ruszkai Bal\u00e1zs&nbsp;<\/p>\n\n\n\n<p><strong>E3-csoport:<\/strong><\/p>\n\n\n\n<p>1. Bodn\u00e1r Reg\u0151<\/p>\n\n\n\n<p>2. Kov\u00e1cs Zsombor<\/p>\n\n\n\n<p>3. Juh\u00e1sz \u00c1ron \u00e9s Bakos L\u00e1szl\u00f3&nbsp;<\/p>\n\n\n\n<p><strong>F3-csoport:<\/strong><\/p>\n\n\n\n<p>1. Ujj Dominik&nbsp;<\/p>\n\n\n\n<p>2. Lakatos Lajos<\/p>\n\n\n\n<p><strong>A4-csoport:<\/strong><\/p>\n\n\n\n<p>1. Koszov\u00e1n Roland<\/p>\n\n\n\n<p>2. Csendom Bence<\/p>\n\n\n\n<p>3. Osl\u00e1nszki B\u00e1lint \u00e9s Szajk\u00f3 Brendon&nbsp;<\/p>\n\n\n\n<p><strong>B4-csoport:<\/strong><\/p>\n\n\n\n<p>1. Bodn\u00e1r B\u00e9la&nbsp;<\/p>\n\n\n\n<p>2. Nagy Tam\u00e1s<\/p>\n\n\n\n<p>3. Vilmos Benjamin \u00e9s Horv\u00e1th Benett&nbsp;<\/p>\n\n\n\n<p><strong>C4-csoport:<\/strong><\/p>\n\n\n\n<p>1. Sz\u0151ke \u00c1d\u00e1m<\/p>\n\n\n\n<p>2. Pol\u00e1nyi Soma&nbsp;<\/p>\n\n\n\n<p>3. Solt\u00e9sz Krist\u00f3f&nbsp;&nbsp;<\/p>\n\n\n\n<p><strong>D4-csoport:&nbsp;<\/strong><\/p>\n\n\n\n<p>1. Koszov\u00e1n Noel&nbsp;<\/p>\n\n\n\n<p>2. Veres M\u00e1t\u00e9<\/p>\n\n\n\n<p>3. F\u00e1bi\u00e1n Fanni \u00e9s Polg\u00e1r K\u00e1roly<\/p>\n\n\n\n<p><strong>E4-csoport:&nbsp;<\/strong><\/p>\n\n\n\n<p>1. Repovszki Luca<\/p>\n\n\n\n<p>2. Nagy Miksa&nbsp;<\/p>\n\n\n\n<p>3. Herepei Mil\u00e1n&nbsp;<\/p>\n\n\n\n<p><strong>F4-csoport:<\/strong><\/p>\n\n\n\n<p>1. Bal\u00e1zsfalvi Sz\u00f3fia&nbsp;<\/p>\n\n\n\n<p>2. Batta Vikt\u00f3ria&nbsp;<\/p>\n\n\n\n<p>3. Galamb Tibor Levente<\/p>\n\n\n\n<p><strong>A5-csoport:&nbsp;<\/strong><\/p>\n\n\n\n<p>1. Bal\u00e1zs Levente&nbsp;<\/p>\n\n\n\n<p>2. Kecsk\u00e9s Fl\u00f3ra<\/p>\n\n\n\n<p>3. Szepesi Krist\u00f3f \u00e9s Horny\u00e1k Hunor&nbsp;<\/p>\n\n\n\n<p><strong>B5-csoport:<\/strong><\/p>\n\n\n\n<p>1. Rajda Gerg\u0151&nbsp;<\/p>\n\n\n\n<p>2. Galuska D\u00e1vid<\/p>\n\n\n\n<p>3. Hud\u00e1k Botond \u00e9s Tirp\u00e1k D\u00e1vid<\/p>\n\n\n\n<p><strong>C5-csoport:<\/strong><\/p>\n\n\n\n<p>1. Polg\u00e1r Dorina&nbsp;<\/p>\n\n\n\n<p>2. Asztalos Bence.<\/p>\n\n\n\n<figure class=\"wp-block-image size-large\"><a href=\"https:\/\/mvsi.hu\/wp-content\/uploads\/2024\/04\/H\u00e1ziverseny-2024.04.14.-scaled.jpg\" target=\"_blank\" rel=\"noreferrer noopener\"><img loading=\"lazy\" decoding=\"async\" width=\"1024\" height=\"768\" src=\"https:\/\/mvsi.hu\/wp-content\/uploads\/2024\/04\/H\u00e1ziverseny-2024.04.14.-1024x768.jpg\" alt=\"H\u00e1ziversenyen bizony\u00edthattak a fiatalok\" class=\"wp-image-4825\" srcset=\"https:\/\/mvsi.hu\/wp-content\/uploads\/2024\/04\/H\u00e1ziverseny-2024.04.14.-1024x768.jpg 1024w, https:\/\/mvsi.hu\/wp-content\/uploads\/2024\/04\/H\u00e1ziverseny-2024.04.14.-300x225.jpg 300w, https:\/\/mvsi.hu\/wp-content\/uploads\/2024\/04\/H\u00e1ziverseny-2024.04.14.-768x576.jpg 768w, https:\/\/mvsi.hu\/wp-content\/uploads\/2024\/04\/H\u00e1ziverseny-2024.04.14.-1536x1152.jpg 1536w, https:\/\/mvsi.hu\/wp-content\/uploads\/2024\/04\/H\u00e1ziverseny-2024.04.14.-2048x1536.jpg 2048w, https:\/\/mvsi.hu\/wp-content\/uploads\/2024\/04\/H\u00e1ziverseny-2024.04.14.-360x270.jpg 360w\" sizes=\"auto, (max-width: 1024px) 100vw, 1024px\" \/><\/a><\/figure>\n","protected":false},"excerpt":{"rendered":"<p>A DVTK-Miskolci Sportiskola birk\u00f3z\u00f3 szakoszt\u00e1ly\u00e1nak tagjai \u00e1prilis 14-\u00e9n, vas\u00e1rnap, hazai p\u00e1ly\u00e1n, a DVTK Kupa elnevez\u00e9s\u0171 h\u00e1ziversenyen l\u00e9ptek sz\u0151nyegre. A szervez\u0151k nagy \u00f6r\u00f6m\u00e9re a DVTK Medical Birk\u00f3z\u00f3 Teremben megrendezett er\u0151pr\u00f3b\u00e1n k\u00f6zel 90 gyermek vett r\u00e9szt, k\u00f6zt\u00fck nemcsak a Miskolc t\u00f6bb v\u00e1rosr\u00e9sz\u00e9n edz\u0151 versenyz\u0151k, hanem Tiszal\u00facr\u00f3l, Halmajr\u00f3l, Mez\u0151cs\u00e1tr\u00f3l, Bekecsr\u0151l \u00e9s Em\u0151dr\u0151l is \u00e9rkeztek kis birk\u00f3z\u00f3k, akik mind [&hellip;]<\/p>\n","protected":false},"author":3,"featured_media":4825,"comment_status":"closed","ping_status":"open","sticky":false,"template":"","format":"standard","meta":{"footnotes":""},"categories":[152],"tags":[],"class_list":["post-4824","post","type-post","status-publish","format-standard","has-post-thumbnail","hentry","category-birkozas"],"_links":{"self":[{"href":"https:\/\/mvsi.hu\/index.php?rest_route=\/wp\/v2\/posts\/4824","targetHints":{"allow":["GET"]}}],"collection":[{"href":"https:\/\/mvsi.hu\/index.php?rest_route=\/wp\/v2\/posts"}],"about":[{"href":"https:\/\/mvsi.hu\/index.php?rest_route=\/wp\/v2\/types\/post"}],"author":[{"embeddable":true,"href":"https:\/\/mvsi.hu\/index.php?rest_route=\/wp\/v2\/users\/3"}],"replies":[{"embeddable":true,"href":"https:\/\/mvsi.hu\/index.php?rest_route=%2Fwp%2Fv2%2Fcomments&post=4824"}],"version-history":[{"count":1,"href":"https:\/\/mvsi.hu\/index.php?rest_route=\/wp\/v2\/posts\/4824\/revisions"}],"predecessor-version":[{"id":4826,"href":"https:\/\/mvsi.hu\/index.php?rest_route=\/wp\/v2\/posts\/4824\/revisions\/4826"}],"wp:featuredmedia":[{"embeddable":true,"href":"https:\/\/mvsi.hu\/index.php?rest_route=\/wp\/v2\/media\/4825"}],"wp:attachment":[{"href":"https:\/\/mvsi.hu\/index.php?rest_route=%2Fwp%2Fv2%2Fmedia&parent=4824"}],"wp:term":[{"taxonomy":"category","embeddable":true,"href":"https:\/\/mvsi.hu\/index.php?rest_route=%2Fwp%2Fv2%2Fcategories&post=4824"},{"taxonomy":"post_tag","embeddable":true,"href":"https:\/\/mvsi.hu\/index.php?rest_route=%2Fwp%2Fv2%2Ftags&post=4824"}],"curies":[{"name":"wp","href":"https:\/\/api.w.org\/{rel}","templated":true}]}}