{"id":4833,"date":"2024-04-22T12:25:40","date_gmt":"2024-04-22T12:25:40","guid":{"rendered":"http:\/\/mvsi.hu\/?p=4833"},"modified":"2024-04-22T12:25:40","modified_gmt":"2024-04-22T12:25:40","slug":"huszonot-aranyat-tartottak-itthon-a-sportiskolasok","status":"publish","type":"post","link":"https:\/\/mvsi.hu\/?p=4833","title":{"rendered":"Huszon\u00f6t aranyat tartottak itthon a Sportiskol\u00e1sok"},"content":{"rendered":"\n<p><strong>A XI. Miskolci Sportiskola Kup\u00e1t,\negyben XXVIII. V\u00edz Vil\u00e1gnapi Nemzetk\u00f6zi \u00dasz\u00f3versenyt \u00e1prilis 5-6-\u00e1n rendezt\u00e9k meg\nMiskolcon, a Kem\u00e9ny D\u00e9nes V\u00e1rosi Sportuszod\u00e1ban. A rangos esem\u00e9nyen haz\u00e1nk k\u00e9pvisel\u0151in\nk\u00edv\u00fcl tov\u00e1bbi h\u00e1rom nemzet sportol\u00f3i \u00e1lltak rajtk\u0151re.<\/strong><\/p>\n\n\n\n<p>A\nk\u00e9tnapos esem\u00e9nyt a Miskolci Sportiskola Nonprofit\nKft. rendezte meg. A p\u00e9nteki megnyit\u00f3 \u00fcnneps\u00e9gen Veres P\u00e1l, Miskolc\nmegyei Jog\u00fa V\u00e1ros polg\u00e1rmestere, Tassonyi Annam\u00e1ria, a Magyar Hidrol\u00f3giai\nT\u00e1rsas\u00e1g (MHT) Borsodi ter\u00fcleti Szervezet\u00e9nek eln\u00f6ke \u00e9s h\u00e1zigazdak\u00e9nt Illy\u00e9s\nMikl\u00f3s, a Miskolci Sportiskola Nonprofit K\u00f6zhaszn\u00fa Kft. \u00fcgyvezet\u0151je k\u00f6sz\u00f6nt\u00f6tte\na 14 hazai klubb\u00f3l, valamint Kass\u00e1r\u00f3l, Eperjesr\u0151l,\nIgl\u00f3r\u00f3l, Ungv\u00e1rr\u00f3l, Nagyb\u00e1ny\u00e1r\u00f3l \u00e9s Marosv\u00e1s\u00e1rhelyr\u0151l \u00e9rkezett 320 sportol\u00f3t \u00e9s\na megjelent vend\u00e9geket. Az esem\u00e9nyt megtisztelte jelenl\u00e9t\u00e9vel Pfiegler\nP\u00e9ter, Miskolc kor\u00e1bbi alpolg\u00e1rmestere, Kiss Attila, a Borsodi V\u00edzm\u0171 Kft.\u00fcgyvezet\u0151je,\n\u00dcsz\u00f6gh Lajos, a B\u00fckki V\u00edzm\u0171 K\u00f6zalap\u00edtv\u00e1ny k\u00e9pvisel\u0151je, dr. F\u00e1zold \u00c1d\u00e1m, az MHT\ntiszteleti tagja, Bartha Gy\u00f6rgy \u00f6nkorm\u00e1nyzati k\u00e9pvisel\u0151 \u00e9s Szab\u00f3 L\u00e1szl\u00f3, a\nMiskolci Sportcentrum Kft. l\u00e9tes\u00edtm\u00e9nyvezet\u0151je. &nbsp;&nbsp;&nbsp;<\/p>\n\n\n\n<p>A sz\u00ednvonalas er\u0151pr\u00f3b\u00e1n alaposan kitettek maguk\u00e9rt a Miskolci\nSportiskola \u00fasz\u00f3i, akik az \u00e1ltaluk begy\u0171jt\u00f6tt sz\u00e1mos \u00e9remb\u0151l 25 darabot a\nlegf\u00e9nyesebb med\u00e1lb\u00f3l tartottak itthon. A 200 m vegyes n\u0151i \u00e9s f\u00e9rfi gy\u0151ztese\nT\u00f3th Zeng\u0151 Katalin (Swimming Penthatlon Club) \u00e9s Fazekas \u00c1d\u00e1m (Miskolci\nSportiskola) dr. F\u00e1zold \u00c1d\u00e1mt\u00f3l az \u00e1ltala felaj\u00e1nlott k\u00fcl\u00f6nd\u00edjat vehette \u00e1t.<\/p>\n\n\n\n<p><strong>A Miskolci Sportiskola\ngy\u0151ztesei:<\/strong><\/p>\n\n\n\n<p><strong>Le\u00e1nyok:<\/strong><\/p>\n\n\n\n<p><strong>100 m mell: <\/strong>Kopcs\u00f3 Petra,\n1:16,16 perc<\/p>\n\n\n\n<p><strong>100 m gyors, 2009-es \u00e9s id\u0151sebb kcs.: <\/strong>B\u00e1nhegyi Brigitta, 1:00,32<\/p>\n\n\n\n<p><strong>100 m pillang\u00f3, 2012-2013-as kcs.: <\/strong>Mikl\u00f3s Janka, 1:20,27. <strong>&nbsp;2014-es\nkcs.: <\/strong>Galambos L\u00e9na, &nbsp;1:36,29<\/p>\n\n\n\n<p><strong>400 m gyors, ny\u00edlt kateg\u00f3ria:<\/strong> B\u00e1nhegyi Brigitta, 4:38,23<\/p>\n\n\n\n<p><strong>200 m gyors, 2010-2011-es kcs.: <\/strong>Tihor J\u00e1zmin, 2:20,59. <strong>2014-es kcs.: <\/strong>Galambos L\u00e9na, 2:06,35<\/p>\n\n\n\n<p><strong>50 m pillang\u00f3,<\/strong> <strong>2014-es\nkcs.: <\/strong>Galambos L\u00e9na, 0:39,05<\/p>\n\n\n\n<p><strong>200 m mell,<\/strong> <strong>2009 \u00e9s\nid\u0151sebb kcs.: <\/strong>Kopcs\u00f3 Petra, 2:47,85<\/p>\n\n\n\n<p><strong>200 m h\u00e1t,<\/strong> <strong>2010-201-es\nkcs.: <\/strong>K\u00e1rp\u00e1ti Luca S\u00e1ra, &nbsp;2:38,90<\/p>\n\n\n\n<p><strong>50 m h\u00e1t,<\/strong>\n<strong>2010-2011-es kcs.: <\/strong>K\u00e1rp\u00e1ti Luca S\u00e1ra,&nbsp;\n0:34,39. <\/p>\n\n\n\n<p><strong>50 m mell,<\/strong>\n<strong>2009-es \u00e9s id\u0151sebb kcs.: <\/strong>Kopcs\u00f3 Petra, 0:35,04. <strong>2014-es kcs.: <\/strong>Demeter\nBella Luca, 0:45,02. <strong>2015-\u00f6s kcs.: <\/strong>Bern\u00e1th Blanka, 0:51,67<\/p>\n\n\n\n<p><strong>Fi\u00fak:<\/strong><\/p>\n\n\n\n<p><strong>200 m vegyes, ny\u00edlt kateg\u00f3ria: <\/strong>Fazekas \u00c1d\u00e1m, 2:15,91 perc<\/p>\n\n\n\n<p><strong>100 m gyors, 2009-es \u00e9s id\u0151sebb kcs.: <\/strong>Doszpoly Zsombor, 0:53,19 mp<\/p>\n\n\n\n<p><strong>100 m pillang\u00f3,<\/strong> <strong>2009-es\n\u00e9s id\u0151sebb kcs.: <\/strong>Fazekas \u00c1d\u00e1m, 0:57,79<\/p>\n\n\n\n<p><strong>200 m gyors,<\/strong> <strong>2009-es\n\u00e9s id\u0151sebb kcs.: <\/strong>Doszpoly Zsombor, 1:58,03<\/p>\n\n\n\n<p><strong>50 m pillang\u00f3,<\/strong> <strong>2012-2013-as\nkcs.: <\/strong>T\u00f3th Marcell, 0:33,05 mp<\/p>\n\n\n\n<p><strong>200 m h\u00e1t, 2012-2013-as kcs.: <\/strong>Czip\u00f3 Bence J\u00f3zsef, 2:43,6&nbsp; <\/p>\n\n\n\n<p><strong>50 m&nbsp; mell,<\/strong> <strong>&nbsp;2010-2011-es kcs.: <\/strong>Juhos Patrik, 0:37,60. <strong>2012-2013-as\nkcs.: <\/strong>T\u00f3th Marcell, &nbsp;0:42,18. <strong>&nbsp;2015-\u00f6s kcs.: <\/strong>M\u00e1rton Patrik, 0:47,31<\/p>\n\n\n\n<p><strong>200 m\npillang\u00f3,<\/strong> <strong>2009 \u00e9s id\u0151sebb kcs.:<\/strong> Fazekas \u00c1d\u00e1m, 2:16,11<\/p>\n\n\n\n<p><strong>50 m h\u00e1t,<\/strong>\n<strong>2009-es \u00e9s id\u0151sebb kcs.: <\/strong>Doszpoly Zsombor, 0:29,19.<\/p>\n","protected":false},"excerpt":{"rendered":"<p>A XI. Miskolci Sportiskola Kup\u00e1t, egyben XXVIII. V\u00edz Vil\u00e1gnapi Nemzetk\u00f6zi \u00dasz\u00f3versenyt \u00e1prilis 5-6-\u00e1n rendezt\u00e9k meg Miskolcon, a Kem\u00e9ny D\u00e9nes V\u00e1rosi Sportuszod\u00e1ban. A rangos esem\u00e9nyen haz\u00e1nk k\u00e9pvisel\u0151in k\u00edv\u00fcl tov\u00e1bbi h\u00e1rom nemzet sportol\u00f3i \u00e1lltak rajtk\u0151re.<\/p>\n","protected":false},"author":3,"featured_media":4834,"comment_status":"closed","ping_status":"open","sticky":false,"template":"","format":"standard","meta":{"footnotes":""},"categories":[164],"tags":[],"class_list":["post-4833","post","type-post","status-publish","format-standard","has-post-thumbnail","hentry","category-uszas"],"_links":{"self":[{"href":"https:\/\/mvsi.hu\/index.php?rest_route=\/wp\/v2\/posts\/4833","targetHints":{"allow":["GET"]}}],"collection":[{"href":"https:\/\/mvsi.hu\/index.php?rest_route=\/wp\/v2\/posts"}],"about":[{"href":"https:\/\/mvsi.hu\/index.php?rest_route=\/wp\/v2\/types\/post"}],"author":[{"embeddable":true,"href":"https:\/\/mvsi.hu\/index.php?rest_route=\/wp\/v2\/users\/3"}],"replies":[{"embeddable":true,"href":"https:\/\/mvsi.hu\/index.php?rest_route=%2Fwp%2Fv2%2Fcomments&post=4833"}],"version-history":[{"count":1,"href":"https:\/\/mvsi.hu\/index.php?rest_route=\/wp\/v2\/posts\/4833\/revisions"}],"predecessor-version":[{"id":4835,"href":"https:\/\/mvsi.hu\/index.php?rest_route=\/wp\/v2\/posts\/4833\/revisions\/4835"}],"wp:featuredmedia":[{"embeddable":true,"href":"https:\/\/mvsi.hu\/index.php?rest_route=\/wp\/v2\/media\/4834"}],"wp:attachment":[{"href":"https:\/\/mvsi.hu\/index.php?rest_route=%2Fwp%2Fv2%2Fmedia&parent=4833"}],"wp:term":[{"taxonomy":"category","embeddable":true,"href":"https:\/\/mvsi.hu\/index.php?rest_route=%2Fwp%2Fv2%2Fcategories&post=4833"},{"taxonomy":"post_tag","embeddable":true,"href":"https:\/\/mvsi.hu\/index.php?rest_route=%2Fwp%2Fv2%2Ftags&post=4833"}],"curies":[{"name":"wp","href":"https:\/\/api.w.org\/{rel}","templated":true}]}}