{"id":4901,"date":"2024-05-21T10:23:54","date_gmt":"2024-05-21T10:23:54","guid":{"rendered":"http:\/\/mvsi.hu\/?p=4901"},"modified":"2024-05-27T08:03:27","modified_gmt":"2024-05-27T08:03:27","slug":"orszagos-bajnoksagot-nyert-a-4x100-as-leany-valto","status":"publish","type":"post","link":"https:\/\/mvsi.hu\/?p=4901","title":{"rendered":"Orsz\u00e1gos bajnoks\u00e1got nyert a 4&#215;100-as le\u00e1ny v\u00e1lt\u00f3"},"content":{"rendered":"\n<p>A Magyar V\u00e1lt\u00f3fut\u00f3 Bajnoks\u00e1got m\u00e1jus 18-\u00e1n, szombaton Kaposv\u00e1ron rendezt\u00e9k meg. A Miskolci Sportiskola L\u00e1szl\u00f3 Istv\u00e1n \u00e9s Tigyi J\u00f3zsef \u00e1ltal felk\u00e9sz\u00edtett 4&#215;100 m\u00e9teres le\u00e1ny v\u00e1lt\u00f3ja arany\u00e9rmet nyert az U16-os korcsoportban. A F\u00e9szki Hanna, Enyedi Lili, Barta Bodza, Forg\u00e1cs Anna \u00f6ssze\u00e1ll\u00edt\u00e1s\u00fa n\u00e9gyes az 1. el\u0151futamb\u00f3l 49.98 m\u00e1sodperces id\u0151vel a m\u00e1sodik helyen kvalifik\u00e1lta mag\u00e1t a d\u00f6nt\u0151be. A fin\u00e1l\u00e9ban r\u00e1tettek m\u00e9g egy lap\u00e1ttal a miskolci l\u00e1nyok \u00e9s 49.36 mp-el megszerezt\u00e9k a bajnoki c\u00edmet.<\/p>\n\n\n\n<figure class=\"wp-block-image size-large\"><a href=\"https:\/\/mvsi.hu\/wp-content\/uploads\/2024\/05\/MSI-4x100-v\u00e1lt\u00f3.jpg\" target=\"_blank\" rel=\"noreferrer noopener\"><img decoding=\"async\" src=\"https:\/\/mvsi.hu\/wp-content\/uploads\/2024\/05\/MSI-4x100-v\u00e1lt\u00f3-576x1024.jpg\" alt=\"F\u00e9szki Hanna (balr\u00f3l), Forg\u00e1cs Anna, Barta Bodza \u00e9s Enyedi Lili a bajnoki dobog\u00f3 tetej\u00e9n.\" class=\"wp-image-4902\"\/><\/a><figcaption>F\u00e9szki Hanna (balr\u00f3l), Forg\u00e1cs Anna, Barta Bodza \u00e9s Enyedi Lili a bajnoki dobog\u00f3 tetej\u00e9n.<\/figcaption><\/figure>\n","protected":false},"excerpt":{"rendered":"<p>A Magyar V\u00e1lt\u00f3fut\u00f3 Bajnoks\u00e1got m\u00e1jus 18-\u00e1n, szombaton Kaposv\u00e1ron rendezt\u00e9k meg. A Miskolci Sportiskola L\u00e1szl\u00f3 Istv\u00e1n \u00e9s Tigyi J\u00f3zsef \u00e1ltal felk\u00e9sz\u00edtett 4&#215;100 m\u00e9teres le\u00e1ny v\u00e1lt\u00f3ja arany\u00e9rmet nyert az U16-os korcsoportban. A F\u00e9szki Hanna, Enyedi Lili, Barta Bodza, Forg\u00e1cs Anna \u00f6ssze\u00e1ll\u00edt\u00e1s\u00fa n\u00e9gyes az 1. el\u0151futamb\u00f3l 49.98 m\u00e1sodperces id\u0151vel a m\u00e1sodik helyen kvalifik\u00e1lta mag\u00e1t a d\u00f6nt\u0151be. A fin\u00e1l\u00e9ban [&hellip;]<\/p>\n","protected":false},"author":3,"featured_media":4902,"comment_status":"closed","ping_status":"open","sticky":false,"template":"","format":"standard","meta":{"footnotes":""},"categories":[151,166],"tags":[],"class_list":["post-4901","post","type-post","status-publish","format-standard","has-post-thumbnail","hentry","category-atletika","category-kiemelt"],"_links":{"self":[{"href":"https:\/\/mvsi.hu\/index.php?rest_route=\/wp\/v2\/posts\/4901","targetHints":{"allow":["GET"]}}],"collection":[{"href":"https:\/\/mvsi.hu\/index.php?rest_route=\/wp\/v2\/posts"}],"about":[{"href":"https:\/\/mvsi.hu\/index.php?rest_route=\/wp\/v2\/types\/post"}],"author":[{"embeddable":true,"href":"https:\/\/mvsi.hu\/index.php?rest_route=\/wp\/v2\/users\/3"}],"replies":[{"embeddable":true,"href":"https:\/\/mvsi.hu\/index.php?rest_route=%2Fwp%2Fv2%2Fcomments&post=4901"}],"version-history":[{"count":1,"href":"https:\/\/mvsi.hu\/index.php?rest_route=\/wp\/v2\/posts\/4901\/revisions"}],"predecessor-version":[{"id":4903,"href":"https:\/\/mvsi.hu\/index.php?rest_route=\/wp\/v2\/posts\/4901\/revisions\/4903"}],"wp:featuredmedia":[{"embeddable":true,"href":"https:\/\/mvsi.hu\/index.php?rest_route=\/wp\/v2\/media\/4902"}],"wp:attachment":[{"href":"https:\/\/mvsi.hu\/index.php?rest_route=%2Fwp%2Fv2%2Fmedia&parent=4901"}],"wp:term":[{"taxonomy":"category","embeddable":true,"href":"https:\/\/mvsi.hu\/index.php?rest_route=%2Fwp%2Fv2%2Fcategories&post=4901"},{"taxonomy":"post_tag","embeddable":true,"href":"https:\/\/mvsi.hu\/index.php?rest_route=%2Fwp%2Fv2%2Ftags&post=4901"}],"curies":[{"name":"wp","href":"https:\/\/api.w.org\/{rel}","templated":true}]}}