{"id":4974,"date":"2024-07-10T12:54:02","date_gmt":"2024-07-10T12:54:02","guid":{"rendered":"http:\/\/mvsi.hu\/?p=4974"},"modified":"2024-07-25T09:06:19","modified_gmt":"2024-07-25T09:06:19","slug":"szucs-jozsef-is-utazhat-a-parizsi-olimpiara","status":"publish","type":"post","link":"https:\/\/mvsi.hu\/?p=4974","title":{"rendered":"Sz\u0171cs J\u00f3zsef is utazhat a p\u00e1rizsi olimpi\u00e1ra"},"content":{"rendered":"\n<p><strong>A gyalogl\u00f3 Spiller Tiziana, a Miskolci Egyetem\nEg\u00e9szs\u00e9gtudom\u00e1nyi Kar\u00e1nak m\u00e1sod\u00e9ves hallgat\u00f3ja \u00e9s miskolci edz\u0151je, Sz\u0171cs J\u00f3zsef,\na Miskolci Sportiskola gyalogl\u00f3 szak\u00e1g\u00e1nak vezet\u0151je is utazhat a p\u00e1rizsi\nolimpi\u00e1ra. <\/strong><\/p>\n\n\n\n<p>A Magyar Olimpiai Bizotts\u00e1g (MOB) \u00e9s a Magyar\nAtl\u00e9tikai Sz\u00f6vets\u00e9g (MASZ) d\u00f6nt\u00e9se \u00e9rtelm\u00e9ben Spiller Tiziana a maratoni t\u00e1v\u00fa\nvegyes v\u00e1lt\u00f3 egyik tartal\u00e9k tagjak\u00e9nt vehet r\u00e9szt az \u00f6tkarik\u00e1s j\u00e1t\u00e9kokon. Ezt a\nsz\u00e1mot augusztus 7-\u00e9n, 7:30 \u00f3r\u00e1t\u00f3l rendezik meg.<\/p>\n\n\n\n<p>A mind\u00f6ssze 20 esztend\u0151s gyalogl\u00f3 a Budapesti Honv\u00e9d\nSE sz\u00edneiben versenyez. Tiziana a Miskolci Egyetem hallgat\u00f3jak\u00e9nt indul\u00e1si\njogot nyert a 2023. \u00e9vi Egyetemi Vil\u00e1gj\u00e1t\u00e9kokra, ahol a 20 kilom\u00e9teres\ngyalogl\u00e1sban a 13. helyen v\u00e9gzett. Id\u00e9n is sz\u00e1mos alkalommal bizony\u00edtotta\nr\u00e1termetts\u00e9g\u00e9t \u00e9s felk\u00e9sz\u00fclts\u00e9g\u00e9t, amely alapj\u00e1n joggal ker\u00fclhetett be az\nolimpiai csapatba. M\u00e1rciusban 1:34:21 \u00f3r\u00e1s id\u0151vel U23-as orsz\u00e1gos rekordot\n\u00e1ll\u00edtott fel 20 kilom\u00e9teren, valamint r\u00e9szt vett a Gyalogl\u00f3\nCsapatvil\u00e1gbajnoks\u00e1gon, T\u00f6r\u00f6korsz\u00e1gban, ahol az egy\u00e9ni 20 kilom\u00e9teres\nversenyben 36. helyen v\u00e9gzett, illetve rajthoz \u00e1llhatott a k\u00f6zelm\u00faltban\nbefejez\u0151d\u00f6tt r\u00f3mai atl\u00e9tikai Eur\u00f3pa-bajnoks\u00e1gon is, ahol ugyancsak 20 kilom\u00e9ter\ngyalogl\u00e1sban 30. helyen z\u00e1rt. Hazai versenyeken k\u00e9t koroszt\u00e1lyos bajnoki c\u00edmet,\nvalamint h\u00e1rom feln\u0151tt bajnoki \u00e9rmet szerzett.<\/p>\n\n\n\n<p>Spiller Tiziana miskolci edz\u00e9seit Sz\u0171cs J\u00f3zsef, a Miskolci Sportiskola gyalogl\u00f3 szak\u00e1g\u00e1nak vezet\u0151je, m\u00edg a f\u0151v\u00e1rosi tr\u00e9ningjeit Srp Mikl\u00f3s ir\u00e1ny\u00edtja. Tegnap \u00e9rkezett a h\u00edr, hogy a Bp. Honv\u00e9d anyagi t\u00e1mogat\u00e1s\u00e1nak k\u00f6sz\u00f6nhet\u0151en Sz\u0171cs J\u00f3zsef is ott lehet tan\u00edtv\u00e1ny\u00e1val a p\u00e1rizsi olimpi\u00e1n!<\/p>\n\n\n\n<figure class=\"wp-block-gallery columns-2 is-cropped wp-block-gallery-1 is-layout-flex wp-block-gallery-is-layout-flex\"><ul class=\"blocks-gallery-grid\"><li class=\"blocks-gallery-item\"><figure><a href=\"https:\/\/mvsi.hu\/wp-content\/uploads\/2024\/07\/Spiller-Tiziana-Sz\u0171cs-J\u00f3zsef-R\u00f3ma-Eb.jpg\"><img loading=\"lazy\" decoding=\"async\" width=\"576\" height=\"1024\" src=\"https:\/\/mvsi.hu\/wp-content\/uploads\/2024\/07\/Spiller-Tiziana-Sz\u0171cs-J\u00f3zsef-R\u00f3ma-Eb-576x1024.jpg\" alt=\"Spiller Tiziana \u00e9s miskolci edz\u0151je, Sz\u0171cs J\u00f3zsef a r\u00f3mai Eur\u00f3pa-bajnoks\u00e1gon.\" data-id=\"4975\" data-full-url=\"https:\/\/mvsi.hu\/wp-content\/uploads\/2024\/07\/Spiller-Tiziana-Sz\u0171cs-J\u00f3zsef-R\u00f3ma-Eb.jpg\" data-link=\"https:\/\/mvsi.hu\/?attachment_id=4975\" class=\"wp-image-4975\" srcset=\"https:\/\/mvsi.hu\/wp-content\/uploads\/2024\/07\/Spiller-Tiziana-Sz\u0171cs-J\u00f3zsef-R\u00f3ma-Eb-576x1024.jpg 576w, https:\/\/mvsi.hu\/wp-content\/uploads\/2024\/07\/Spiller-Tiziana-Sz\u0171cs-J\u00f3zsef-R\u00f3ma-Eb-169x300.jpg 169w, https:\/\/mvsi.hu\/wp-content\/uploads\/2024\/07\/Spiller-Tiziana-Sz\u0171cs-J\u00f3zsef-R\u00f3ma-Eb-768x1365.jpg 768w, https:\/\/mvsi.hu\/wp-content\/uploads\/2024\/07\/Spiller-Tiziana-Sz\u0171cs-J\u00f3zsef-R\u00f3ma-Eb-864x1536.jpg 864w, https:\/\/mvsi.hu\/wp-content\/uploads\/2024\/07\/Spiller-Tiziana-Sz\u0171cs-J\u00f3zsef-R\u00f3ma-Eb.jpg 1134w\" sizes=\"auto, (max-width: 576px) 100vw, 576px\" \/><\/a><figcaption class=\"blocks-gallery-item__caption\">Spiller Tiziana \u00e9s miskolci edz\u0151je, Sz\u0171cs J\u00f3zsef a r\u00f3mai Eur\u00f3pa-bajnoks\u00e1gon.<\/figcaption><\/figure><\/li><li class=\"blocks-gallery-item\"><figure><a href=\"https:\/\/mvsi.hu\/wp-content\/uploads\/2024\/07\/Spiller-Tiziana-P\u00e1rizs.jpg\"><img loading=\"lazy\" decoding=\"async\" width=\"819\" height=\"1024\" src=\"https:\/\/mvsi.hu\/wp-content\/uploads\/2024\/07\/Spiller-Tiziana-P\u00e1rizs-819x1024.jpg\" alt=\"Spiller Tiziana-P\u00e1rizs\" data-id=\"4976\" data-full-url=\"https:\/\/mvsi.hu\/wp-content\/uploads\/2024\/07\/Spiller-Tiziana-P\u00e1rizs.jpg\" data-link=\"https:\/\/mvsi.hu\/?attachment_id=4976\" class=\"wp-image-4976\" srcset=\"https:\/\/mvsi.hu\/wp-content\/uploads\/2024\/07\/Spiller-Tiziana-P\u00e1rizs-819x1024.jpg 819w, https:\/\/mvsi.hu\/wp-content\/uploads\/2024\/07\/Spiller-Tiziana-P\u00e1rizs-240x300.jpg 240w, https:\/\/mvsi.hu\/wp-content\/uploads\/2024\/07\/Spiller-Tiziana-P\u00e1rizs-768x960.jpg 768w, https:\/\/mvsi.hu\/wp-content\/uploads\/2024\/07\/Spiller-Tiziana-P\u00e1rizs.jpg 1080w\" sizes=\"auto, (max-width: 819px) 100vw, 819px\" \/><\/a><\/figure><\/li><\/ul><\/figure>\n","protected":false},"excerpt":{"rendered":"<p>A gyalogl\u00f3 Spiller Tiziana, a Miskolci Egyetem Eg\u00e9szs\u00e9gtudom\u00e1nyi Kar\u00e1nak m\u00e1sod\u00e9ves hallgat\u00f3ja \u00e9s miskolci edz\u0151je, Sz\u0171cs J\u00f3zsef, a Miskolci Sportiskola gyalogl\u00f3 szak\u00e1g\u00e1nak vezet\u0151je is utazhat a p\u00e1rizsi olimpi\u00e1ra. A Magyar Olimpiai Bizotts\u00e1g (MOB) \u00e9s a Magyar Atl\u00e9tikai Sz\u00f6vets\u00e9g (MASZ) d\u00f6nt\u00e9se \u00e9rtelm\u00e9ben Spiller Tiziana a maratoni t\u00e1v\u00fa vegyes v\u00e1lt\u00f3 egyik tartal\u00e9k tagjak\u00e9nt vehet r\u00e9szt az \u00f6tkarik\u00e1s j\u00e1t\u00e9kokon. [&hellip;]<\/p>\n","protected":false},"author":3,"featured_media":4976,"comment_status":"closed","ping_status":"open","sticky":false,"template":"","format":"standard","meta":{"footnotes":""},"categories":[151,166],"tags":[],"class_list":["post-4974","post","type-post","status-publish","format-standard","has-post-thumbnail","hentry","category-atletika","category-kiemelt"],"_links":{"self":[{"href":"https:\/\/mvsi.hu\/index.php?rest_route=\/wp\/v2\/posts\/4974","targetHints":{"allow":["GET"]}}],"collection":[{"href":"https:\/\/mvsi.hu\/index.php?rest_route=\/wp\/v2\/posts"}],"about":[{"href":"https:\/\/mvsi.hu\/index.php?rest_route=\/wp\/v2\/types\/post"}],"author":[{"embeddable":true,"href":"https:\/\/mvsi.hu\/index.php?rest_route=\/wp\/v2\/users\/3"}],"replies":[{"embeddable":true,"href":"https:\/\/mvsi.hu\/index.php?rest_route=%2Fwp%2Fv2%2Fcomments&post=4974"}],"version-history":[{"count":2,"href":"https:\/\/mvsi.hu\/index.php?rest_route=\/wp\/v2\/posts\/4974\/revisions"}],"predecessor-version":[{"id":4982,"href":"https:\/\/mvsi.hu\/index.php?rest_route=\/wp\/v2\/posts\/4974\/revisions\/4982"}],"wp:featuredmedia":[{"embeddable":true,"href":"https:\/\/mvsi.hu\/index.php?rest_route=\/wp\/v2\/media\/4976"}],"wp:attachment":[{"href":"https:\/\/mvsi.hu\/index.php?rest_route=%2Fwp%2Fv2%2Fmedia&parent=4974"}],"wp:term":[{"taxonomy":"category","embeddable":true,"href":"https:\/\/mvsi.hu\/index.php?rest_route=%2Fwp%2Fv2%2Fcategories&post=4974"},{"taxonomy":"post_tag","embeddable":true,"href":"https:\/\/mvsi.hu\/index.php?rest_route=%2Fwp%2Fv2%2Ftags&post=4974"}],"curies":[{"name":"wp","href":"https:\/\/api.w.org\/{rel}","templated":true}]}}