{"id":4983,"date":"2024-07-17T09:37:17","date_gmt":"2024-07-17T09:37:17","guid":{"rendered":"http:\/\/mvsi.hu\/?p=4983"},"modified":"2024-07-25T09:05:47","modified_gmt":"2024-07-25T09:05:47","slug":"a-valtokban-verhetetlen-volt-a-miskolci-sportiskola","status":"publish","type":"post","link":"https:\/\/mvsi.hu\/?p=4983","title":{"rendered":"A v\u00e1lt\u00f3kban verhetetlen volt a Miskolci Sportiskola"},"content":{"rendered":"\n<p><strong>Valamennyi\nv\u00e1lt\u00f3sz\u00e1mot megnyert\u00e9k \u2013 mik\u00f6zben egy\u00e9niben is sz\u00e9pen \u201etermeltek\u201d -a Miskolci\nSportiskola delfin koroszt\u00e1lyos \u00fasz\u00f3i a Region\u00e1lis Delfin \u00dasz\u00f3 Bajnoks\u00e1gon,\nmelyet j\u00falius 6-7-\u00e9n rendeztek meg H\u00f3dmez\u0151v\u00e1s\u00e1rhelyen. <\/strong><\/p>\n\n\n\n<p>A versenyen az\n\u00c9szak-magyarorsz\u00e1gi, a D\u00e9l-alf\u00f6ldi \u00e9s az \u00c9szak-alf\u00f6ldi R\u00e9gi\u00f3 legjobbjai m\u00e9rt\u00e9k\n\u00f6ssze tud\u00e1sukat. Az er\u0151pr\u00f3b\u00e1n alaposan kitett mag\u00e1\u00e9rt a Miskolci Sportiskola\n\u00fasz\u00f3 szakoszt\u00e1ly\u00e1nak Delfin (2014-2015-\u00f6s korcsoport \u00e9s fiatalabbak) csoportja\nis, melynek tagjai 20 arany-, 14 ez\u00fcst- \u00e9s 13 bronz\u00e9remmel t\u00e9rhettek haza.<\/p>\n\n\n\n<p>A kimagasl\u00f3\neredm\u00e9ny az eg\u00e9sz szezonon \u00e1t tart\u00f3 t\u00f6retlen fejl\u0151d\u00e9s bizony\u00edt\u00e9ka. <\/p>\n\n\n\n<p>K\u00fcl\u00f6n \u00f6r\u00f6m a\nSportiskola edz\u0151i &#8211; Hidv\u00e9gi Georgina, Simon Gy\u00f6rgyi, Sajg\u00f3 L\u00e1szl\u00f3 &#8211; sz\u00e1m\u00e1ra,\nhogy tan\u00edtv\u00e1nyaik abszol\u00fat m\u00f3don domin\u00e1ltak a v\u00e1lt\u00f3 sz\u00e1mokban, konkr\u00e9tan, az \u00c9szak-magyarorsz\u00e1gi\negyes\u00fcletek k\u00f6z\u00f6tt nem volt jobb v\u00e1lt\u00f3 a miskolci v\u00e1lt\u00f3kn\u00e1l.<\/p>\n\n\n\n<p><strong>V\u00e1lt\u00f3 eredm\u00e9nyek:<\/strong><\/p>\n\n\n\n<p><strong>4&#215;50 m mix\nvegyes:<\/strong> 1. Miskolci Sportiskola (Karczag Kira, Lente Marcell, Galambos L\u00e9na, Nagy\nMarcell)<\/p>\n\n\n\n<p><strong>4&#215;50 m fi\u00fa gyors:<\/strong> 1. Miskolci\nSportiskola (M\u00e1rton Patrik, Lente Marcell, \u00d3nodi Dominik, Nagy Marcell)<\/p>\n\n\n\n<p><strong>4&#215;50 m le\u00e1ny gyors:<\/strong> 1. Miskolci\nSportiskola (Demeter Bella Luca, Galambos L\u00e9na, Ga\u00e1l Al\u00ecz, Karczag Kira) <\/p>\n\n\n\n<p><strong>4&#215;50 m mix gyors:\n<\/strong>1. Miskolci Sportiskola (Lente Marcell, Galambos L\u00e9na, Nagy Marcell,\nKarczag Kira)<\/p>\n\n\n\n<p><strong>4&#215;50 m fi\u00fa vegyes:\n<\/strong>1. Miskolci Sportiskola (M\u00e1rton Patrik, Lente Marcell, Nagy Marcell, \u00d3nodi\nDominik)<\/p>\n\n\n\n<p><strong>4&#215;50 m le\u00e1ny vegyes:<\/strong> 1. Miskolci\nSportiskola Karczag Kira, Lamos Dorka, Galambos L\u00e9na, Demeter Bella Luca)<\/p>\n\n\n\n<p><strong>Egy\u00e9ni\neredm\u00e9nyek<\/strong><\/p>\n\n\n\n<p><strong>Le\u00e1nyok:<\/strong><\/p>\n\n\n\n<p><strong>Simon Zita:<\/strong><\/p>\n\n\n\n<p>50 m mell: 3.<\/p>\n\n\n\n<p>100 m mell: 2.<\/p>\n\n\n\n<p>200 m mell: 2.<\/p>\n\n\n\n<p>50 m gyors: 6.<\/p>\n\n\n\n<p>100 m gyors:\n5.<\/p>\n\n\n\n<p>50 m h\u00e1t: 2.<\/p>\n\n\n\n<p>100 m h\u00e1t: 1<\/p>\n\n\n\n<p><strong>Bern\u00e1th\nBlanka:<\/strong><\/p>\n\n\n\n<p>50 m mell:1.<\/p>\n\n\n\n<p>100 m mell: 1.<\/p>\n\n\n\n<p>50 m gyors: 3.<\/p>\n\n\n\n<p>100 m gyors:\n1.<\/p>\n\n\n\n<p>50 m h\u00e1t: 3.<\/p>\n\n\n\n<p>100 m h\u00e1t: 4.<\/p>\n\n\n\n<p><strong>Gombos Hanna:<\/strong><\/p>\n\n\n\n<p>50 m mell: 4.<\/p>\n\n\n\n<p>100 m mell: 5.<\/p>\n\n\n\n<p>50 m gyors: 1.<\/p>\n\n\n\n<p>100 m gyors:\n3.<\/p>\n\n\n\n<p>50 m h\u00e1t: 1.<\/p>\n\n\n\n<p>100 m h\u00e1t: 3.<\/p>\n\n\n\n<p><strong>Lamos Dorka:<\/strong><\/p>\n\n\n\n<p>50 m mell: 4.<\/p>\n\n\n\n<p>100 m mell: 4.<\/p>\n\n\n\n<p>50 m h\u00e1t: 4.<\/p>\n\n\n\n<p>100 m h\u00e1t: 4.<\/p>\n\n\n\n<p>50 m gyors: 6.<\/p>\n\n\n\n<p>100 m gyors:\n5.<\/p>\n\n\n\n<p><strong>Galambos L\u00e9na:<\/strong><\/p>\n\n\n\n<p>50 m pillang\u00f3:\n1.<\/p>\n\n\n\n<p>400 m gyors:\n1.<\/p>\n\n\n\n<p>100 m gyors:\n2.<\/p>\n\n\n\n<p>200 m gyors:\n1.<\/p>\n\n\n\n<p>100 m pillang\u00f3:\n1.<\/p>\n\n\n\n<p>50 m gyors: 2.<\/p>\n\n\n\n<p><strong>Karczag Kira\nJ\u00e1zmin:<\/strong><\/p>\n\n\n\n<p>50 m gyors: 1.<\/p>\n\n\n\n<p>50 m mell: 1.<\/p>\n\n\n\n<p>50 m h\u00e1t: 1.<\/p>\n\n\n\n<p>100 m gyors:\n1.<\/p>\n\n\n\n<p>100 m mell: 1.<\/p>\n\n\n\n<p>100 m h\u00e1t: 1.<\/p>\n\n\n\n<p><strong>Ga\u00e1l Al\u00edz:<\/strong><\/p>\n\n\n\n<p>200 m mell: 4.<\/p>\n\n\n\n<p>100 m mell: 5.<\/p>\n\n\n\n<p>50 m mell: 5.<\/p>\n\n\n\n<p><strong>Demeter Bella\nLuca:<\/strong><\/p>\n\n\n\n<p>50 m mell: 2.<\/p>\n\n\n\n<p>100 m mell: 2.\n<\/p>\n\n\n\n<p>200 m mell: 1.<\/p>\n\n\n\n<p>50 m gyors: 3.<\/p>\n\n\n\n<p>50 m pillang\u00f3:\n2.<\/p>\n\n\n\n<p>200 m vegyes:\n2.<\/p>\n\n\n\n<p><strong>Guba Rachel:<\/strong><\/p>\n\n\n\n<p>100 m mell: 3.<\/p>\n\n\n\n<p>100 m gyors:\n4.<\/p>\n\n\n\n<p>50 m h\u00e1t: 6.<\/p>\n\n\n\n<p>200 m mell: 1.<\/p>\n\n\n\n<p>50 m mell: 2.<\/p>\n\n\n\n<p>50 m gyors: 7.<\/p>\n\n\n\n<p><strong>Fi\u00fak: <\/strong><\/p>\n\n\n\n<p><strong>M\u00e1rton Patrik:<\/strong><\/p>\n\n\n\n<p>50 m mell: 1.<\/p>\n\n\n\n<p>100 m mell:1.<\/p>\n\n\n\n<p>50 m h\u00e1t: 3.<\/p>\n\n\n\n<p>100 m h\u00e1t: 3.<\/p>\n\n\n\n<p>100 m gyors:\n4.<\/p>\n\n\n\n<p>50 m gyors: 6.<\/p>\n\n\n\n<p><strong>\u00d3nodi Dominik:\n<\/strong><\/p>\n\n\n\n<p>100 m mell: 3.<\/p>\n\n\n\n<p>50 m gyors: 3.<\/p>\n\n\n\n<p>50 m mell: 3.<\/p>\n\n\n\n<p>100 m gyors: 4.\n<\/p>\n\n\n\n<p>50 m h\u00e1t: 4.<\/p>\n\n\n\n<p><strong>Lente Marcell:<\/strong><\/p>\n\n\n\n<p>50 m mell: 2.<\/p>\n\n\n\n<p>100 m mell:2.<\/p>\n\n\n\n<p>200 m mell: 1.<\/p>\n\n\n\n<p>50 m gyors: 4.<\/p>\n\n\n\n<p>100 m gyors:\n5.<\/p>\n\n\n\n<p><strong>Nagy Marcell:<\/strong><\/p>\n\n\n\n<p>100 m gyors:\n3.<\/p>\n\n\n\n<p>50 m gyors: 2.<\/p>\n\n\n\n<p>50 m h\u00e1t: 3.<\/p>\n\n\n\n<p>100 m h\u00e1t: 2.<\/p>\n\n\n\n<p>200 m h\u00e1t: 4.<\/p>\n\n\n\n<figure class=\"wp-block-gallery columns-3 is-cropped wp-block-gallery-1 is-layout-flex wp-block-gallery-is-layout-flex\"><ul class=\"blocks-gallery-grid\"><li class=\"blocks-gallery-item\"><figure><a href=\"https:\/\/mvsi.hu\/wp-content\/uploads\/2024\/07\/H\u00f3dmez\u0151-v\u00e1lt\u00f31.jpg\"><img loading=\"lazy\" decoding=\"async\" width=\"1024\" height=\"683\" src=\"https:\/\/mvsi.hu\/wp-content\/uploads\/2024\/07\/H\u00f3dmez\u0151-v\u00e1lt\u00f31-1024x683.jpg\" alt=\"A v\u00e1lt\u00f3kban verhetetlen volt a Miskolci Sportiskola\" data-id=\"4984\" data-full-url=\"https:\/\/mvsi.hu\/wp-content\/uploads\/2024\/07\/H\u00f3dmez\u0151-v\u00e1lt\u00f31.jpg\" data-link=\"https:\/\/mvsi.hu\/?attachment_id=4984\" class=\"wp-image-4984\" srcset=\"https:\/\/mvsi.hu\/wp-content\/uploads\/2024\/07\/H\u00f3dmez\u0151-v\u00e1lt\u00f31-1024x683.jpg 1024w, https:\/\/mvsi.hu\/wp-content\/uploads\/2024\/07\/H\u00f3dmez\u0151-v\u00e1lt\u00f31-300x200.jpg 300w, https:\/\/mvsi.hu\/wp-content\/uploads\/2024\/07\/H\u00f3dmez\u0151-v\u00e1lt\u00f31-768x512.jpg 768w, https:\/\/mvsi.hu\/wp-content\/uploads\/2024\/07\/H\u00f3dmez\u0151-v\u00e1lt\u00f31.jpg 1080w\" sizes=\"auto, (max-width: 1024px) 100vw, 1024px\" \/><\/a><\/figure><\/li><li class=\"blocks-gallery-item\"><figure><a href=\"https:\/\/mvsi.hu\/wp-content\/uploads\/2024\/07\/H\u00f3dmez\u01514.jpg\"><img loading=\"lazy\" decoding=\"async\" width=\"1024\" height=\"683\" src=\"https:\/\/mvsi.hu\/wp-content\/uploads\/2024\/07\/H\u00f3dmez\u01514-1024x683.jpg\" alt=\"A v\u00e1lt\u00f3kban verhetetlen volt a Miskolci Sportiskola\" data-id=\"4985\" data-full-url=\"https:\/\/mvsi.hu\/wp-content\/uploads\/2024\/07\/H\u00f3dmez\u01514.jpg\" data-link=\"https:\/\/mvsi.hu\/?attachment_id=4985\" class=\"wp-image-4985\" srcset=\"https:\/\/mvsi.hu\/wp-content\/uploads\/2024\/07\/H\u00f3dmez\u01514-1024x683.jpg 1024w, https:\/\/mvsi.hu\/wp-content\/uploads\/2024\/07\/H\u00f3dmez\u01514-300x200.jpg 300w, https:\/\/mvsi.hu\/wp-content\/uploads\/2024\/07\/H\u00f3dmez\u01514-768x512.jpg 768w, https:\/\/mvsi.hu\/wp-content\/uploads\/2024\/07\/H\u00f3dmez\u01514.jpg 1440w\" sizes=\"auto, (max-width: 1024px) 100vw, 1024px\" \/><\/a><\/figure><\/li><li class=\"blocks-gallery-item\"><figure><a href=\"https:\/\/mvsi.hu\/wp-content\/uploads\/2024\/07\/H\u00f3dmez\u01513.jpg\"><img loading=\"lazy\" decoding=\"async\" width=\"1024\" height=\"681\" src=\"https:\/\/mvsi.hu\/wp-content\/uploads\/2024\/07\/H\u00f3dmez\u01513-1024x681.jpg\" alt=\"A v\u00e1lt\u00f3kban verhetetlen volt a Miskolci Sportiskola\" data-id=\"4986\" data-full-url=\"https:\/\/mvsi.hu\/wp-content\/uploads\/2024\/07\/H\u00f3dmez\u01513.jpg\" data-link=\"https:\/\/mvsi.hu\/?attachment_id=4986\" class=\"wp-image-4986\" srcset=\"https:\/\/mvsi.hu\/wp-content\/uploads\/2024\/07\/H\u00f3dmez\u01513-1024x681.jpg 1024w, https:\/\/mvsi.hu\/wp-content\/uploads\/2024\/07\/H\u00f3dmez\u01513-300x199.jpg 300w, https:\/\/mvsi.hu\/wp-content\/uploads\/2024\/07\/H\u00f3dmez\u01513-768x511.jpg 768w, https:\/\/mvsi.hu\/wp-content\/uploads\/2024\/07\/H\u00f3dmez\u01513.jpg 1444w\" sizes=\"auto, (max-width: 1024px) 100vw, 1024px\" \/><\/a><\/figure><\/li><li class=\"blocks-gallery-item\"><figure><a href=\"https:\/\/mvsi.hu\/wp-content\/uploads\/2024\/07\/H\u00f3dmez\u0151-csoport.jpg\"><img loading=\"lazy\" decoding=\"async\" width=\"1024\" height=\"693\" src=\"https:\/\/mvsi.hu\/wp-content\/uploads\/2024\/07\/H\u00f3dmez\u0151-csoport-1024x693.jpg\" alt=\"A v\u00e1lt\u00f3kban verhetetlen volt a Miskolci Sportiskola\" data-id=\"4987\" data-full-url=\"https:\/\/mvsi.hu\/wp-content\/uploads\/2024\/07\/H\u00f3dmez\u0151-csoport.jpg\" data-link=\"https:\/\/mvsi.hu\/?attachment_id=4987\" class=\"wp-image-4987\" srcset=\"https:\/\/mvsi.hu\/wp-content\/uploads\/2024\/07\/H\u00f3dmez\u0151-csoport-1024x693.jpg 1024w, https:\/\/mvsi.hu\/wp-content\/uploads\/2024\/07\/H\u00f3dmez\u0151-csoport-300x203.jpg 300w, https:\/\/mvsi.hu\/wp-content\/uploads\/2024\/07\/H\u00f3dmez\u0151-csoport-768x519.jpg 768w, https:\/\/mvsi.hu\/wp-content\/uploads\/2024\/07\/H\u00f3dmez\u0151-csoport-1536x1039.jpg 1536w, https:\/\/mvsi.hu\/wp-content\/uploads\/2024\/07\/H\u00f3dmez\u0151-csoport.jpg 2048w\" sizes=\"auto, (max-width: 1024px) 100vw, 1024px\" \/><\/a><\/figure><\/li><li class=\"blocks-gallery-item\"><figure><a href=\"https:\/\/mvsi.hu\/wp-content\/uploads\/2024\/07\/H\u00f3dmez\u01512.jpg\"><img loading=\"lazy\" decoding=\"async\" width=\"1024\" height=\"683\" src=\"https:\/\/mvsi.hu\/wp-content\/uploads\/2024\/07\/H\u00f3dmez\u01512-1024x683.jpg\" alt=\"A v\u00e1lt\u00f3kban verhetetlen volt a Miskolci Sportiskola\" data-id=\"4988\" data-full-url=\"https:\/\/mvsi.hu\/wp-content\/uploads\/2024\/07\/H\u00f3dmez\u01512.jpg\" data-link=\"https:\/\/mvsi.hu\/?attachment_id=4988\" class=\"wp-image-4988\" srcset=\"https:\/\/mvsi.hu\/wp-content\/uploads\/2024\/07\/H\u00f3dmez\u01512-1024x683.jpg 1024w, https:\/\/mvsi.hu\/wp-content\/uploads\/2024\/07\/H\u00f3dmez\u01512-300x200.jpg 300w, https:\/\/mvsi.hu\/wp-content\/uploads\/2024\/07\/H\u00f3dmez\u01512-768x512.jpg 768w, https:\/\/mvsi.hu\/wp-content\/uploads\/2024\/07\/H\u00f3dmez\u01512.jpg 1440w\" sizes=\"auto, (max-width: 1024px) 100vw, 1024px\" \/><\/a><\/figure><\/li><li class=\"blocks-gallery-item\"><figure><a href=\"https:\/\/mvsi.hu\/wp-content\/uploads\/2024\/07\/H\u00f3dmez\u0151.jpg\"><img loading=\"lazy\" decoding=\"async\" width=\"1024\" height=\"683\" src=\"https:\/\/mvsi.hu\/wp-content\/uploads\/2024\/07\/H\u00f3dmez\u0151-1024x683.jpg\" alt=\"A v\u00e1lt\u00f3kban verhetetlen volt a Miskolci Sportiskola\" data-id=\"4989\" data-full-url=\"https:\/\/mvsi.hu\/wp-content\/uploads\/2024\/07\/H\u00f3dmez\u0151.jpg\" data-link=\"https:\/\/mvsi.hu\/?attachment_id=4989\" class=\"wp-image-4989\" srcset=\"https:\/\/mvsi.hu\/wp-content\/uploads\/2024\/07\/H\u00f3dmez\u0151-1024x683.jpg 1024w, https:\/\/mvsi.hu\/wp-content\/uploads\/2024\/07\/H\u00f3dmez\u0151-300x200.jpg 300w, https:\/\/mvsi.hu\/wp-content\/uploads\/2024\/07\/H\u00f3dmez\u0151-768x512.jpg 768w, https:\/\/mvsi.hu\/wp-content\/uploads\/2024\/07\/H\u00f3dmez\u0151.jpg 1080w\" sizes=\"auto, (max-width: 1024px) 100vw, 1024px\" \/><\/a><\/figure><\/li><\/ul><\/figure>\n","protected":false},"excerpt":{"rendered":"<p>Valamennyi v\u00e1lt\u00f3sz\u00e1mot megnyert\u00e9k \u2013 mik\u00f6zben egy\u00e9niben is sz\u00e9pen \u201etermeltek\u201d -a Miskolci Sportiskola delfin koroszt\u00e1lyos \u00fasz\u00f3i a Region\u00e1lis Delfin \u00dasz\u00f3 Bajnoks\u00e1gon, melyet j\u00falius 6-7-\u00e9n rendeztek meg H\u00f3dmez\u0151v\u00e1s\u00e1rhelyen. A versenyen az \u00c9szak-magyarorsz\u00e1gi, a D\u00e9l-alf\u00f6ldi \u00e9s az \u00c9szak-alf\u00f6ldi R\u00e9gi\u00f3 legjobbjai m\u00e9rt\u00e9k \u00f6ssze tud\u00e1sukat. Az er\u0151pr\u00f3b\u00e1n alaposan kitett mag\u00e1\u00e9rt a Miskolci Sportiskola \u00fasz\u00f3 szakoszt\u00e1ly\u00e1nak Delfin (2014-2015-\u00f6s korcsoport \u00e9s fiatalabbak) [&hellip;]<\/p>\n","protected":false},"author":3,"featured_media":4987,"comment_status":"closed","ping_status":"open","sticky":false,"template":"","format":"standard","meta":{"footnotes":""},"categories":[166,164],"tags":[],"class_list":["post-4983","post","type-post","status-publish","format-standard","has-post-thumbnail","hentry","category-kiemelt","category-uszas"],"_links":{"self":[{"href":"https:\/\/mvsi.hu\/index.php?rest_route=\/wp\/v2\/posts\/4983","targetHints":{"allow":["GET"]}}],"collection":[{"href":"https:\/\/mvsi.hu\/index.php?rest_route=\/wp\/v2\/posts"}],"about":[{"href":"https:\/\/mvsi.hu\/index.php?rest_route=\/wp\/v2\/types\/post"}],"author":[{"embeddable":true,"href":"https:\/\/mvsi.hu\/index.php?rest_route=\/wp\/v2\/users\/3"}],"replies":[{"embeddable":true,"href":"https:\/\/mvsi.hu\/index.php?rest_route=%2Fwp%2Fv2%2Fcomments&post=4983"}],"version-history":[{"count":3,"href":"https:\/\/mvsi.hu\/index.php?rest_route=\/wp\/v2\/posts\/4983\/revisions"}],"predecessor-version":[{"id":4992,"href":"https:\/\/mvsi.hu\/index.php?rest_route=\/wp\/v2\/posts\/4983\/revisions\/4992"}],"wp:featuredmedia":[{"embeddable":true,"href":"https:\/\/mvsi.hu\/index.php?rest_route=\/wp\/v2\/media\/4987"}],"wp:attachment":[{"href":"https:\/\/mvsi.hu\/index.php?rest_route=%2Fwp%2Fv2%2Fmedia&parent=4983"}],"wp:term":[{"taxonomy":"category","embeddable":true,"href":"https:\/\/mvsi.hu\/index.php?rest_route=%2Fwp%2Fv2%2Fcategories&post=4983"},{"taxonomy":"post_tag","embeddable":true,"href":"https:\/\/mvsi.hu\/index.php?rest_route=%2Fwp%2Fv2%2Ftags&post=4983"}],"curies":[{"name":"wp","href":"https:\/\/api.w.org\/{rel}","templated":true}]}}