{"id":4993,"date":"2024-07-17T10:59:32","date_gmt":"2024-07-17T10:59:32","guid":{"rendered":"http:\/\/mvsi.hu\/?p=4993"},"modified":"2024-07-25T09:05:36","modified_gmt":"2024-07-25T09:05:36","slug":"czipo-bence-jozsef-ket-ermet-hozott-a-capa-ob-rol","status":"publish","type":"post","link":"https:\/\/mvsi.hu\/?p=4993","title":{"rendered":"Czip\u00f3 Bence J\u00f3zsef k\u00e9t \u00e9rmet hozott a c\u00e1pa ob-r\u00f3l"},"content":{"rendered":"\n<p>Az \u00fasz\u00f3k idei Orsz\u00e1gos C\u00e1pa Bajnoks\u00e1g\u00e1nak j\u00falius\n10-13. k\u00f6z\u00f6tt a szegedi Tiszavir\u00e1g Uszoda adott otthont. Ez a koroszt\u00e1ly az\nels\u0151, melynek bajnoks\u00e1gait el\u0151futam-d\u00f6nt\u0151 rendszerben bonyol\u00edtj\u00e1k le. A\nMiskolci Sportiskola Firtk\u00f3 Ad\u00e9l \u00e1ltal felk\u00e9sz\u00edtett \u201ec\u00e1p\u00e1i\u201d k\u00f6z\u00fcl Czip\u00f3 Bencze\nJ\u00f3zsef egy-egy ez\u00fcst- \u00e9s bronz\u00e9rmet nyert, de ezen k\u00edv\u00fcl m\u00e9g h\u00e1rom d\u00f6nt\u0151ben is\n\u00e9rdekeltek voltak a miskolciak az orsz\u00e1g legjobb 11-12 \u00e9ves \u00fasz\u00f3inak a\nvet\u00e9lked\u00e9s\u00e9n.<\/p>\n\n\n\n<p><strong>Kopcs\u00f3 Petra: sikeres bemutatkoz\u00e1s Belgr\u00e1dban<\/strong><\/p>\n\n\n\n<p>A szegedi versennyel egyid\u0151ben, a szint\u00e9n a Miskolci\nSportiskol\u00e1t k\u00e9pvisel\u0151, serd\u00fcl\u0151 korcsoportos Kopcs\u00f3 Petra Belgr\u00e1dban\nmutatkozott be a magyar ut\u00e1np\u00f3tl\u00e1s v\u00e1logatottban. Petra az 50 m\u00e9teres\nmell\u00fasz\u00e1sban 34.16 m\u00e1sodperces id\u0151vel el\u00e9rt 7. helyez\u00e9s\u00e9vel \u00e9rt\u00e9kes pontokkal j\u00e1rult\nhozz\u00e1 a magyar csapat j\u00f3 teljes\u00edtm\u00e9ny\u00e9hez.<\/p>\n\n\n\n<p><strong>Az ob miskolci eredm\u00e9nyei<\/strong><\/p>\n\n\n\n<p><strong>C\u00e1pa 11, fi\u00fak:<\/strong><\/p>\n\n\n\n<p><strong>200 m h\u00e1t:<\/strong> 2. Czip\u00f3 Bence J\u00f3zsef, 2:35.32 perc<\/p>\n\n\n\n<p><strong>100 m h\u00e1t:<\/strong> 3. Czip\u00f3 Bence J\u00f3zsef, 1:12.54<\/p>\n\n\n\n<p><strong>200 m gyors:<\/strong> 8. Czip\u00f3 Bence J\u00f3zsef, 2:28.91<\/p>\n\n\n\n<p><strong>50 m gyors:<\/strong> 9. Czip\u00f3 Bence J\u00f3zsef, 31,31 mp<\/p>\n\n\n\n<p><strong>C\u00e1pa 12, fi\u00fak:<\/strong><\/p>\n\n\n\n<p><strong>100 m pillang\u00f3:<\/strong> 5. T\u00f3th Marcell, 1:10.53<\/p>\n\n\n\n<p><strong>50 m gyors:<\/strong> 12. T\u00f3th Marcell, 29,99<\/p>\n\n\n\n<p><strong>C\u00e1pa 12, le\u00e1nyok: <\/strong><\/p>\n\n\n\n<p><strong>400 m vegyes:<\/strong> 11. Mikl\u00f3s Janka, 5:43,50<\/p>\n\n\n\n<p><strong>4&#215;100 m mix vegyes:<\/strong> 7. Miskolci Sportiskola (Czip\u00f3 Bence J\u00f3zsef, Mikl\u00f3s Janka, T\u00f3th Marcell,\nR\u00e1ski S\u00e1ra) 5:03,26 perc<\/p>\n\n\n\n<p><strong>4&#215;100 m mix gyors:<\/strong> 11. Miskolci Sportiskola (Mikl\u00f3s Janka, Czip\u00f3 Bence J\u00f3zsef, R\u00e1ski S\u00e1ra, T\u00f3th Marcell) 4:35,94.<\/p>\n\n\n\n<figure class=\"wp-block-gallery columns-3 is-cropped wp-block-gallery-1 is-layout-flex wp-block-gallery-is-layout-flex\"><ul class=\"blocks-gallery-grid\"><li class=\"blocks-gallery-item\"><figure><a href=\"https:\/\/mvsi.hu\/wp-content\/uploads\/2024\/07\/Czip\u00f3-Bence.jpg\"><img loading=\"lazy\" decoding=\"async\" width=\"1024\" height=\"683\" src=\"https:\/\/mvsi.hu\/wp-content\/uploads\/2024\/07\/Czip\u00f3-Bence-1024x683.jpg\" alt=\"Czip\u00f3 Bence J\u00f3zsef k\u00e9t \u00e9rmet hozott a c\u00e1pa ob-r\u00f3l\" data-id=\"4994\" data-full-url=\"https:\/\/mvsi.hu\/wp-content\/uploads\/2024\/07\/Czip\u00f3-Bence.jpg\" data-link=\"https:\/\/mvsi.hu\/?attachment_id=4994\" class=\"wp-image-4994\" srcset=\"https:\/\/mvsi.hu\/wp-content\/uploads\/2024\/07\/Czip\u00f3-Bence-1024x683.jpg 1024w, https:\/\/mvsi.hu\/wp-content\/uploads\/2024\/07\/Czip\u00f3-Bence-300x200.jpg 300w, https:\/\/mvsi.hu\/wp-content\/uploads\/2024\/07\/Czip\u00f3-Bence-768x512.jpg 768w, https:\/\/mvsi.hu\/wp-content\/uploads\/2024\/07\/Czip\u00f3-Bence-1536x1024.jpg 1536w, https:\/\/mvsi.hu\/wp-content\/uploads\/2024\/07\/Czip\u00f3-Bence.jpg 2048w\" sizes=\"auto, (max-width: 1024px) 100vw, 1024px\" \/><\/a><\/figure><\/li><li class=\"blocks-gallery-item\"><figure><a href=\"https:\/\/mvsi.hu\/wp-content\/uploads\/2024\/07\/MSI-Szeged.jpg\"><img loading=\"lazy\" decoding=\"async\" width=\"1024\" height=\"683\" src=\"https:\/\/mvsi.hu\/wp-content\/uploads\/2024\/07\/MSI-Szeged-1024x683.jpg\" alt=\"Fazekas Dorka (balr\u00f3l), R\u00e1ski S\u00e1ra, Firtk\u00f3 Ad\u00e9l edz\u0151, Mikl\u00f3s Janka, T\u00f3th Marcell \u00e9s Czip\u00f3 Bence J\u00f3zsef a szegedi uszod\u00e1ban.\" data-id=\"4995\" data-full-url=\"https:\/\/mvsi.hu\/wp-content\/uploads\/2024\/07\/MSI-Szeged.jpg\" data-link=\"https:\/\/mvsi.hu\/?attachment_id=4995\" class=\"wp-image-4995\" srcset=\"https:\/\/mvsi.hu\/wp-content\/uploads\/2024\/07\/MSI-Szeged-1024x683.jpg 1024w, https:\/\/mvsi.hu\/wp-content\/uploads\/2024\/07\/MSI-Szeged-300x200.jpg 300w, https:\/\/mvsi.hu\/wp-content\/uploads\/2024\/07\/MSI-Szeged-768x512.jpg 768w, https:\/\/mvsi.hu\/wp-content\/uploads\/2024\/07\/MSI-Szeged-1536x1024.jpg 1536w, https:\/\/mvsi.hu\/wp-content\/uploads\/2024\/07\/MSI-Szeged.jpg 2048w\" sizes=\"auto, (max-width: 1024px) 100vw, 1024px\" \/><\/a><figcaption class=\"blocks-gallery-item__caption\">Fazekas Dorka (balr\u00f3l), R\u00e1ski S\u00e1ra, Firtk\u00f3 Ad\u00e9l edz\u0151, Mikl\u00f3s Janka, T\u00f3th Marcell \u00e9s Czip\u00f3 Bence J\u00f3zsef a szegedi uszod\u00e1ban.<\/figcaption><\/figure><\/li><li class=\"blocks-gallery-item\"><figure><a href=\"https:\/\/mvsi.hu\/wp-content\/uploads\/2024\/07\/MSI-Szeged2.jpg\"><img loading=\"lazy\" decoding=\"async\" width=\"1024\" height=\"683\" src=\"https:\/\/mvsi.hu\/wp-content\/uploads\/2024\/07\/MSI-Szeged2-1024x683.jpg\" alt=\"Czip\u00f3 Bence J\u00f3zsef k\u00e9t \u00e9rmet hozott a c\u00e1pa ob-r\u00f3l\" data-id=\"4996\" data-full-url=\"https:\/\/mvsi.hu\/wp-content\/uploads\/2024\/07\/MSI-Szeged2.jpg\" data-link=\"https:\/\/mvsi.hu\/?attachment_id=4996\" class=\"wp-image-4996\" srcset=\"https:\/\/mvsi.hu\/wp-content\/uploads\/2024\/07\/MSI-Szeged2-1024x683.jpg 1024w, https:\/\/mvsi.hu\/wp-content\/uploads\/2024\/07\/MSI-Szeged2-300x200.jpg 300w, https:\/\/mvsi.hu\/wp-content\/uploads\/2024\/07\/MSI-Szeged2-768x512.jpg 768w, https:\/\/mvsi.hu\/wp-content\/uploads\/2024\/07\/MSI-Szeged2-1536x1024.jpg 1536w, https:\/\/mvsi.hu\/wp-content\/uploads\/2024\/07\/MSI-Szeged2.jpg 2048w\" sizes=\"auto, (max-width: 1024px) 100vw, 1024px\" \/><\/a><\/figure><\/li><\/ul><\/figure>\n","protected":false},"excerpt":{"rendered":"<p>Az \u00fasz\u00f3k idei Orsz\u00e1gos C\u00e1pa Bajnoks\u00e1g\u00e1nak j\u00falius 10-13. k\u00f6z\u00f6tt a szegedi Tiszavir\u00e1g Uszoda adott otthont. Ez a koroszt\u00e1ly az els\u0151, melynek bajnoks\u00e1gait el\u0151futam-d\u00f6nt\u0151 rendszerben bonyol\u00edtj\u00e1k le. A Miskolci Sportiskola Firtk\u00f3 Ad\u00e9l \u00e1ltal felk\u00e9sz\u00edtett \u201ec\u00e1p\u00e1i\u201d k\u00f6z\u00fcl Czip\u00f3 Bencze J\u00f3zsef egy-egy ez\u00fcst- \u00e9s bronz\u00e9rmet nyert, de ezen k\u00edv\u00fcl m\u00e9g h\u00e1rom d\u00f6nt\u0151ben is \u00e9rdekeltek voltak a miskolciak az [&hellip;]<\/p>\n","protected":false},"author":3,"featured_media":4996,"comment_status":"closed","ping_status":"open","sticky":false,"template":"","format":"standard","meta":{"footnotes":""},"categories":[166,164],"tags":[],"class_list":["post-4993","post","type-post","status-publish","format-standard","has-post-thumbnail","hentry","category-kiemelt","category-uszas"],"_links":{"self":[{"href":"https:\/\/mvsi.hu\/index.php?rest_route=\/wp\/v2\/posts\/4993","targetHints":{"allow":["GET"]}}],"collection":[{"href":"https:\/\/mvsi.hu\/index.php?rest_route=\/wp\/v2\/posts"}],"about":[{"href":"https:\/\/mvsi.hu\/index.php?rest_route=\/wp\/v2\/types\/post"}],"author":[{"embeddable":true,"href":"https:\/\/mvsi.hu\/index.php?rest_route=\/wp\/v2\/users\/3"}],"replies":[{"embeddable":true,"href":"https:\/\/mvsi.hu\/index.php?rest_route=%2Fwp%2Fv2%2Fcomments&post=4993"}],"version-history":[{"count":1,"href":"https:\/\/mvsi.hu\/index.php?rest_route=\/wp\/v2\/posts\/4993\/revisions"}],"predecessor-version":[{"id":4997,"href":"https:\/\/mvsi.hu\/index.php?rest_route=\/wp\/v2\/posts\/4993\/revisions\/4997"}],"wp:featuredmedia":[{"embeddable":true,"href":"https:\/\/mvsi.hu\/index.php?rest_route=\/wp\/v2\/media\/4996"}],"wp:attachment":[{"href":"https:\/\/mvsi.hu\/index.php?rest_route=%2Fwp%2Fv2%2Fmedia&parent=4993"}],"wp:term":[{"taxonomy":"category","embeddable":true,"href":"https:\/\/mvsi.hu\/index.php?rest_route=%2Fwp%2Fv2%2Fcategories&post=4993"},{"taxonomy":"post_tag","embeddable":true,"href":"https:\/\/mvsi.hu\/index.php?rest_route=%2Fwp%2Fv2%2Ftags&post=4993"}],"curies":[{"name":"wp","href":"https:\/\/api.w.org\/{rel}","templated":true}]}}