{"id":5037,"date":"2024-09-17T11:01:08","date_gmt":"2024-09-17T11:01:08","guid":{"rendered":"http:\/\/mvsi.hu\/?p=5037"},"modified":"2024-09-17T11:04:04","modified_gmt":"2024-09-17T11:04:04","slug":"negy-eremmel-nyitottak-meg-az-oszi-szezont","status":"publish","type":"post","link":"https:\/\/mvsi.hu\/?p=5037","title":{"rendered":"N\u00e9gy \u00e9remmel nyitott\u00e1k meg az \u0151szi szezont"},"content":{"rendered":"\n<p>A DVTK-Miskolci Sportiskola birk\u00f3z\u00f3i szeptember 14-\u00e9n,\nszombaton, Soltvadkerten, az U13-as Ter\u00fcleti Di\u00e1kolimpi\u00e1n kezdt\u00e9k meg az \u0151szi\nversenyszezont. <\/p>\n\n\n\n<p><strong>Eredm\u00e9nyek<\/strong><\/p>\n\n\n\n<p><strong>Fi\u00fak:<\/strong><\/p>\n\n\n\n<p><strong>35 kg:<\/strong> 2. Szigeti M\u00e1t\u00e9<\/p>\n\n\n\n<p><strong>42 kg:<\/strong> 3. Somogyv\u00e1ri Botond<\/p>\n\n\n\n<p><strong>58 kg:<\/strong> 1. B\u00edr\u00f3 Vince<\/p>\n\n\n\n<p><strong>76 kg:<\/strong> 1. Lovas Marcell.<\/p>\n\n\n\n<figure class=\"wp-block-image size-large\"><a href=\"https:\/\/mvsi.hu\/wp-content\/uploads\/2024\/09\/birko-\u00faj-scaled.jpg\" target=\"_blank\" rel=\"noreferrer noopener\"><img loading=\"lazy\" decoding=\"async\" width=\"1024\" height=\"461\" src=\"https:\/\/mvsi.hu\/wp-content\/uploads\/2024\/09\/birko-\u00faj-1024x461.jpg\" alt=\"N\u00e9gy \u00e9remmel nyitott\u00e1k meg az \u0151szi szezont\" class=\"wp-image-5038\" srcset=\"https:\/\/mvsi.hu\/wp-content\/uploads\/2024\/09\/birko-\u00faj-1024x461.jpg 1024w, https:\/\/mvsi.hu\/wp-content\/uploads\/2024\/09\/birko-\u00faj-300x135.jpg 300w, https:\/\/mvsi.hu\/wp-content\/uploads\/2024\/09\/birko-\u00faj-768x346.jpg 768w, https:\/\/mvsi.hu\/wp-content\/uploads\/2024\/09\/birko-\u00faj-1536x691.jpg 1536w, https:\/\/mvsi.hu\/wp-content\/uploads\/2024\/09\/birko-\u00faj-2048x922.jpg 2048w, https:\/\/mvsi.hu\/wp-content\/uploads\/2024\/09\/birko-\u00faj-730x330.jpg 730w\" sizes=\"auto, (max-width: 1024px) 100vw, 1024px\" \/><\/a><figcaption>Somogyv\u00e1ri Botond (balr\u00f3l), Szigeti M\u00e1t\u00e9, Szab\u00f3 M\u00e1t\u00e9 edz\u0151, B\u00edr\u00f3 Vince \u00e9s Lovas Marcell Soltvadkerten.<\/figcaption><\/figure>\n","protected":false},"excerpt":{"rendered":"<p>A DVTK-Miskolci Sportiskola birk\u00f3z\u00f3i szeptember 14-\u00e9n, szombaton, Soltvadkerten, az U13-as Ter\u00fcleti Di\u00e1kolimpi\u00e1n kezdt\u00e9k meg az \u0151szi versenyszezont. Eredm\u00e9nyek Fi\u00fak: 35 kg: 2. Szigeti M\u00e1t\u00e9 42 kg: 3. Somogyv\u00e1ri Botond 58 kg: 1. B\u00edr\u00f3 Vince 76 kg: 1. Lovas Marcell.<\/p>\n","protected":false},"author":3,"featured_media":5038,"comment_status":"closed","ping_status":"open","sticky":false,"template":"","format":"standard","meta":{"footnotes":""},"categories":[152],"tags":[],"class_list":["post-5037","post","type-post","status-publish","format-standard","has-post-thumbnail","hentry","category-birkozas"],"_links":{"self":[{"href":"https:\/\/mvsi.hu\/index.php?rest_route=\/wp\/v2\/posts\/5037","targetHints":{"allow":["GET"]}}],"collection":[{"href":"https:\/\/mvsi.hu\/index.php?rest_route=\/wp\/v2\/posts"}],"about":[{"href":"https:\/\/mvsi.hu\/index.php?rest_route=\/wp\/v2\/types\/post"}],"author":[{"embeddable":true,"href":"https:\/\/mvsi.hu\/index.php?rest_route=\/wp\/v2\/users\/3"}],"replies":[{"embeddable":true,"href":"https:\/\/mvsi.hu\/index.php?rest_route=%2Fwp%2Fv2%2Fcomments&post=5037"}],"version-history":[{"count":2,"href":"https:\/\/mvsi.hu\/index.php?rest_route=\/wp\/v2\/posts\/5037\/revisions"}],"predecessor-version":[{"id":5044,"href":"https:\/\/mvsi.hu\/index.php?rest_route=\/wp\/v2\/posts\/5037\/revisions\/5044"}],"wp:featuredmedia":[{"embeddable":true,"href":"https:\/\/mvsi.hu\/index.php?rest_route=\/wp\/v2\/media\/5038"}],"wp:attachment":[{"href":"https:\/\/mvsi.hu\/index.php?rest_route=%2Fwp%2Fv2%2Fmedia&parent=5037"}],"wp:term":[{"taxonomy":"category","embeddable":true,"href":"https:\/\/mvsi.hu\/index.php?rest_route=%2Fwp%2Fv2%2Fcategories&post=5037"},{"taxonomy":"post_tag","embeddable":true,"href":"https:\/\/mvsi.hu\/index.php?rest_route=%2Fwp%2Fv2%2Ftags&post=5037"}],"curies":[{"name":"wp","href":"https:\/\/api.w.org\/{rel}","templated":true}]}}