{"id":5185,"date":"2025-02-21T12:14:05","date_gmt":"2025-02-21T12:14:05","guid":{"rendered":"http:\/\/mvsi.hu\/?p=5185"},"modified":"2025-02-21T12:14:05","modified_gmt":"2025-02-21T12:14:05","slug":"nyiregyhazan-nemzetkozi-mezonyben-is-taroltak-a-miskolci-sportiskolasok","status":"publish","type":"post","link":"https:\/\/mvsi.hu\/?p=5185","title":{"rendered":"Ny\u00edregyh\u00e1z\u00e1n, nemzetk\u00f6zi mez\u0151nyben is \u201etaroltak\u201d a Miskolci Sportiskol\u00e1sok"},"content":{"rendered":"\n<p><strong>A Miskolci Sportiskola \u00fasz\u00f3i febru\u00e1r\n15.-\u00e9n, Ny\u00edregyh\u00e1z\u00e1n, a VI. NYSC Kupa nemzetk\u00f6zi versenyen \u00e1lltak rajtk\u0151re. A\nr\u00e9gen l\u00e1tott n\u00e9pes mez\u0151nyt &#8211; 15 egyes\u00fclet, k\u00f6zel 370 sportol\u00f3ja \u2013 rom\u00e1n, sv\u00e1jci\n\u00e9s ukr\u00e1n csapatok er\u0151s\u00edtett\u00e9k. A miskolciak a&nbsp;\nharmadik legnagyobb l\u00e9tsz\u00e1m\u00fa deleg\u00e1ci\u00f3t alkott\u00e1k, az arany\u00e9rmek\ntekintet\u00e9ben pedig a 2. helyen v\u00e9geztek. <\/strong><\/p>\n\n\n\n<p>AHidv\u00e9gi Georgina, Firtk\u00f3 Ad\u00e9l,\nSimon Gy\u00f6rgyi \u00e9s Sajg\u00f3 L\u00e1szl\u00f3 \u00e1ltal felk\u00e9sz\u00edtett Sportiskol\u00e1sok \u2013 a 32 arany mellett &#8211; 27 ez\u00fcst- \u00e9s 10\nbronz\u00e9remmel t\u00e9rhettek haza a Ny\u00edrs\u00e9g f\u0151v\u00e1ros\u00e1b\u00f3l.<\/p>\n\n\n\n<p>&#8211; Remek\u00fcl szolg\u00e1lta\nfelk\u00e9sz\u00fcl\u00e9s\u00fcnket a ny\u00edregyh\u00e1zi verseny \u2013 fogalmazott <strong><em>Sajg\u00f3 L\u00e1szl\u00f3<\/em><\/strong>\nszakoszt\u00e1lyvezet\u0151. &#8211; K\u00fcl\u00f6n kih\u00edv\u00e1st jelentett a nagysz\u00e1m\u00fa k\u00fclf\u00f6ldi r\u00e9sztvev\u0151. Ennek\nbetudhat\u00f3an nagyon szoros p\u00e1rharcok, er\u0151s futamok alakultak ki a viadal sor\u00e1n, ami\nigaz\u00e1n seg\u00edtette azt, hogy sportol\u00f3ink t\u00f6bbet tapasztalhassanak, ez\u00e1ltal pedig jobb\nversenyz\u0151v\u00e9 v\u00e1ljanak. A k\u00f6z\u00f6s, \u201enagybuszos\u201d utaz\u00e1s a verseny reggel\u00e9n nagy\n\u00e9lm\u00e9ny volt. Ilyen napok\u00e9rt (is) \u00e9rdemes a fiataloknak sportolni, nek\u00fcnk pedig\nedz\u0151i munk\u00e1t v\u00e9gezni. Gratul\u00e1lok minden versenyz\u0151nknek a sz\u00e9p eredm\u00e9nyekhez!\nK\u00f6sz\u00f6n\u00f6m a Sportiskola \u00e9s a sz\u00fcl\u0151k t\u00e1mogat\u00e1s\u00e1t!<\/p>\n\n\n\n<p><strong>A Miskolci Sportiskola dobog\u00f3sai<\/strong><\/p>\n\n\n\n<p><strong>Le\u00e1nyok:<\/strong><\/p>\n\n\n\n<p><strong>2007-es kcs.:<\/strong><\/p>\n\n\n\n<p><strong>50 m gyors: <\/strong>1.B\u00e1nhegyi Brigitta, 28.51 mp<\/p>\n\n\n\n<p><strong>200 m gyors:<\/strong>\n1. B\u00e1nhegyi Brigitta, 2:11.97 perc<\/p>\n\n\n\n<p><strong>100 m gyors:<\/strong>\n1. B\u00e1nhegyi Brigitta, 1:00.75<\/p>\n\n\n\n<p><strong>400 m gyors:<\/strong>\n1. B\u00e1nhegyi Brigitta, 4:37.46<\/p>\n\n\n\n<p><strong>50 m pillang\u00f3:<\/strong> 3. Halasi N\u00f3ra, 33.53<\/p>\n\n\n\n<p><strong>2009-es kcs.: <\/strong><\/p>\n\n\n\n<p><strong>50 m mell:<\/strong>\n2. Kopcs\u00f3 Petra, 34.51 mp<\/p>\n\n\n\n<p><strong>50 m gyors:<\/strong>\n3. Kopcs\u00f3 Petra, 29.53<\/p>\n\n\n\n<p><strong>2010-es kcs.:<\/strong><\/p>\n\n\n\n<p><strong>100 m pillang\u00f3:<\/strong> 1. T\u00f3th Zeng\u0151 Katalin, 1:06.81 perc<\/p>\n\n\n\n<p><strong>200 m gyors:<\/strong>\n1. T\u00f3th Zeng\u0151 Katalin, 2:13.93<\/p>\n\n\n\n<p><strong>50 m h\u00e1t:<\/strong>\n1. T\u00f3th Zeng\u0151 Katalin, 32.42 mp<\/p>\n\n\n\n<p><strong>200 m vegyes:<\/strong> 2. T\u00f3th Zeng\u0151 Katalin, 2:29.63<\/p>\n\n\n\n<p><strong>400 m gyors:<\/strong>\n2. T\u00f3th Zeng\u0151 Katalin, 4:48.04<\/p>\n\n\n\n<p><strong>2011-es kcs.: <\/strong><\/p>\n\n\n\n<p><strong>50 m gyors:<\/strong>\n1. Kiss L\u00e9na, 29.88 mp<\/p>\n\n\n\n<p><strong>50 m h\u00e1t:<\/strong>\n1. Kiss L\u00e9na, 35.09<\/p>\n\n\n\n<p><strong>200 m h\u00e1t:<\/strong>\n1. Kiss L\u00e9na, 2:39.07 perc<\/p>\n\n\n\n<p><strong>100 m gyors:<\/strong>\n2. Kiss L\u00e9na, 1:05.89<\/p>\n\n\n\n<p><strong>100 m h\u00e1t:<\/strong>\n3. Kiss L\u00e9na, 1:13.22<\/p>\n\n\n\n<p><strong>200 m gyors:<\/strong>\n1. \u00dajv\u00e1ri D\u00f3ra Brigitta, 2:22.36<\/p>\n\n\n\n<p><strong>400 m gyors:<\/strong>\n1. \u00dajv\u00e1ri D\u00f3ra Brigitta, 4:59.09<\/p>\n\n\n\n<p><strong>200 m vegyes:<\/strong> 2. \u00dajv\u00e1ri D\u00f3ra Brigitta, 2:38.85<\/p>\n\n\n\n<p><strong>100 m pillang\u00f3:<\/strong> 2. \u00dajv\u00e1ri D\u00f3ra Brigitta, 1:12.51<\/p>\n\n\n\n<p><strong>2012-es kcs.:<\/strong><\/p>\n\n\n\n<p><strong>50 m mell:<\/strong>\n2. Fazekas Dorka, 38.69 mp<\/p>\n\n\n\n<p><strong>200 m gyors:<\/strong>\n2. Fazekas Dorka, 2:25.81 perc<\/p>\n\n\n\n<p><strong>400 m gyors:<\/strong>\n2. Fazekas Dorka, 5:10.51<\/p>\n\n\n\n<p><strong>2013-as kcs.:<\/strong><\/p>\n\n\n\n<p><strong>50 m mell:<\/strong>\n1. M\u00e1rton Tamara 39.92 mp<\/p>\n\n\n\n<p><strong>200 m mell:<\/strong>\n2. M\u00e1rton Tamara, 3:14.02 mp<\/p>\n\n\n\n<p><strong>2014-es kcs.:<\/strong><\/p>\n\n\n\n<p><strong>50 m mell:<\/strong>\n2. Demeter Bella Luca, 41.40 mp<\/p>\n\n\n\n<p><strong>50 m pillang\u00f3:<\/strong> 1. Galambos L\u00e9na, 36.92 mp<\/p>\n\n\n\n<p><strong>100 m pillang\u00f3:<\/strong> 2. Galambos L\u00e9na, 1:28.56 perc<\/p>\n\n\n\n<p><strong>200 m gyors:<\/strong>\n2. Galambos L\u00e9na, 2:40.37<\/p>\n\n\n\n<p><strong>400 m gyors:<\/strong>\n2. Galambos L\u00e9na, 5:37.82<\/p>\n\n\n\n<p><strong>50 m gyors:<\/strong>\n1. Karczag Kira J\u00e1zmin, 31.32<\/p>\n\n\n\n<p><strong>50 m h\u00e1t:<\/strong>\n2. Karczag Kira J\u00e1zmin, 36.78<\/p>\n\n\n\n<p><strong>100 m gyors:<\/strong>\n2. Karczag Kira J\u00e1zmin, 1:10.58 perc<\/p>\n\n\n\n<p><strong>100 m h\u00e1t:<\/strong>\n3. Karczag Kira J\u00e1zmin, 1:22.17<\/p>\n\n\n\n<p><strong>2015-\u00f6s kcs.:<\/strong><\/p>\n\n\n\n<p><strong>50 m mell:<\/strong>\n1. Bern\u00e1th Blanka, 47.42 mp, 2. Guba R\u00e1chel Abig\u00e9l, 49.57<\/p>\n\n\n\n<p><strong>50 m gyors:<\/strong>\n2. Bern\u00e1th Blanka, 38.82<\/p>\n\n\n\n<p><strong>200 m mell:<\/strong>\n1. Guba R\u00e1chel Abig\u00e9l, 3:37.67, 2. Bern\u00e1th Blanka, 3:41.52 perc<\/p>\n\n\n\n<p><strong>100 m gyors:<\/strong>\n3. Bern\u00e1th Blanka, 1:28.09<\/p>\n\n\n\n<p><strong>50 m h\u00e1t:<\/strong>\n1. Guba R\u00e1chel Abig\u00e9l, 47.66<\/p>\n\n\n\n<p><strong>400 m gyors:<\/strong>\n3. Guba R\u00e1chel Abig\u00e9l, 7:04.51<\/p>\n\n\n\n<p><strong>Fi\u00fak:<\/strong><\/p>\n\n\n\n<p><strong>2008-as kcs.:<\/strong><\/p>\n\n\n\n<p><strong>50 m gyors:<\/strong>\n1. Doszpoly Zsombor, 24.59 mp<\/p>\n\n\n\n<p><strong>200 m gyors:<\/strong>\n1. Doszpoly Zsombor, 1:57.82 perc<\/p>\n\n\n\n<p><strong>100 m gyors:<\/strong>\n1. Doszpoly Zsombor, 53.81<\/p>\n\n\n\n<p><strong>400 m gyors:<\/strong>\n2. Doszpoly Zsombor, 4:17.02<\/p>\n\n\n\n<p><strong>2009-es kcs.: <\/strong><\/p>\n\n\n\n<p><strong>50 m h\u00e1t:<\/strong>\n3. Dienes Oliv\u00e9r, 33.52 mp<\/p>\n\n\n\n<p><strong>2010-es kcs.:<\/strong><\/p>\n\n\n\n<p><strong>200 m h\u00e1t:<\/strong>\n1. Galambos \u00c1d\u00e1m, 2:52.42 perc<\/p>\n\n\n\n<p><strong>200 m vegyes:<\/strong> 1. Malahov Kirill, 2:15.31 perc<\/p>\n\n\n\n<p><strong>100 m h\u00e1t:<\/strong>\n1. Malahov Kirill, 1:01.44<\/p>\n\n\n\n<p><strong>50 m h\u00e1t:<\/strong>\n1. Malahov Kirill, 29.53 mp<\/p>\n\n\n\n<p><strong>50 m pillang\u00f3:<\/strong> 1. Malahov Kirill, 27.70<\/p>\n\n\n\n<p><strong>2011-es kcs.: <\/strong><\/p>\n\n\n\n<p><strong>100 m h\u00e1t:<\/strong>\n2. Gerberi Bal\u00e1zs, 1:15.60<\/p>\n\n\n\n<p><strong>50 m gyors:<\/strong>\n2. Kozma \u00c1ron Tam\u00e1s, 29.77 mp<\/p>\n\n\n\n<p><strong>50 m mell:<\/strong>\n2. Kozma \u00c1ron Tam\u00e1s, 38.20<\/p>\n\n\n\n<p><strong>2012-es kcs.:<\/strong><\/p>\n\n\n\n<p><strong>400 m gyors:<\/strong>\n2. T\u00f3th Marcell, 5:10.46<\/p>\n\n\n\n<p><strong>2013-as kcs.: <\/strong><\/p>\n\n\n\n<p><strong>50 m gyors:<\/strong>\n1. Czip\u00f3 Bence J\u00f3zsef, 30.57 mp<\/p>\n\n\n\n<p><strong>100 m h\u00e1t:<\/strong>\n1. Czip\u00f3 Bence J\u00f3zsef, 1:18.67 perc<\/p>\n\n\n\n<p><strong>200 m h\u00e1t:<\/strong>\n1. Czip\u00f3 Bence J\u00f3zsef, 2:44.57<\/p>\n\n\n\n<p><strong>2014-es kcs.:<\/strong><\/p>\n\n\n\n<p><strong>50 m mell:<\/strong>\n3. Lente Marcell Attila, 41.94 mp<\/p>\n\n\n\n<p><strong>50 m h\u00e1t:<\/strong>\n3. Lente Marcell Attila, 44.04<\/p>\n\n\n\n<p><strong>200 m mell:<\/strong>\n3. Lente Marcell Attila, 3:14.34 perc<\/p>\n\n\n\n<p><strong>200 m vegyes:<\/strong> 1. Nagy Marcell P\u00e9ter, 3:01.19<\/p>\n\n\n\n<p><strong>100 m pillang\u00f3:<\/strong> 1. Nagy Marcell P\u00e9ter, 1:27.49<\/p>\n\n\n\n<p><strong>2015-\u00f6s kcs.:<\/strong><\/p>\n\n\n\n<p><strong>50 m h\u00e1t:<\/strong>\n1. M\u00e1rton Patrik, 44.75 mp<\/p>\n\n\n\n<p><strong>50 m mell:<\/strong>\n2. M\u00e1rton Patrik, 46.29<\/p>\n\n\n\n<p><strong>200 m mell:<\/strong>\n2. M\u00e1rton Patrik, 3:29.00 perc<\/p>\n\n\n\n<p><strong>2016-os kcs.:<\/strong><br>\n<strong>50 m mell:<\/strong> 2. M\u00e1rkus Zsombor, 53.65\nmp.<\/p>\n\n\n\n<figure class=\"wp-block-image size-large\"><a href=\"https:\/\/mvsi.hu\/wp-content\/uploads\/2025\/02\/NYSC-csoportk\u00e9p.jpeg\" target=\"_blank\" rel=\"noreferrer noopener\"><img loading=\"lazy\" decoding=\"async\" width=\"1024\" height=\"768\" src=\"https:\/\/mvsi.hu\/wp-content\/uploads\/2025\/02\/NYSC-csoportk\u00e9p-1024x768.jpeg\" alt=\"Ny\u00edregyh\u00e1z\u00e1n, nemzetk\u00f6zi mez\u0151nyben is \u201etaroltak\u201d a Miskolci Sportiskol\u00e1sok\" class=\"wp-image-5186\" srcset=\"https:\/\/mvsi.hu\/wp-content\/uploads\/2025\/02\/NYSC-csoportk\u00e9p-1024x768.jpeg 1024w, https:\/\/mvsi.hu\/wp-content\/uploads\/2025\/02\/NYSC-csoportk\u00e9p-300x225.jpeg 300w, https:\/\/mvsi.hu\/wp-content\/uploads\/2025\/02\/NYSC-csoportk\u00e9p-768x576.jpeg 768w, https:\/\/mvsi.hu\/wp-content\/uploads\/2025\/02\/NYSC-csoportk\u00e9p-1536x1152.jpeg 1536w, https:\/\/mvsi.hu\/wp-content\/uploads\/2025\/02\/NYSC-csoportk\u00e9p-360x270.jpeg 360w, https:\/\/mvsi.hu\/wp-content\/uploads\/2025\/02\/NYSC-csoportk\u00e9p.jpeg 2048w\" sizes=\"auto, (max-width: 1024px) 100vw, 1024px\" \/><\/a><\/figure>\n","protected":false},"excerpt":{"rendered":"<p>A Miskolci Sportiskola \u00fasz\u00f3i febru\u00e1r 15.-\u00e9n, Ny\u00edregyh\u00e1z\u00e1n, a VI. NYSC Kupa nemzetk\u00f6zi versenyen \u00e1lltak rajtk\u0151re. A r\u00e9gen l\u00e1tott n\u00e9pes mez\u0151nyt &#8211; 15 egyes\u00fclet, k\u00f6zel 370 sportol\u00f3ja \u2013 rom\u00e1n, sv\u00e1jci \u00e9s ukr\u00e1n csapatok er\u0151s\u00edtett\u00e9k. A miskolciak a&nbsp; harmadik legnagyobb l\u00e9tsz\u00e1m\u00fa deleg\u00e1ci\u00f3t alkott\u00e1k, az arany\u00e9rmek tekintet\u00e9ben pedig a 2. helyen v\u00e9geztek. AHidv\u00e9gi Georgina, Firtk\u00f3 Ad\u00e9l, Simon Gy\u00f6rgyi [&hellip;]<\/p>\n","protected":false},"author":3,"featured_media":5186,"comment_status":"closed","ping_status":"open","sticky":false,"template":"","format":"standard","meta":{"footnotes":""},"categories":[164],"tags":[],"class_list":["post-5185","post","type-post","status-publish","format-standard","has-post-thumbnail","hentry","category-uszas"],"_links":{"self":[{"href":"https:\/\/mvsi.hu\/index.php?rest_route=\/wp\/v2\/posts\/5185","targetHints":{"allow":["GET"]}}],"collection":[{"href":"https:\/\/mvsi.hu\/index.php?rest_route=\/wp\/v2\/posts"}],"about":[{"href":"https:\/\/mvsi.hu\/index.php?rest_route=\/wp\/v2\/types\/post"}],"author":[{"embeddable":true,"href":"https:\/\/mvsi.hu\/index.php?rest_route=\/wp\/v2\/users\/3"}],"replies":[{"embeddable":true,"href":"https:\/\/mvsi.hu\/index.php?rest_route=%2Fwp%2Fv2%2Fcomments&post=5185"}],"version-history":[{"count":1,"href":"https:\/\/mvsi.hu\/index.php?rest_route=\/wp\/v2\/posts\/5185\/revisions"}],"predecessor-version":[{"id":5187,"href":"https:\/\/mvsi.hu\/index.php?rest_route=\/wp\/v2\/posts\/5185\/revisions\/5187"}],"wp:featuredmedia":[{"embeddable":true,"href":"https:\/\/mvsi.hu\/index.php?rest_route=\/wp\/v2\/media\/5186"}],"wp:attachment":[{"href":"https:\/\/mvsi.hu\/index.php?rest_route=%2Fwp%2Fv2%2Fmedia&parent=5185"}],"wp:term":[{"taxonomy":"category","embeddable":true,"href":"https:\/\/mvsi.hu\/index.php?rest_route=%2Fwp%2Fv2%2Fcategories&post=5185"},{"taxonomy":"post_tag","embeddable":true,"href":"https:\/\/mvsi.hu\/index.php?rest_route=%2Fwp%2Fv2%2Ftags&post=5185"}],"curies":[{"name":"wp","href":"https:\/\/api.w.org\/{rel}","templated":true}]}}