{"id":5205,"date":"2025-03-05T07:46:48","date_gmt":"2025-03-05T07:46:48","guid":{"rendered":"http:\/\/mvsi.hu\/?p=5205"},"modified":"2025-03-05T07:46:48","modified_gmt":"2025-03-05T07:46:48","slug":"majoros-mate-ob-ezustot-gyalogolt","status":"publish","type":"post","link":"https:\/\/mvsi.hu\/?p=5205","title":{"rendered":"Majoros M\u00e1t\u00e9 ob-ez\u00fcst\u00f6t gyalogolt"},"content":{"rendered":"\n<p>A m\u00e1rcius 1-2-\u00e9n, Ny\u00edregyh\u00e1z\u00e1n megrendezett U18-U20\nkoroszt\u00e1lyos fedettp\u00e1ly\u00e1s atl\u00e9tikai orsz\u00e1gos bajnoks\u00e1gon a Miskolci Sportiskola\ngyalogl\u00f3i is rajthoz \u00e1lltak. Sz\u0171cs J\u00f3zsef tan\u00edtv\u00e1nyai k\u00f6z\u00fcl Majoros M\u00e1t\u00e9 volt a\nlegsikeresebb, ez\u00fcst\u00e9rmet harcolt ki.<\/p>\n\n\n\n<p><strong>Eredm\u00e9nyek<\/strong><\/p>\n\n\n\n<p><strong>Fi\u00fak, 5000 m\ngyalogl\u00e1s:<\/strong> 2. Majoros M\u00e1t\u00e9, 26:29.36 perc<\/p>\n\n\n\n<p><strong>Le\u00e1nyok, 3000 m gyalogl\u00e1s:<\/strong> 4. Kocsis Vanda, 18:30.78, 5. B\u00f3dis Eliza Edit, 19:12.41.<\/p>\n\n\n\n<figure class=\"wp-block-gallery columns-2 is-cropped wp-block-gallery-1 is-layout-flex wp-block-gallery-is-layout-flex\"><ul class=\"blocks-gallery-grid\"><li class=\"blocks-gallery-item\"><figure><a href=\"https:\/\/mvsi.hu\/wp-content\/uploads\/2025\/03\/af3fc0d2-ada5-4fc5-b800-001165b1e831.jpg\"><img loading=\"lazy\" decoding=\"async\" width=\"1024\" height=\"768\" src=\"https:\/\/mvsi.hu\/wp-content\/uploads\/2025\/03\/af3fc0d2-ada5-4fc5-b800-001165b1e831-1024x768.jpg\" alt=\"\" data-id=\"5207\" data-full-url=\"https:\/\/mvsi.hu\/wp-content\/uploads\/2025\/03\/af3fc0d2-ada5-4fc5-b800-001165b1e831.jpg\" data-link=\"https:\/\/mvsi.hu\/?attachment_id=5207\" class=\"wp-image-5207\" srcset=\"https:\/\/mvsi.hu\/wp-content\/uploads\/2025\/03\/af3fc0d2-ada5-4fc5-b800-001165b1e831-1024x768.jpg 1024w, https:\/\/mvsi.hu\/wp-content\/uploads\/2025\/03\/af3fc0d2-ada5-4fc5-b800-001165b1e831-300x225.jpg 300w, https:\/\/mvsi.hu\/wp-content\/uploads\/2025\/03\/af3fc0d2-ada5-4fc5-b800-001165b1e831-768x576.jpg 768w, https:\/\/mvsi.hu\/wp-content\/uploads\/2025\/03\/af3fc0d2-ada5-4fc5-b800-001165b1e831-1536x1152.jpg 1536w, https:\/\/mvsi.hu\/wp-content\/uploads\/2025\/03\/af3fc0d2-ada5-4fc5-b800-001165b1e831-360x270.jpg 360w, https:\/\/mvsi.hu\/wp-content\/uploads\/2025\/03\/af3fc0d2-ada5-4fc5-b800-001165b1e831.jpg 2048w\" sizes=\"auto, (max-width: 1024px) 100vw, 1024px\" \/><\/a><\/figure><\/li><li class=\"blocks-gallery-item\"><figure><a href=\"https:\/\/mvsi.hu\/wp-content\/uploads\/2025\/03\/e2e53d5b-7608-4827-b071-659ec2beb816.jpg\"><img loading=\"lazy\" decoding=\"async\" width=\"1024\" height=\"768\" src=\"https:\/\/mvsi.hu\/wp-content\/uploads\/2025\/03\/e2e53d5b-7608-4827-b071-659ec2beb816-1024x768.jpg\" alt=\"\" data-id=\"5206\" data-full-url=\"https:\/\/mvsi.hu\/wp-content\/uploads\/2025\/03\/e2e53d5b-7608-4827-b071-659ec2beb816.jpg\" data-link=\"https:\/\/mvsi.hu\/?attachment_id=5206\" class=\"wp-image-5206\" srcset=\"https:\/\/mvsi.hu\/wp-content\/uploads\/2025\/03\/e2e53d5b-7608-4827-b071-659ec2beb816-1024x768.jpg 1024w, https:\/\/mvsi.hu\/wp-content\/uploads\/2025\/03\/e2e53d5b-7608-4827-b071-659ec2beb816-300x225.jpg 300w, https:\/\/mvsi.hu\/wp-content\/uploads\/2025\/03\/e2e53d5b-7608-4827-b071-659ec2beb816-768x576.jpg 768w, https:\/\/mvsi.hu\/wp-content\/uploads\/2025\/03\/e2e53d5b-7608-4827-b071-659ec2beb816-1536x1152.jpg 1536w, https:\/\/mvsi.hu\/wp-content\/uploads\/2025\/03\/e2e53d5b-7608-4827-b071-659ec2beb816-360x270.jpg 360w, https:\/\/mvsi.hu\/wp-content\/uploads\/2025\/03\/e2e53d5b-7608-4827-b071-659ec2beb816.jpg 2048w\" sizes=\"auto, (max-width: 1024px) 100vw, 1024px\" \/><\/a><\/figure><\/li><\/ul><\/figure>\n","protected":false},"excerpt":{"rendered":"<p>A m\u00e1rcius 1-2-\u00e9n, Ny\u00edregyh\u00e1z\u00e1n megrendezett U18-U20 koroszt\u00e1lyos fedettp\u00e1ly\u00e1s atl\u00e9tikai orsz\u00e1gos bajnoks\u00e1gon a Miskolci Sportiskola gyalogl\u00f3i is rajthoz \u00e1lltak. Sz\u0171cs J\u00f3zsef tan\u00edtv\u00e1nyai k\u00f6z\u00fcl Majoros M\u00e1t\u00e9 volt a legsikeresebb, ez\u00fcst\u00e9rmet harcolt ki. Eredm\u00e9nyek Fi\u00fak, 5000 m gyalogl\u00e1s: 2. Majoros M\u00e1t\u00e9, 26:29.36 perc Le\u00e1nyok, 3000 m gyalogl\u00e1s: 4. Kocsis Vanda, 18:30.78, 5. B\u00f3dis Eliza Edit, 19:12.41.<\/p>\n","protected":false},"author":3,"featured_media":5206,"comment_status":"closed","ping_status":"open","sticky":false,"template":"","format":"standard","meta":{"footnotes":""},"categories":[151],"tags":[],"class_list":["post-5205","post","type-post","status-publish","format-standard","has-post-thumbnail","hentry","category-atletika"],"_links":{"self":[{"href":"https:\/\/mvsi.hu\/index.php?rest_route=\/wp\/v2\/posts\/5205","targetHints":{"allow":["GET"]}}],"collection":[{"href":"https:\/\/mvsi.hu\/index.php?rest_route=\/wp\/v2\/posts"}],"about":[{"href":"https:\/\/mvsi.hu\/index.php?rest_route=\/wp\/v2\/types\/post"}],"author":[{"embeddable":true,"href":"https:\/\/mvsi.hu\/index.php?rest_route=\/wp\/v2\/users\/3"}],"replies":[{"embeddable":true,"href":"https:\/\/mvsi.hu\/index.php?rest_route=%2Fwp%2Fv2%2Fcomments&post=5205"}],"version-history":[{"count":1,"href":"https:\/\/mvsi.hu\/index.php?rest_route=\/wp\/v2\/posts\/5205\/revisions"}],"predecessor-version":[{"id":5208,"href":"https:\/\/mvsi.hu\/index.php?rest_route=\/wp\/v2\/posts\/5205\/revisions\/5208"}],"wp:featuredmedia":[{"embeddable":true,"href":"https:\/\/mvsi.hu\/index.php?rest_route=\/wp\/v2\/media\/5206"}],"wp:attachment":[{"href":"https:\/\/mvsi.hu\/index.php?rest_route=%2Fwp%2Fv2%2Fmedia&parent=5205"}],"wp:term":[{"taxonomy":"category","embeddable":true,"href":"https:\/\/mvsi.hu\/index.php?rest_route=%2Fwp%2Fv2%2Fcategories&post=5205"},{"taxonomy":"post_tag","embeddable":true,"href":"https:\/\/mvsi.hu\/index.php?rest_route=%2Fwp%2Fv2%2Ftags&post=5205"}],"curies":[{"name":"wp","href":"https:\/\/api.w.org\/{rel}","templated":true}]}}