{"id":5213,"date":"2025-03-12T07:24:04","date_gmt":"2025-03-12T07:24:04","guid":{"rendered":"http:\/\/mvsi.hu\/?p=5213"},"modified":"2025-03-12T07:24:45","modified_gmt":"2025-03-12T07:24:45","slug":"miskolci-tornasz-sikerek-a-fovarosban","status":"publish","type":"post","link":"https:\/\/mvsi.hu\/?p=5213","title":{"rendered":"Miskolci torn\u00e1sz-sikerek a f\u0151v\u00e1rosban"},"content":{"rendered":"\n<p>A Miskolci Sportiskola torna szakoszt\u00e1ly\u00e1nak\nversenyz\u0151i m\u00e1rcius 8-9-\u00e9n, Budapesten, az Orsz\u00e1gos Vid\u00e9k Bajnoks\u00e1gon vettek\nr\u00e9szt. Drask\u00f3czy G\u00e1bor fi\u00fa tan\u00edtv\u00e1nyai \u00e9s a Tar Mikl\u00f3s \u00e1ltal felk\u00e9sz\u00edtett\nle\u00e1nyok egyar\u00e1nt kiemelked\u0151 eredm\u00e9nyeket \u00e9rtek el.<\/p>\n\n\n\n<p><strong>Eredm\u00e9nyek<\/strong><\/p>\n\n\n\n<p><strong>Fi\u00fak, II. o.:<\/strong><\/p>\n\n\n\n<p><strong>Serd\u00fcl\u0151 kcs., csapat:<\/strong> 3. Miskolci Sportiskola (Mur\u00e1nyi M\u00e1rk Noel, Varga\nSimon,<br>\nV\u00e1radi Gerg\u0151, F\u00e1bi\u00e1n Bern\u00e1t)<br>\n<strong>Ifj\u00fas\u00e1gi\nkcs., csapat:<\/strong> 2. Miskolci Sporiskola\n&#8222;A&#8221; (Bolha \u00c1ron, Mur\u00e1nyi Bence J\u00e1nos), \u20264. Miskolci Sportiskola\n&#8222;B&#8221; (Zsofcs\u00e1k Botond, Gy\u0151ri Andr\u00e1s B\u00e1lint)<\/p>\n\n\n\n<p><strong>Ifj\u00fas\u00e1gi kcs., egy\u00e9ni \u00f6sszetett:<\/strong> 5. Bolha \u00c1ron, 6. Gy\u0151ri Andr\u00e1s B\u00e1lint, 7. Zsofcs\u00e1k Botond, 8. Mur\u00e1nyi Bence J\u00e1nos<br> <br> <strong>Le\u00e1nyok, II. o.:<\/strong><br> <strong>Feln\u0151tt kcs., csapatbajnoks\u00e1g:<\/strong> 2. Miskolci Sportiskola (Czinege Brigitta, Z\u00e1gonyi Kitti)<br> <strong>Egy\u00e9ni \u00f6sszetett:<\/strong> 5. Czinege Brigitta MSI 40,90 pont<br> <strong>Szerenk\u00e9nti verseny, korl\u00e1t:<\/strong> 2. Czinege Brigitta. <strong>Ugr\u00e1s:<\/strong> 4. Z\u00e1gonyi Kitti<strong>Ifj\u00fas\u00e1gi kcs., csapatbajnoks\u00e1g:<\/strong> 6. Miskolci Sportiskola<br><strong>Egy\u00e9ni \u00f6sszetett:<\/strong> 2. D\u00e1nyi Eszter<br><strong>Szerenk\u00e9nti verseny, korl\u00e1t:<\/strong> 3. D\u00e1nyi Eszter. Talaj:\u00a0 1. D\u00e1nyi Eszter<br><strong>Serd\u00fcl\u0151 kcs., csapatbajnoks\u00e1g:<\/strong> 8. Miskolci Sportiskola &#8222;A&#8221;, \u202614. Miskolci Sportiskola &#8222;B\u201d.<\/p>\n\n\n\n<figure class=\"wp-block-gallery columns-3 is-cropped wp-block-gallery-1 is-layout-flex wp-block-gallery-is-layout-flex\"><ul class=\"blocks-gallery-grid\"><li class=\"blocks-gallery-item\"><figure><a href=\"https:\/\/mvsi.hu\/wp-content\/uploads\/2025\/03\/MSI-ifj\u00fas\u00e1gi-egy\u00e9ni-scaled.jpg\"><img loading=\"lazy\" decoding=\"async\" width=\"1024\" height=\"768\" src=\"https:\/\/mvsi.hu\/wp-content\/uploads\/2025\/03\/MSI-ifj\u00fas\u00e1gi-egy\u00e9ni-1024x768.jpg\" alt=\"Az ifj\u00fas\u00e1gi egy\u00e9ni \u00f6sszetettben 5. Bolha \u00c1ron, 6. Gy\u0151ri Andr\u00e1s B\u00e1lint.\" data-id=\"5214\" data-full-url=\"https:\/\/mvsi.hu\/wp-content\/uploads\/2025\/03\/MSI-ifj\u00fas\u00e1gi-egy\u00e9ni-scaled.jpg\" data-link=\"https:\/\/mvsi.hu\/?attachment_id=5214\" class=\"wp-image-5214\" srcset=\"https:\/\/mvsi.hu\/wp-content\/uploads\/2025\/03\/MSI-ifj\u00fas\u00e1gi-egy\u00e9ni-1024x768.jpg 1024w, https:\/\/mvsi.hu\/wp-content\/uploads\/2025\/03\/MSI-ifj\u00fas\u00e1gi-egy\u00e9ni-300x225.jpg 300w, https:\/\/mvsi.hu\/wp-content\/uploads\/2025\/03\/MSI-ifj\u00fas\u00e1gi-egy\u00e9ni-768x576.jpg 768w, https:\/\/mvsi.hu\/wp-content\/uploads\/2025\/03\/MSI-ifj\u00fas\u00e1gi-egy\u00e9ni-1536x1152.jpg 1536w, https:\/\/mvsi.hu\/wp-content\/uploads\/2025\/03\/MSI-ifj\u00fas\u00e1gi-egy\u00e9ni-2048x1536.jpg 2048w, https:\/\/mvsi.hu\/wp-content\/uploads\/2025\/03\/MSI-ifj\u00fas\u00e1gi-egy\u00e9ni-360x270.jpg 360w\" sizes=\"auto, (max-width: 1024px) 100vw, 1024px\" \/><\/a><figcaption class=\"blocks-gallery-item__caption\">Az ifj\u00fas\u00e1gi egy\u00e9ni \u00f6sszetettben 5. Bolha \u00c1ron, 6. Gy\u0151ri Andr\u00e1s B\u00e1lint.<\/figcaption><\/figure><\/li><li class=\"blocks-gallery-item\"><figure><a href=\"https:\/\/mvsi.hu\/wp-content\/uploads\/2025\/03\/MSI-Ifj\u00fas\u00e1gi-csapat-scaled.jpg\"><img loading=\"lazy\" decoding=\"async\" width=\"1024\" height=\"768\" src=\"https:\/\/mvsi.hu\/wp-content\/uploads\/2025\/03\/MSI-Ifj\u00fas\u00e1gi-csapat-1024x768.jpg\" alt=\"Az ifj\u00fas\u00e1gi fi\u00fa \u201eA\u201d csapat a dobog\u00f3 2. fok\u00e1n: Bolha \u00c1ron (balr\u00f3l), Mur\u00e1nyi Bence J\u00e1nos.\" data-id=\"5215\" data-full-url=\"https:\/\/mvsi.hu\/wp-content\/uploads\/2025\/03\/MSI-Ifj\u00fas\u00e1gi-csapat-scaled.jpg\" data-link=\"https:\/\/mvsi.hu\/?attachment_id=5215\" class=\"wp-image-5215\" srcset=\"https:\/\/mvsi.hu\/wp-content\/uploads\/2025\/03\/MSI-Ifj\u00fas\u00e1gi-csapat-1024x768.jpg 1024w, https:\/\/mvsi.hu\/wp-content\/uploads\/2025\/03\/MSI-Ifj\u00fas\u00e1gi-csapat-300x225.jpg 300w, https:\/\/mvsi.hu\/wp-content\/uploads\/2025\/03\/MSI-Ifj\u00fas\u00e1gi-csapat-768x576.jpg 768w, https:\/\/mvsi.hu\/wp-content\/uploads\/2025\/03\/MSI-Ifj\u00fas\u00e1gi-csapat-1536x1152.jpg 1536w, https:\/\/mvsi.hu\/wp-content\/uploads\/2025\/03\/MSI-Ifj\u00fas\u00e1gi-csapat-2048x1536.jpg 2048w, https:\/\/mvsi.hu\/wp-content\/uploads\/2025\/03\/MSI-Ifj\u00fas\u00e1gi-csapat-360x270.jpg 360w\" sizes=\"auto, (max-width: 1024px) 100vw, 1024px\" \/><\/a><figcaption class=\"blocks-gallery-item__caption\">Az ifj\u00fas\u00e1gi fi\u00fa \u201eA\u201d csapat a dobog\u00f3 2. fok\u00e1n: Bolha \u00c1ron (balr\u00f3l), Mur\u00e1nyi Bence J\u00e1nos.<\/figcaption><\/figure><\/li><li class=\"blocks-gallery-item\"><figure><a href=\"https:\/\/mvsi.hu\/wp-content\/uploads\/2025\/03\/MSI-serd\u00fcl\u0151-csapat.jpeg\"><img loading=\"lazy\" decoding=\"async\" width=\"1024\" height=\"768\" src=\"https:\/\/mvsi.hu\/wp-content\/uploads\/2025\/03\/MSI-serd\u00fcl\u0151-csapat-1024x768.jpeg\" alt=\"A dobog\u00f3 3. fok\u00e1n a serd\u00fcl\u0151 fi\u00fa csapat: Varga Simon (balr\u00f3l), V\u00e1radi Gerg\u0151, Mur\u00e1nyi M\u00e1rk Noel, F\u00e1bi\u00e1n Bern\u00e1t.\" data-id=\"5216\" data-full-url=\"https:\/\/mvsi.hu\/wp-content\/uploads\/2025\/03\/MSI-serd\u00fcl\u0151-csapat.jpeg\" data-link=\"https:\/\/mvsi.hu\/?attachment_id=5216\" class=\"wp-image-5216\" srcset=\"https:\/\/mvsi.hu\/wp-content\/uploads\/2025\/03\/MSI-serd\u00fcl\u0151-csapat-1024x768.jpeg 1024w, https:\/\/mvsi.hu\/wp-content\/uploads\/2025\/03\/MSI-serd\u00fcl\u0151-csapat-300x225.jpeg 300w, https:\/\/mvsi.hu\/wp-content\/uploads\/2025\/03\/MSI-serd\u00fcl\u0151-csapat-768x576.jpeg 768w, https:\/\/mvsi.hu\/wp-content\/uploads\/2025\/03\/MSI-serd\u00fcl\u0151-csapat-1536x1152.jpeg 1536w, https:\/\/mvsi.hu\/wp-content\/uploads\/2025\/03\/MSI-serd\u00fcl\u0151-csapat-360x270.jpeg 360w, https:\/\/mvsi.hu\/wp-content\/uploads\/2025\/03\/MSI-serd\u00fcl\u0151-csapat.jpeg 2048w\" sizes=\"auto, (max-width: 1024px) 100vw, 1024px\" \/><\/a><figcaption class=\"blocks-gallery-item__caption\">A dobog\u00f3 3. fok\u00e1n a serd\u00fcl\u0151 fi\u00fa csapat: Varga Simon (balr\u00f3l), V\u00e1radi Gerg\u0151, Mur\u00e1nyi M\u00e1rk Noel, F\u00e1bi\u00e1n Bern\u00e1t.<\/figcaption><\/figure><\/li><\/ul><\/figure>\n","protected":false},"excerpt":{"rendered":"<p>A Miskolci Sportiskola torna szakoszt\u00e1ly\u00e1nak versenyz\u0151i m\u00e1rcius 8-9-\u00e9n, Budapesten, az Orsz\u00e1gos Vid\u00e9k Bajnoks\u00e1gon vettek r\u00e9szt. Drask\u00f3czy G\u00e1bor fi\u00fa tan\u00edtv\u00e1nyai \u00e9s a Tar Mikl\u00f3s \u00e1ltal felk\u00e9sz\u00edtett le\u00e1nyok egyar\u00e1nt kiemelked\u0151 eredm\u00e9nyeket \u00e9rtek el. Eredm\u00e9nyek Fi\u00fak, II. o.: Serd\u00fcl\u0151 kcs., csapat: 3. Miskolci Sportiskola (Mur\u00e1nyi M\u00e1rk Noel, Varga Simon, V\u00e1radi Gerg\u0151, F\u00e1bi\u00e1n Bern\u00e1t) Ifj\u00fas\u00e1gi kcs., csapat: 2. Miskolci [&hellip;]<\/p>\n","protected":false},"author":3,"featured_media":5215,"comment_status":"closed","ping_status":"open","sticky":false,"template":"","format":"standard","meta":{"footnotes":""},"categories":[163],"tags":[],"class_list":["post-5213","post","type-post","status-publish","format-standard","has-post-thumbnail","hentry","category-torna"],"_links":{"self":[{"href":"https:\/\/mvsi.hu\/index.php?rest_route=\/wp\/v2\/posts\/5213","targetHints":{"allow":["GET"]}}],"collection":[{"href":"https:\/\/mvsi.hu\/index.php?rest_route=\/wp\/v2\/posts"}],"about":[{"href":"https:\/\/mvsi.hu\/index.php?rest_route=\/wp\/v2\/types\/post"}],"author":[{"embeddable":true,"href":"https:\/\/mvsi.hu\/index.php?rest_route=\/wp\/v2\/users\/3"}],"replies":[{"embeddable":true,"href":"https:\/\/mvsi.hu\/index.php?rest_route=%2Fwp%2Fv2%2Fcomments&post=5213"}],"version-history":[{"count":1,"href":"https:\/\/mvsi.hu\/index.php?rest_route=\/wp\/v2\/posts\/5213\/revisions"}],"predecessor-version":[{"id":5217,"href":"https:\/\/mvsi.hu\/index.php?rest_route=\/wp\/v2\/posts\/5213\/revisions\/5217"}],"wp:featuredmedia":[{"embeddable":true,"href":"https:\/\/mvsi.hu\/index.php?rest_route=\/wp\/v2\/media\/5215"}],"wp:attachment":[{"href":"https:\/\/mvsi.hu\/index.php?rest_route=%2Fwp%2Fv2%2Fmedia&parent=5213"}],"wp:term":[{"taxonomy":"category","embeddable":true,"href":"https:\/\/mvsi.hu\/index.php?rest_route=%2Fwp%2Fv2%2Fcategories&post=5213"},{"taxonomy":"post_tag","embeddable":true,"href":"https:\/\/mvsi.hu\/index.php?rest_route=%2Fwp%2Fv2%2Ftags&post=5213"}],"curies":[{"name":"wp","href":"https:\/\/api.w.org\/{rel}","templated":true}]}}