{"id":5245,"date":"2025-04-30T07:19:04","date_gmt":"2025-04-30T07:19:04","guid":{"rendered":"http:\/\/mvsi.hu\/?p=5245"},"modified":"2025-05-05T06:13:02","modified_gmt":"2025-05-05T06:13:02","slug":"a-miskolci-sportiskolasok-kivaloan-teljesitettek-debrecenben","status":"publish","type":"post","link":"https:\/\/mvsi.hu\/?p=5245","title":{"rendered":"A Miskolci Sportiskol\u00e1sok kiv\u00e1l\u00f3an teljes\u00edtettek Debrecenben"},"content":{"rendered":"\n<p>A Miskolci Sportiskola\n\u00fasz\u00e1s szakoszt\u00e1ly\u00e1nak 53 sportol\u00f3ja \u00e1prilis 26-27-\u00e9n Debrecenben, a Haj\u00f3s\nAlfr\u00e9d Kupa II. fordul\u00f3j\u00e1n \u00e1lltak rajtk\u0151re, ahol 6 koroszt\u00e1lyos kateg\u00f3ri\u00e1ban\nm\u00e9rt\u00e9k \u00f6ssze tud\u00e1sukat a nevez\u0151k. A versenysorozat aktu\u00e1lis \u00e1llom\u00e1sa hatalmas\n\u00e9rdekl\u0151d\u00e9s mellett zajlott, hiszen k\u00f6zel 40 egyes\u00fclet, \u00f6sszesen 659 sportol\u00f3ja vett\nr\u00e9szt az esem\u00e9nyen. A 2014-ben sz\u00fcletettek \u00e9s id\u0151sebbek el\u0151futam-d\u00f6nt\u0151\nrendszerben, m\u00edg a fiatalabbak id\u0151futamos lebonyol\u00edt\u00e1sban bizony\u00edthattak. A sportiskol\u00e1sok\nez\u00fattal is alaposan kitettek maguk\u00e9rt, hiszen az \u00e9remt\u00e1bl\u00e1zaton az el\u0151kel\u0151 3.\nhelyen v\u00e9geztek, \u00f6sszesen 43 med\u00e1lt, ebb\u0151l 17 aranyat, 12 ez\u00fcst\u00f6t, illetve 14\nbronzot begy\u0171jtve.<\/p>\n\n\n\n<p><strong>A Miskolci Sportiskola dobog\u00f3sai:<\/strong><\/p>\n\n\n\n<p><strong>Fi\u00fak<\/strong><\/p>\n\n\n\n<p><strong>A-kateg\u00f3ria:<\/strong><\/p>\n\n\n\n<p><strong>100 m gyors:<\/strong> 1. Doszpoly Zsombor, 52.13 mp<\/p>\n\n\n\n<p><strong>200 m gyors:<\/strong> 1. Doszpoly Zsombor, 1:55.42 perc<\/p>\n\n\n\n<p><strong>800 m gyors:<\/strong> 1. Doszpoly Zsombor, 8:52.20<\/p>\n\n\n\n<p><strong>50 m gyors:<\/strong> 1. Doszpoly Zsombor, 23.90<\/p>\n\n\n\n<p><strong>400 m gyors:<\/strong> 2. Doszpoly Zsombor, 4:12.69<\/p>\n\n\n\n<p><strong>50 m h\u00e1t:<\/strong> 2. Doszpoly Zsombor, 27.81<\/p>\n\n\n\n<p><strong>50 m pillang\u00f3:<\/strong> 3. Doszpoly Zsombor, 26.43<\/p>\n\n\n\n<p><strong>B-kateg\u00f3ria:<\/strong><\/p>\n\n\n\n<p><strong>50 m h\u00e1t:<\/strong> 1. Malahov Kirill, 29.31<\/p>\n\n\n\n<p><strong>50 m pillang\u00f3:<\/strong> 1. Malahov Kirill, 26.28<\/p>\n\n\n\n<p><strong>200 m gyors:<\/strong> 2. Malahov Kirill, 1:58.84<\/p>\n\n\n\n<p><strong>100 m gyors:<\/strong> 3. Malahov Kirill, 56.43<\/p>\n\n\n\n<p><strong>50 m mell:<\/strong> 3. Malahov Kirill, 32.46<\/p>\n\n\n\n<p><strong>200 m vegyes:<\/strong> 3. Limbek L\u00e1z\u00e1r, 2:22.15<\/p>\n\n\n\n<p><strong>C-kateg\u00f3ria:<\/strong><\/p>\n\n\n\n<p><strong>50 m gyors:<\/strong> 3. Kozma \u00c1ron Tam\u00e1s, 28.97<\/p>\n\n\n\n<p><strong>D-kateg\u00f3ria:<\/strong><strong><\/strong><\/p>\n\n\n\n<p><strong>200 m h\u00e1t:<\/strong> 1. &nbsp;Czip\u00f3 Bence J\u00f3zsef, 2:36.18<\/p>\n\n\n\n<p><strong>50 m pillang\u00f3:<\/strong> 1. &nbsp;Czip\u00f3 Bence J\u00f3zsef, 31.46<\/p>\n\n\n\n<p><strong>100 m h\u00e1t:<\/strong> 1. &nbsp;Czip\u00f3 Bence J\u00f3zsef, 1:11.83<\/p>\n\n\n\n<p><strong>50 m gyors:<\/strong> 2. &nbsp;Czip\u00f3 Bence J\u00f3zsef, 29.87<\/p>\n\n\n\n<p><strong>200 m mell:<\/strong> 3. &nbsp;Czip\u00f3 Bence J\u00f3zsef, 2:58.51<\/p>\n\n\n\n<p><strong>E-kateg\u00f3ria:<\/strong><\/p>\n\n\n\n<p><strong>50 m mell:<\/strong> 1. Kov\u00e1cs \u00c1rmin, 49.27<\/p>\n\n\n\n<p><strong>50 m h\u00e1t:<\/strong> 1. Kov\u00e1cs \u00c1rmin, 41.49<\/p>\n\n\n\n<p><strong>50 m gyors:<\/strong> 1. Kov\u00e1cs \u00c1rmin, 35.78<\/p>\n\n\n\n<p><strong>100 m gyors:<\/strong> 2. Kov\u00e1cs \u00c1rmin, 1:19.94<\/p>\n\n\n\n<p><strong>50 m pillang\u00f3:<\/strong> 2. Kov\u00e1cs \u00c1rmin, 42.45<\/p>\n\n\n\n<p><strong>Le\u00e1nyok<\/strong><\/p>\n\n\n\n<p><strong>A-kateg\u00f3ria:<\/strong><\/p>\n\n\n\n<p><strong>50 m mell:<\/strong> 1. Hornyik Panna, 37.51 mp<\/p>\n\n\n\n<p><strong>200 m mell:<\/strong> 1. Hornyik Panna, 2:54.96 perc<\/p>\n\n\n\n<p><strong>100 m mell:<\/strong> 2. Hornyik Panna, 1:21.65<\/p>\n\n\n\n<p><strong>200 m gyors:<\/strong> 2. B\u00e1nhegyi Brigitta, 2:10.76, 3.&nbsp; Fogarasi Janka, 2:16.64<\/p>\n\n\n\n<p><strong>100 m gyors:<\/strong> 3. B\u00e1nhegyi Brigitta, 1:00.56<\/p>\n\n\n\n<p><strong>200 m vegyes:<\/strong> 3. B\u00e1nhegyi Brigitta, 2:36.48<\/p>\n\n\n\n<p><strong>50 m gyors:<\/strong> 3. B\u00e1nhegyi Brigitta, 28.60<\/p>\n\n\n\n<p><strong>100 m h\u00e1t:<\/strong> 2. Fogarasi Janka, 1:09.66<\/p>\n\n\n\n<p><strong>B-kateg\u00f3ria:<\/strong><strong><\/strong><\/p>\n\n\n\n<p><strong>200 m mell:<\/strong> 1. Kopcs\u00f3 Petra, 2:42.50<\/p>\n\n\n\n<p><strong>100 m mell:<\/strong> 1. Kopcs\u00f3 Petra, 1:14.86<\/p>\n\n\n\n<p><strong>50 m mell:<\/strong> 2. Kopcs\u00f3 Petra, 34.17 mp<\/p>\n\n\n\n<p><strong>50 m gyors:<\/strong> 2. T\u00f3th Zeng\u0151 Katalin, 28.10 mp<\/p>\n\n\n\n<p><strong>C-kateg\u00f3ria:<\/strong><strong><\/strong><\/p>\n\n\n\n<p><strong>50 m h\u00e1t:<\/strong> 3. Kiss L\u00e9na, 34.26 mp<\/p>\n\n\n\n<p><strong>D-kateg\u00f3ria:<\/strong><strong><\/strong><\/p>\n\n\n\n<p><strong>50 m h\u00e1t:<\/strong> 2.&nbsp;\nKarczag Kira J\u00e1zmin, 36.17 mp<\/p>\n\n\n\n<p><strong>50 m mell:<\/strong> 3. Demeter Bella Luca, 39.31 mp<\/p>\n\n\n\n<p><strong>E-kateg\u00f3ria:<\/strong><strong><\/strong><\/p>\n\n\n\n<p><strong>50 m h\u00e1t:<\/strong> 1. Gombos Hanna, 40.82 mp<\/p>\n\n\n\n<p><strong>50 m mell:<\/strong> 3. Guba R\u00e1chel Abig\u00e9l, 45,25<\/p>\n\n\n\n<p><strong>100 m mell:<\/strong> 2. &nbsp;Guba R\u00e1chel Abig\u00e9l, 1:39.44.<\/p>\n\n\n\n<p><strong>D\u00f6nt\u0151be jutott, illetve az id\u0151futamos\nlebonyol\u00edt\u00e1sban legjobb 8-k\u00f6z\u00f6tt v\u00e9gzett miskolci sportol\u00f3k:<\/strong><strong><\/strong><\/p>\n\n\n\n<p>Juhos Patrik (5\nsz\u00e1mban d\u00f6nt\u0151), Dienes Oliv\u00e9r (5 sz\u00e1mban d\u00f6nt\u0151), Halasi Lili (4 sz\u00e1mban d\u00f6nt\u0151),\nFazekas Dorka (4 sz\u00e1mban d\u00f6nt\u0151), Halasi N\u00f3ra (3 sz\u00e1mban d\u00f6nt\u0151), Mikl\u00f3s Janka (3\nsz\u00e1mban d\u00f6nt\u0151), Hal\u00e1sz Hanna (3 sz\u00e1mban d\u00f6nt\u0151), Lente Marcell Attila (3 sz\u00e1mban\nd\u00f6nt\u0151), Lupkovics L\u00e1z\u00e1r (2 sz\u00e1mban d\u00f6nt\u0151), L\u00e9port Szell\u0151 Bor\u00f3ka (2 sz\u00e1mban\nd\u00f6nt\u0151), Galambos L\u00e9na (2 sz\u00e1mban d\u00f6nt\u0151),K\u00e1rp\u00e1ti Luca S\u00e1ra (1 sz\u00e1mban d\u00f6nt\u0151),\nGerberi Bal\u00e1zs (1 sz\u00e1mban d\u00f6nt\u0151), illetve Nagy Marcell P\u00e9ter, M\u00e1rkus Zsombor,\nBern\u00e1th Blanka, Hal\u00e1sz Bende, R\u00e1cz Maggie.<\/p>\n\n\n\n<ul class=\"wp-block-list\"><li>&nbsp;Nagy gratul\u00e1ci\u00f3 j\u00e1r a miskolci \u00fasz\u00f3knak, akik ism\u00e9t bizony\u00edtott\u00e1k,\nhogy komoly er\u0151t k\u00e9pviselnek a t\u00e9rs\u00e9gben. \u2013 fogalmazott Sajg\u00f3 L\u00e1szl\u00f3, a\nMiskolci Sportiskola \u00fasz\u00e1s szakoszt\u00e1ly\u00e1nak vezet\u0151je, egyben edz\u0151je. &#8211; &nbsp;Ez\u00fattal k\u00fcl\u00f6n nem emeln\u00e9k ki senkit, hiszen\nt\u00f6bb versenyz\u0151 is mutatott nagyon sz\u00e9p megold\u00e1sokat, kiv\u00e1l\u00f3 versenyz\u00e9seket. Ami\na legfontosabb: az \u00e9remszerz\u0151k mellett 14 sportol\u00f3nk tudott d\u00f6nt\u0151be ker\u00fclni. Elmondhat\u00f3,\nhogy a tapasztalatszerz\u00e9st \u00e9s a felk\u00e9sz\u00fcl\u00e9st is j\u00f3l szolg\u00e1lta ez a k\u00e9tnapos er\u0151pr\u00f3ba.\nKij\u00e1r a k\u00f6sz\u00f6net a t\u00e1mogat\u00f3 sz\u00fcl\u0151knek, akik mindig a csapat mellett \u00e1llnak. K\u00f6sz\u00f6n\u00f6m\nkiv\u00e1l\u00f3 edz\u0151 koll\u00e9g\u00e1im, Firtk\u00f3 Ad\u00e9l, H\u00eddv\u00e9gi Georgina, Simon Gy\u00f6rgyi, valamint az\negri egyetem edz\u0151i szak\u00e1n tanul\u00f3 Nagy Gerg\u0151 P\u00e9ter, tov\u00e1bb\u00e1 Jur\u00e1k \u00c1rp\u00e1d sport-\n\u00e9s gy\u00f3gymassz\u0151r \u00e1ldozatos munk\u00e1j\u00e1t. <\/li><\/ul>\n\n\n\n<figure class=\"wp-block-image size-large\"><a href=\"https:\/\/mvsi.hu\/wp-content\/uploads\/2025\/04\/\u00fasz\u00e1s-Debrecen-\u00faj.jpg\" target=\"_blank\" rel=\"noreferrer noopener\"><img loading=\"lazy\" decoding=\"async\" width=\"1024\" height=\"768\" src=\"https:\/\/mvsi.hu\/wp-content\/uploads\/2025\/04\/\u00fasz\u00e1s-Debrecen-\u00faj-1024x768.jpg\" alt=\"A Miskolci Sportiskol\u00e1sok kiv\u00e1l\u00f3an teljes\u00edtettek Debrecenben\" class=\"wp-image-5246\" srcset=\"https:\/\/mvsi.hu\/wp-content\/uploads\/2025\/04\/\u00fasz\u00e1s-Debrecen-\u00faj-1024x768.jpg 1024w, https:\/\/mvsi.hu\/wp-content\/uploads\/2025\/04\/\u00fasz\u00e1s-Debrecen-\u00faj-300x225.jpg 300w, https:\/\/mvsi.hu\/wp-content\/uploads\/2025\/04\/\u00fasz\u00e1s-Debrecen-\u00faj-768x576.jpg 768w, https:\/\/mvsi.hu\/wp-content\/uploads\/2025\/04\/\u00fasz\u00e1s-Debrecen-\u00faj-1536x1152.jpg 1536w, https:\/\/mvsi.hu\/wp-content\/uploads\/2025\/04\/\u00fasz\u00e1s-Debrecen-\u00faj-360x270.jpg 360w, https:\/\/mvsi.hu\/wp-content\/uploads\/2025\/04\/\u00fasz\u00e1s-Debrecen-\u00faj.jpg 2048w\" sizes=\"auto, (max-width: 1024px) 100vw, 1024px\" \/><\/a><figcaption>A Miskolci Sportiskol\u00e1sok kiv\u00e1l\u00f3an teljes\u00edtettek Debrecenben<\/figcaption><\/figure>\n","protected":false},"excerpt":{"rendered":"<p>A Miskolci Sportiskola \u00fasz\u00e1s szakoszt\u00e1ly\u00e1nak 53 sportol\u00f3ja \u00e1prilis 26-27-\u00e9n Debrecenben, a Haj\u00f3s Alfr\u00e9d Kupa II. fordul\u00f3j\u00e1n \u00e1lltak rajtk\u0151re, ahol 6 koroszt\u00e1lyos kateg\u00f3ri\u00e1ban m\u00e9rt\u00e9k \u00f6ssze tud\u00e1sukat a nevez\u0151k. A versenysorozat aktu\u00e1lis \u00e1llom\u00e1sa hatalmas \u00e9rdekl\u0151d\u00e9s mellett zajlott, hiszen k\u00f6zel 40 egyes\u00fclet, \u00f6sszesen 659 sportol\u00f3ja vett r\u00e9szt az esem\u00e9nyen. A 2014-ben sz\u00fcletettek \u00e9s id\u0151sebbek el\u0151futam-d\u00f6nt\u0151 rendszerben, m\u00edg a [&hellip;]<\/p>\n","protected":false},"author":3,"featured_media":5246,"comment_status":"closed","ping_status":"open","sticky":false,"template":"","format":"standard","meta":{"footnotes":""},"categories":[164],"tags":[],"class_list":["post-5245","post","type-post","status-publish","format-standard","has-post-thumbnail","hentry","category-uszas"],"_links":{"self":[{"href":"https:\/\/mvsi.hu\/index.php?rest_route=\/wp\/v2\/posts\/5245","targetHints":{"allow":["GET"]}}],"collection":[{"href":"https:\/\/mvsi.hu\/index.php?rest_route=\/wp\/v2\/posts"}],"about":[{"href":"https:\/\/mvsi.hu\/index.php?rest_route=\/wp\/v2\/types\/post"}],"author":[{"embeddable":true,"href":"https:\/\/mvsi.hu\/index.php?rest_route=\/wp\/v2\/users\/3"}],"replies":[{"embeddable":true,"href":"https:\/\/mvsi.hu\/index.php?rest_route=%2Fwp%2Fv2%2Fcomments&post=5245"}],"version-history":[{"count":2,"href":"https:\/\/mvsi.hu\/index.php?rest_route=\/wp\/v2\/posts\/5245\/revisions"}],"predecessor-version":[{"id":5249,"href":"https:\/\/mvsi.hu\/index.php?rest_route=\/wp\/v2\/posts\/5245\/revisions\/5249"}],"wp:featuredmedia":[{"embeddable":true,"href":"https:\/\/mvsi.hu\/index.php?rest_route=\/wp\/v2\/media\/5246"}],"wp:attachment":[{"href":"https:\/\/mvsi.hu\/index.php?rest_route=%2Fwp%2Fv2%2Fmedia&parent=5245"}],"wp:term":[{"taxonomy":"category","embeddable":true,"href":"https:\/\/mvsi.hu\/index.php?rest_route=%2Fwp%2Fv2%2Fcategories&post=5245"},{"taxonomy":"post_tag","embeddable":true,"href":"https:\/\/mvsi.hu\/index.php?rest_route=%2Fwp%2Fv2%2Ftags&post=5245"}],"curies":[{"name":"wp","href":"https:\/\/api.w.org\/{rel}","templated":true}]}}