{"id":5261,"date":"2025-05-13T07:18:11","date_gmt":"2025-05-13T07:18:11","guid":{"rendered":"http:\/\/mvsi.hu\/?p=5261"},"modified":"2025-06-06T09:34:39","modified_gmt":"2025-06-06T09:34:39","slug":"egy-egy-ezust-es-bronz-a-szabadfogasu-ob-rol","status":"publish","type":"post","link":"https:\/\/mvsi.hu\/?p=5261","title":{"rendered":"Egy-egy ez\u00fcst \u00e9s bronz a szabadfog\u00e1s\u00fa OB-r\u00f3l"},"content":{"rendered":"\n<p>A DVTK-Miskolci Sportiskola birk\u00f3z\u00f3 szakoszt\u00e1ly\u00e1nak Juh\u00e1sz S\u00e1ndor, Repka Attila, Bacs\u00f3 Alex \u00e9s Szab\u00f3 M\u00e1t\u00e9 \u00e1ltal felk\u00e9sz\u00edtett versenyz\u0151i m\u00e1jus 11-\u00e9n, Dunakeszin l\u00e9ptek sz\u0151nyegre az\u00a0 U15-\u00f6s koroszt\u00e1ly szabadfog\u00e1s\u00fa \u00e9s n\u0151i orsz\u00e1gos bajnoks\u00e1g\u00e1n . A fi\u00fak 68 kg-os, n\u00e9pes mez\u0151ny\u00e9ben Czak\u00f3 Reg\u0151 3 gy\u0151ztes meccs ut\u00e1n a d\u00f6nt\u0151ben alulmaradt, \u00e9s lett ez\u00fcst\u00e9rmes. A +85 kg-os s\u00falycsoportban most deb\u00fct\u00e1l\u00f3 Lovas Marcell az el\u0151d\u00f6nt\u0151ben ugyan veres\u00e9get szenvedett, de a bronzm\u00e9rk\u0151z\u00e9sen legy\u0151zte ellenfel\u00e9t.\u00a0<\/p>\n\n\n\n<p>A DVTK-Miskolci Sportiskola birk\u00f3z\u00f3\nszakoszt\u00e1ly\u00e1nak Juh\u00e1sz S\u00e1ndor, Repka Attila, Bacs\u00f3 Alex \u00e9s Szab\u00f3 M\u00e1t\u00e9 \u00e1ltal\nfelk\u00e9sz\u00edtett versenyz\u0151i m\u00e1jus 11-\u00e9n, Dunakeszin l\u00e9ptek sz\u0151nyegre\naz&nbsp; U15-\u00f6s koroszt\u00e1ly szabadfog\u00e1s\u00fa \u00e9s n\u0151i orsz\u00e1gos bajnoks\u00e1g\u00e1n . A fi\u00fak 68\nkg-os, n\u00e9pes mez\u0151ny\u00e9ben Czak\u00f3 Reg\u0151&nbsp;\nh\u00e1romszor nyert, egyszer veres\u00e9get szenvedett \u00e9s \u00edgy lett ez\u00fcst\u00e9rmes. A\n+85 kg-os s\u00falycsoportban most deb\u00fct\u00e1l\u00f3 Lovas Marcell az el\u0151d\u00f6nt\u0151ben ugyan &nbsp;kikapott, de a bronzm\u00e9rk\u0151z\u00e9sen legy\u0151zte\nellenfel\u00e9t.&nbsp;<\/p>\n\n\n\n<p><strong>Eredm\u00e9nyek<\/strong><\/p>\n\n\n\n<p><strong>Szabadfog\u00e1s\u00fa OB<\/strong><\/p>\n\n\n\n<p><strong>Fi\u00fak:<\/strong><\/p>\n\n\n\n<p><strong>68 kg:<\/strong> 2.\nCzak\u00f3 Reg\u0151<\/p>\n\n\n\n<p><strong>+85 kg:<\/strong> 3. Lovas Marcell.<\/p>\n\n\n\n<p>A DVTK-Miskolci Sportiskola birk\u00f3z\u00f3 szakoszt\u00e1ly\u00e1nak Juh\u00e1sz S\u00e1ndor, Repka Attila, Bacs\u00f3 Alex \u00e9s Szab\u00f3 M\u00e1t\u00e9 \u00e1ltal felk\u00e9sz\u00edtett versenyz\u0151i m\u00e1jus 11-\u00e9n, Dunakeszin l\u00e9ptek sz\u0151nyegre az\u00a0 U15-\u00f6s koroszt\u00e1ly szabadfog\u00e1s\u00fa \u00e9s n\u0151i orsz\u00e1gos bajnoks\u00e1g\u00e1n . A fi\u00fak 68 kg-os, n\u00e9pes mez\u0151ny\u00e9ben Czak\u00f3 Reg\u0151 3 gy\u0151ztes meccs ut\u00e1n a d\u00f6nt\u0151ben alulmaradt, \u00e9s lett ez\u00fcst\u00e9rmes. A +85 kg-os s\u00falycsoportban most deb\u00fct\u00e1l\u00f3 Lovas Marcell az el\u0151d\u00f6nt\u0151ben ugyan veres\u00e9get szenvedett, de a bronzm\u00e9rk\u0151z\u00e9sen legy\u0151zte ellenfel\u00e9t.\u00a0<\/p>\n\n\n\n<p><strong>Eredm\u00e9nyek<\/strong><\/p>\n\n\n\n<p><strong>Szabadfog\u00e1s\u00fa OB<\/strong><\/p>\n\n\n\n<p><strong>Fi\u00fak:<\/strong><\/p>\n\n\n\n<p><strong>68 kg:<\/strong> 2.\nCzak\u00f3 Reg\u0151<\/p>\n\n\n\n<p><strong>+85 kg:<\/strong> 3. Lovas Marcell.<\/p>\n\n\n\n<figure class=\"wp-block-image size-large\"><a href=\"https:\/\/mvsi.hu\/wp-content\/uploads\/2025\/05\/birko-majus11-scaled.jpg\" target=\"_blank\" rel=\"noreferrer noopener\"><img loading=\"lazy\" decoding=\"async\" width=\"1024\" height=\"461\" src=\"https:\/\/mvsi.hu\/wp-content\/uploads\/2025\/05\/birko-majus11-1024x461.jpg\" alt=\"Lovas Marcell (balr\u00f3l), K\u00f3sik Vivien, Juh\u00e1sz S\u00e1ndor edz\u0151, Ol\u00e1h J\u00e1zmin \u00e9s Czak\u00f3 Reg\u0151 Dunakeszin, a magyar bajnoks\u00e1gon.\" class=\"wp-image-5262\" srcset=\"https:\/\/mvsi.hu\/wp-content\/uploads\/2025\/05\/birko-majus11-1024x461.jpg 1024w, https:\/\/mvsi.hu\/wp-content\/uploads\/2025\/05\/birko-majus11-300x135.jpg 300w, https:\/\/mvsi.hu\/wp-content\/uploads\/2025\/05\/birko-majus11-768x346.jpg 768w, https:\/\/mvsi.hu\/wp-content\/uploads\/2025\/05\/birko-majus11-1536x691.jpg 1536w, https:\/\/mvsi.hu\/wp-content\/uploads\/2025\/05\/birko-majus11-2048x922.jpg 2048w, https:\/\/mvsi.hu\/wp-content\/uploads\/2025\/05\/birko-majus11-730x330.jpg 730w\" sizes=\"auto, (max-width: 1024px) 100vw, 1024px\" \/><\/a><figcaption>Lovas Marcell (balr\u00f3l), K\u00f3sik Vivien, Juh\u00e1sz S\u00e1ndor edz\u0151, Ol\u00e1h J\u00e1zmin \u00e9s Czak\u00f3 Reg\u0151 Dunakeszin, a magyar bajnoks\u00e1gon.<\/figcaption><\/figure>\n","protected":false},"excerpt":{"rendered":"<p>A DVTK-Miskolci Sportiskola birk\u00f3z\u00f3 szakoszt\u00e1ly\u00e1nak Juh\u00e1sz S\u00e1ndor, Repka Attila, Bacs\u00f3 Alex \u00e9s Szab\u00f3 M\u00e1t\u00e9 \u00e1ltal felk\u00e9sz\u00edtett versenyz\u0151i m\u00e1jus 11-\u00e9n, Dunakeszin l\u00e9ptek sz\u0151nyegre az\u00a0 U15-\u00f6s koroszt\u00e1ly szabadfog\u00e1s\u00fa \u00e9s n\u0151i orsz\u00e1gos bajnoks\u00e1g\u00e1n . A fi\u00fak 68 kg-os, n\u00e9pes mez\u0151ny\u00e9ben Czak\u00f3 Reg\u0151 3 gy\u0151ztes meccs ut\u00e1n a d\u00f6nt\u0151ben alulmaradt, \u00e9s lett ez\u00fcst\u00e9rmes. A +85 kg-os s\u00falycsoportban most deb\u00fct\u00e1l\u00f3 [&hellip;]<\/p>\n","protected":false},"author":3,"featured_media":5262,"comment_status":"closed","ping_status":"open","sticky":false,"template":"","format":"standard","meta":{"footnotes":""},"categories":[152,166],"tags":[],"class_list":["post-5261","post","type-post","status-publish","format-standard","has-post-thumbnail","hentry","category-birkozas","category-kiemelt"],"_links":{"self":[{"href":"https:\/\/mvsi.hu\/index.php?rest_route=\/wp\/v2\/posts\/5261","targetHints":{"allow":["GET"]}}],"collection":[{"href":"https:\/\/mvsi.hu\/index.php?rest_route=\/wp\/v2\/posts"}],"about":[{"href":"https:\/\/mvsi.hu\/index.php?rest_route=\/wp\/v2\/types\/post"}],"author":[{"embeddable":true,"href":"https:\/\/mvsi.hu\/index.php?rest_route=\/wp\/v2\/users\/3"}],"replies":[{"embeddable":true,"href":"https:\/\/mvsi.hu\/index.php?rest_route=%2Fwp%2Fv2%2Fcomments&post=5261"}],"version-history":[{"count":2,"href":"https:\/\/mvsi.hu\/index.php?rest_route=\/wp\/v2\/posts\/5261\/revisions"}],"predecessor-version":[{"id":5265,"href":"https:\/\/mvsi.hu\/index.php?rest_route=\/wp\/v2\/posts\/5261\/revisions\/5265"}],"wp:featuredmedia":[{"embeddable":true,"href":"https:\/\/mvsi.hu\/index.php?rest_route=\/wp\/v2\/media\/5262"}],"wp:attachment":[{"href":"https:\/\/mvsi.hu\/index.php?rest_route=%2Fwp%2Fv2%2Fmedia&parent=5261"}],"wp:term":[{"taxonomy":"category","embeddable":true,"href":"https:\/\/mvsi.hu\/index.php?rest_route=%2Fwp%2Fv2%2Fcategories&post=5261"},{"taxonomy":"post_tag","embeddable":true,"href":"https:\/\/mvsi.hu\/index.php?rest_route=%2Fwp%2Fv2%2Ftags&post=5261"}],"curies":[{"name":"wp","href":"https:\/\/api.w.org\/{rel}","templated":true}]}}