{"id":5279,"date":"2025-05-19T12:34:44","date_gmt":"2025-05-19T12:34:44","guid":{"rendered":"http:\/\/mvsi.hu\/?p=5279"},"modified":"2025-06-06T09:34:22","modified_gmt":"2025-06-06T09:34:22","slug":"lovas-marcell-magyar-bajnoki-bronzermes-lett","status":"publish","type":"post","link":"https:\/\/mvsi.hu\/?p=5279","title":{"rendered":"Lovas Marcell magyar bajnoki bronz\u00e9rmes lett"},"content":{"rendered":"\n<p>A\nDVTK-Miskolci Sportiskola birk\u00f3z\u00f3 szakoszt\u00e1ly\u00e1nak Juh\u00e1sz S\u00e1ndor, Repka Attila,\nBacs\u00f3 Alex \u00e9s Szab\u00f3 M\u00e1t\u00e9 \u00e1ltal felk\u00e9sz\u00edtett versenyz\u0151i m\u00e1jus 18-\u00e1n, vas\u00e1rnap, Cegl\u00e9den, az U15 korcsoportos\nk\u00f6t\u00f6ttfog\u00e1s\u00fa orsz\u00e1gos bajnoks\u00e1gon vettek r\u00e9szt. Lovas Marcell s\u00falycsoport-\nv\u00e1lt\u00e1s ut\u00e1n,&nbsp;+85 kg-s kateg\u00f3ri\u00e1ban indult. Ugyan testt\u00f6meg\u00e9t illet\u0151en m\u00e9g\nb\u0151ven elmarad versenyt\u00e1rsait\u00f3l, viszont ezt tudta p\u00f3tolni rutinj\u00e1val \u00e9s\nhat\u00e1rozotts\u00e1g\u00e1val. Els\u0151 meccs\u00e9n veres\u00e9get szenvedett a k\u00e9s\u0151bbi bajnokt\u00f3l, de\nezut\u00e1n magabiztosan menetelt a bronzm\u00e9rk\u0151z\u00e9sig, ahol gy\u0151zedelmeskedni tudott.\nCzak\u00f3 Reg\u0151 5. hely\u00e9vel szerzett \u00e9rt\u00e9kes pontokat egyes\u00fclet\u00e9nek.<\/p>\n\n\n\n<p><strong>Eredm\u00e9nyek<\/strong><\/p>\n\n\n\n<p><strong>U15-\u00f6s\nkcs.:<\/strong><\/p>\n\n\n\n<p><strong>68 kg:<\/strong> 5. Czak\u00f3 Reg\u0151<\/p>\n\n\n\n<p><strong>+85 kg<\/strong>: 3. Lovas Marcell.<\/p>\n","protected":false},"excerpt":{"rendered":"<p>A DVTK-Miskolci Sportiskola birk\u00f3z\u00f3 szakoszt\u00e1ly\u00e1nak Juh\u00e1sz S\u00e1ndor, Repka Attila, Bacs\u00f3 Alex \u00e9s Szab\u00f3 M\u00e1t\u00e9 \u00e1ltal felk\u00e9sz\u00edtett versenyz\u0151i m\u00e1jus 18-\u00e1n, vas\u00e1rnap, Cegl\u00e9den, az U15 korcsoportos k\u00f6t\u00f6ttfog\u00e1s\u00fa orsz\u00e1gos bajnoks\u00e1gon vettek r\u00e9szt. Lovas Marcell s\u00falycsoport- v\u00e1lt\u00e1s ut\u00e1n,&nbsp;+85 kg-s kateg\u00f3ri\u00e1ban indult. Ugyan testt\u00f6meg\u00e9t illet\u0151en m\u00e9g b\u0151ven elmarad versenyt\u00e1rsait\u00f3l, viszont ezt tudta p\u00f3tolni rutinj\u00e1val \u00e9s hat\u00e1rozotts\u00e1g\u00e1val. Els\u0151 meccs\u00e9n veres\u00e9get szenvedett [&hellip;]<\/p>\n","protected":false},"author":3,"featured_media":5280,"comment_status":"closed","ping_status":"open","sticky":false,"template":"","format":"standard","meta":{"footnotes":""},"categories":[152,166],"tags":[],"class_list":["post-5279","post","type-post","status-publish","format-standard","has-post-thumbnail","hentry","category-birkozas","category-kiemelt"],"_links":{"self":[{"href":"https:\/\/mvsi.hu\/index.php?rest_route=\/wp\/v2\/posts\/5279","targetHints":{"allow":["GET"]}}],"collection":[{"href":"https:\/\/mvsi.hu\/index.php?rest_route=\/wp\/v2\/posts"}],"about":[{"href":"https:\/\/mvsi.hu\/index.php?rest_route=\/wp\/v2\/types\/post"}],"author":[{"embeddable":true,"href":"https:\/\/mvsi.hu\/index.php?rest_route=\/wp\/v2\/users\/3"}],"replies":[{"embeddable":true,"href":"https:\/\/mvsi.hu\/index.php?rest_route=%2Fwp%2Fv2%2Fcomments&post=5279"}],"version-history":[{"count":1,"href":"https:\/\/mvsi.hu\/index.php?rest_route=\/wp\/v2\/posts\/5279\/revisions"}],"predecessor-version":[{"id":5281,"href":"https:\/\/mvsi.hu\/index.php?rest_route=\/wp\/v2\/posts\/5279\/revisions\/5281"}],"wp:featuredmedia":[{"embeddable":true,"href":"https:\/\/mvsi.hu\/index.php?rest_route=\/wp\/v2\/media\/5280"}],"wp:attachment":[{"href":"https:\/\/mvsi.hu\/index.php?rest_route=%2Fwp%2Fv2%2Fmedia&parent=5279"}],"wp:term":[{"taxonomy":"category","embeddable":true,"href":"https:\/\/mvsi.hu\/index.php?rest_route=%2Fwp%2Fv2%2Fcategories&post=5279"},{"taxonomy":"post_tag","embeddable":true,"href":"https:\/\/mvsi.hu\/index.php?rest_route=%2Fwp%2Fv2%2Ftags&post=5279"}],"curies":[{"name":"wp","href":"https:\/\/api.w.org\/{rel}","templated":true}]}}