{"id":5399,"date":"2025-08-19T14:15:51","date_gmt":"2025-08-19T12:15:51","guid":{"rendered":"https:\/\/mvsi.hu\/?p=5399"},"modified":"2025-08-19T14:15:52","modified_gmt":"2025-08-19T12:15:52","slug":"herczeg-aron-megjutalmazasa","status":"publish","type":"post","link":"https:\/\/mvsi.hu\/?p=5399","title":{"rendered":"Herczeg \u00c1ron megjutalmaz\u00e1sa"},"content":{"rendered":"\n<p>Az \u00f6ttusa sport\u00e1gban jelesked\u0151 Herczeg \u00c1ront fogadta irod\u00e1j\u00e1ban augusztus 18-\u00e1n, h\u00e9tf\u0151n Illy\u00e9s Mikl\u00f3s, a Miskolci Sportiskola \u00fcgyvezet\u0151je. A tal\u00e1lkoz\u00f3 sor\u00e1n az egykori judo olimpikon sportvezet\u0151 gratul\u00e1lt \u00c1ron legut\u00f3bbi nemzetk\u00f6zi sikereihez, a j\u00faniusi, barcelonai U17-es Eur\u00f3pa-bajnoks\u00e1gon csapatban \u00e9s v\u00e1lt\u00f3ban ki\u00e9rdemelt k\u00e9t aranyhoz, valamint a j\u00faliusi, johannesburgi U17-es vil\u00e1gbajnoks\u00e1gon csapatban kiharcolt arany\u00e9remhez. Illy\u00e9s Mikl\u00f3s a gratul\u00e1ci\u00f3 mellett jutalmat is \u00e1tadott a kiv\u00e1l\u00f3 fiatal sportol\u00f3nak.<\/p>\n\n\n\n<figure class=\"wp-block-image size-large\"><img loading=\"lazy\" decoding=\"async\" width=\"768\" height=\"1024\" src=\"https:\/\/mvsi.hu\/wp-content\/uploads\/2025\/08\/Herczeg-A\u0301ron-e\u0301rmekkel-1-768x1024.jpg\" alt=\"Herczeg \u00c1ron megjutalmaz\u00e1sa\" class=\"wp-image-5401\" srcset=\"https:\/\/mvsi.hu\/wp-content\/uploads\/2025\/08\/Herczeg-A\u0301ron-e\u0301rmekkel-1-768x1024.jpg 768w, https:\/\/mvsi.hu\/wp-content\/uploads\/2025\/08\/Herczeg-A\u0301ron-e\u0301rmekkel-1-225x300.jpg 225w, https:\/\/mvsi.hu\/wp-content\/uploads\/2025\/08\/Herczeg-A\u0301ron-e\u0301rmekkel-1-1152x1536.jpg 1152w, https:\/\/mvsi.hu\/wp-content\/uploads\/2025\/08\/Herczeg-A\u0301ron-e\u0301rmekkel-1-1536x2048.jpg 1536w, https:\/\/mvsi.hu\/wp-content\/uploads\/2025\/08\/Herczeg-A\u0301ron-e\u0301rmekkel-1.jpg 1920w\" sizes=\"auto, (max-width: 768px) 100vw, 768px\" \/><\/figure>\n","protected":false},"excerpt":{"rendered":"<p>Az \u00f6ttusa sport\u00e1gban jelesked\u0151 Herczeg \u00c1ront fogadta irod\u00e1j\u00e1ban augusztus 18-\u00e1n, h\u00e9tf\u0151n Illy\u00e9s Mikl\u00f3s, a Miskolci Sportiskola \u00fcgyvezet\u0151je. A tal\u00e1lkoz\u00f3 sor\u00e1n az egykori judo olimpikon sportvezet\u0151 gratul\u00e1lt \u00c1ron legut\u00f3bbi nemzetk\u00f6zi sikereihez, a j\u00faniusi, barcelonai U17-es Eur\u00f3pa-bajnoks\u00e1gon csapatban \u00e9s v\u00e1lt\u00f3ban ki\u00e9rdemelt k\u00e9t aranyhoz, valamint a j\u00faliusi, johannesburgi U17-es vil\u00e1gbajnoks\u00e1gon csapatban kiharcolt arany\u00e9remhez. Illy\u00e9s Mikl\u00f3s a gratul\u00e1ci\u00f3 mellett [&hellip;]<\/p>\n","protected":false},"author":3,"featured_media":5400,"comment_status":"closed","ping_status":"open","sticky":false,"template":"","format":"standard","meta":{"footnotes":""},"categories":[160],"tags":[],"class_list":["post-5399","post","type-post","status-publish","format-standard","has-post-thumbnail","hentry","category-ottusa"],"_links":{"self":[{"href":"https:\/\/mvsi.hu\/index.php?rest_route=\/wp\/v2\/posts\/5399","targetHints":{"allow":["GET"]}}],"collection":[{"href":"https:\/\/mvsi.hu\/index.php?rest_route=\/wp\/v2\/posts"}],"about":[{"href":"https:\/\/mvsi.hu\/index.php?rest_route=\/wp\/v2\/types\/post"}],"author":[{"embeddable":true,"href":"https:\/\/mvsi.hu\/index.php?rest_route=\/wp\/v2\/users\/3"}],"replies":[{"embeddable":true,"href":"https:\/\/mvsi.hu\/index.php?rest_route=%2Fwp%2Fv2%2Fcomments&post=5399"}],"version-history":[{"count":1,"href":"https:\/\/mvsi.hu\/index.php?rest_route=\/wp\/v2\/posts\/5399\/revisions"}],"predecessor-version":[{"id":5402,"href":"https:\/\/mvsi.hu\/index.php?rest_route=\/wp\/v2\/posts\/5399\/revisions\/5402"}],"wp:featuredmedia":[{"embeddable":true,"href":"https:\/\/mvsi.hu\/index.php?rest_route=\/wp\/v2\/media\/5400"}],"wp:attachment":[{"href":"https:\/\/mvsi.hu\/index.php?rest_route=%2Fwp%2Fv2%2Fmedia&parent=5399"}],"wp:term":[{"taxonomy":"category","embeddable":true,"href":"https:\/\/mvsi.hu\/index.php?rest_route=%2Fwp%2Fv2%2Fcategories&post=5399"},{"taxonomy":"post_tag","embeddable":true,"href":"https:\/\/mvsi.hu\/index.php?rest_route=%2Fwp%2Fv2%2Ftags&post=5399"}],"curies":[{"name":"wp","href":"https:\/\/api.w.org\/{rel}","templated":true}]}}