{"id":5569,"date":"2026-03-16T10:18:44","date_gmt":"2026-03-16T09:18:44","guid":{"rendered":"https:\/\/mvsi.hu\/?p=5569"},"modified":"2026-03-16T10:18:45","modified_gmt":"2026-03-16T09:18:45","slug":"olah-jazmin-nagy-lepese","status":"publish","type":"post","link":"https:\/\/mvsi.hu\/?p=5569","title":{"rendered":"Ol\u00e1h J\u00e1zmin nagy l\u00e9p\u00e9se"},"content":{"rendered":"\n<p>A DVTK-Miskolci Sportiskola birk\u00f3z\u00f3 szakoszt\u00e1ly\u00e1nak versenyz\u0151i Soltvadkerten l\u00e9ptek sz\u0151nyegre a m\u00e1sodik U15-\u00f6s v\u00e1logat\u00f3 versenyen.<\/p>\n\n\n\n<p>A n\u0151i versenyz\u0151k valamint a k\u00f6t\u00f6ttfog\u00e1s\u00fa szak\u00e1g sz\u00e1m\u00e1ra rendezt\u00e9k a viadalt \u00e9s a miskolci k\u00fcl\u00f6n\u00edtm\u00e9ny n\u00e9gy pontszerz\u0151 hellyel lett gazdagabb.<br>K\u00f6z\u00fcl\u00fck Ol\u00e1h J\u00e1zmin megnyerte a m\u00e1sodik v\u00e1logat\u00f3 verseny\u00e9t is, amivel nagy l\u00e9p\u00e9st tett afel\u00e9, hogy \u0151 k\u00e9pviselje ebben a s\u00falycsoportban Magyarorsz\u00e1got az U15-\u00f6s Eur\u00f3pa-bajnoks\u00e1gon.<\/p>\n\n\n\n<p>U15 k\u00f6t\u00f6ttfog\u00e1s\u00fa \u00e9s n\u0151i v\u00e1logat\u00f3verseny, Soltvadkert V\u00e1rosi Sportcsarnok<br>N\u0151k<br>58 kg: 1. Ol\u00e1h J\u00e1zmin<br>K\u00f6t\u00f6ttfog\u00e1s<br>44 kg: 5. Tirp\u00e1k D\u00e1vid<br>52 kg: 3. Hal\u00e1sz B\u00e1lint<br>68 kg: 3. B\u00edr\u00f3 Vince<\/p>\n","protected":false},"excerpt":{"rendered":"<p>A DVTK-Miskolci Sportiskola birk\u00f3z\u00f3 szakoszt\u00e1ly\u00e1nak versenyz\u0151i Soltvadkerten l\u00e9ptek sz\u0151nyegre a m\u00e1sodik U15-\u00f6s v\u00e1logat\u00f3 versenyen. A n\u0151i versenyz\u0151k valamint a k\u00f6t\u00f6ttfog\u00e1s\u00fa szak\u00e1g sz\u00e1m\u00e1ra rendezt\u00e9k a viadalt \u00e9s a miskolci k\u00fcl\u00f6n\u00edtm\u00e9ny n\u00e9gy pontszerz\u0151 hellyel lett gazdagabb.K\u00f6z\u00fcl\u00fck Ol\u00e1h J\u00e1zmin megnyerte a m\u00e1sodik v\u00e1logat\u00f3 verseny\u00e9t is, amivel nagy l\u00e9p\u00e9st tett afel\u00e9, hogy \u0151 k\u00e9pviselje ebben a s\u00falycsoportban Magyarorsz\u00e1got az [&hellip;]<\/p>\n","protected":false},"author":3,"featured_media":5570,"comment_status":"closed","ping_status":"open","sticky":false,"template":"","format":"standard","meta":{"footnotes":""},"categories":[152],"tags":[],"class_list":["post-5569","post","type-post","status-publish","format-standard","has-post-thumbnail","hentry","category-birkozas"],"_links":{"self":[{"href":"https:\/\/mvsi.hu\/index.php?rest_route=\/wp\/v2\/posts\/5569","targetHints":{"allow":["GET"]}}],"collection":[{"href":"https:\/\/mvsi.hu\/index.php?rest_route=\/wp\/v2\/posts"}],"about":[{"href":"https:\/\/mvsi.hu\/index.php?rest_route=\/wp\/v2\/types\/post"}],"author":[{"embeddable":true,"href":"https:\/\/mvsi.hu\/index.php?rest_route=\/wp\/v2\/users\/3"}],"replies":[{"embeddable":true,"href":"https:\/\/mvsi.hu\/index.php?rest_route=%2Fwp%2Fv2%2Fcomments&post=5569"}],"version-history":[{"count":1,"href":"https:\/\/mvsi.hu\/index.php?rest_route=\/wp\/v2\/posts\/5569\/revisions"}],"predecessor-version":[{"id":5571,"href":"https:\/\/mvsi.hu\/index.php?rest_route=\/wp\/v2\/posts\/5569\/revisions\/5571"}],"wp:featuredmedia":[{"embeddable":true,"href":"https:\/\/mvsi.hu\/index.php?rest_route=\/wp\/v2\/media\/5570"}],"wp:attachment":[{"href":"https:\/\/mvsi.hu\/index.php?rest_route=%2Fwp%2Fv2%2Fmedia&parent=5569"}],"wp:term":[{"taxonomy":"category","embeddable":true,"href":"https:\/\/mvsi.hu\/index.php?rest_route=%2Fwp%2Fv2%2Fcategories&post=5569"},{"taxonomy":"post_tag","embeddable":true,"href":"https:\/\/mvsi.hu\/index.php?rest_route=%2Fwp%2Fv2%2Ftags&post=5569"}],"curies":[{"name":"wp","href":"https:\/\/api.w.org\/{rel}","templated":true}]}}